{"id":9298,"date":"2023-06-22T13:01:09","date_gmt":"2023-06-22T11:01:09","guid":{"rendered":"https:\/\/interzero.pl\/blog\/interzero-2023-environmental-conference-registration-is-open\/"},"modified":"2023-06-22T13:05:55","modified_gmt":"2023-06-22T11:05:55","slug":"interzero-2023-environmental-conference-registration-is-open","status":"publish","type":"post","link":"https:\/\/interzero.pl\/en\/blog\/interzero-2023-environmental-conference-registration-is-open\/","title":{"rendered":"Interzero 2023 Environmental Conference - registration is open!"},"content":{"rendered":"<div class=\"wpb-content-wrapper\"><div data-parent=\"true\" class=\"vc_row row-container\" id=\"row-unique-0\"><div class=\"row limit-width row-parent\"><div class=\"wpb_row row-inner\"><div class=\"wpb_column pos-top pos-center align_left column_parent col-lg-12 single-internal-gutter\"><div class=\"uncol style-light\"  ><div class=\"uncoltable\"><div class=\"uncell no-block-padding\" ><div class=\"uncont\" ><\/div><\/div><\/div><\/div><\/div><script id=\"script-row-unique-0\" data-row=\"script-row-unique-0\" type=\"text\/javascript\" class=\"vc_controls\">UNCODE.initRow(document.getElementById(\"row-unique-0\"));<\/script><\/div><\/div><\/div><div data-parent=\"true\" class=\"vc_row row-container\" id=\"row-unique-1\"><div class=\"row limit-width row-parent\"><div class=\"wpb_row row-inner\"><div class=\"wpb_column pos-top pos-center align_left column_parent col-lg-6 single-internal-gutter\"><div class=\"uncol style-light\"  ><div class=\"uncoltable\"><div class=\"uncell no-block-padding\" ><div class=\"uncont\" ><div class=\"uncode-single-media  text-left\"><div class=\"single-wrapper\" style=\"max-width: 100%;\"><div class=\"tmb tmb-light  tmb-media-first tmb-media-last tmb-content-overlay tmb-no-bg\"><div class=\"t-inside\"><div class=\"t-entry-visual\"><div class=\"t-entry-visual-tc\"><div class=\"uncode-single-media-wrapper\"><img decoding=\"async\" class=\"wp-image-9294\" src=\"https:\/\/interzero.pl\/wp-content\/uploads\/sites\/12\/2023\/06\/4_3-jpg.webp\" width=\"1600\" height=\"1200\" alt=\"\" srcset=\"https:\/\/interzero.pl\/wp-content\/uploads\/sites\/12\/2023\/06\/4_3-jpg.webp 1600w, https:\/\/interzero.pl\/wp-content\/uploads\/sites\/12\/2023\/06\/4_3-300x225.webp 300w, https:\/\/interzero.pl\/wp-content\/uploads\/sites\/12\/2023\/06\/4_3-1024x768.webp 1024w, https:\/\/interzero.pl\/wp-content\/uploads\/sites\/12\/2023\/06\/4_3-768x576.webp 768w, https:\/\/interzero.pl\/wp-content\/uploads\/sites\/12\/2023\/06\/4_3-1536x1152.webp 1536w, https:\/\/interzero.pl\/wp-content\/uploads\/sites\/12\/2023\/06\/4_3-350x263.webp 350w\" sizes=\"(max-width: 1600px) 100vw, 1600px\" \/><\/div>\n\t\t\t\t\t<\/div>\n\t\t\t\t<\/div><\/div><\/div><\/div><\/div><\/div><\/div><\/div><\/div><\/div><div class=\"wpb_column pos-top pos-center align_left column_parent col-lg-6 single-internal-gutter\"><div class=\"uncol style-light\"  ><div class=\"uncoltable\"><div class=\"uncell no-block-padding\" ><div class=\"uncont\" ><div class=\"uncode_text_column\" ><\/p>\n<h3>Interzero 2023 Environmental Conference - registration open!<\/h3>\n<p>You are cordially invited to <strong>10th Edition of the Interzero Environmental Conference,<\/strong> during which we will discuss the current situation in the environmental sector, the upcoming challenges and opportunities for development.<\/p>\n<p>The event will take place on <strong>13-15 September 2023<\/strong> year, at the Hotel Belmonte in Krynica Zdr\u00f3j.<\/p>\n<p>During the conference, participants will learn more about:<\/p>\n<ul>\n<li>Bail system and its implications for business,<\/li>\n<li>Eco-modulation and eco-design,<\/li>\n<li>Single-Use Plastics Directives,<\/li>\n<li>Waste segregation,<\/li>\n<li>Textiles,<\/li>\n<li>Labelling on packaging,<\/li>\n<li>Eco-devices.<\/li>\n<\/ul>\n<p>If you would like to find out more about the Environmental Conference 2023 or purchase a ticket, please visit our website <a href=\"https:\/\/wydarzenia.interzero.pl\/wydarzenia_interzero\/konferencja-srodowiskowa-2023\/\"><strong>HERE<\/strong><\/a><\/p>\n<p><strong>Don't delay! Places are limited!<\/strong><\/p>\n<\/div><\/div><\/div><\/div><\/div><\/div><script id=\"script-row-unique-1\" data-row=\"script-row-unique-1\" type=\"text\/javascript\" class=\"vc_controls\">UNCODE.initRow(document.getElementById(\"row-unique-1\"));<\/script><\/div><\/div><\/div>\n<\/div>","protected":false},"excerpt":{"rendered":"<p>We cordially invite you to the 10th edition of the Interzero Environmental Conference, during which we will talk about the current situation in the environmental protection industry, upcoming challenges and development opportunities. The event will take place on September 13-15, 2023, at the Belmonte Hotel in Krynica Zdr\u00f3j. Ticket sales open! Don't delay your purchase - the number of places is limited!<\/p>","protected":false},"author":6,"featured_media":9294,"comment_status":"closed","ping_status":"closed","sticky":false,"template":"","format":"standard","meta":{"_acf_changed":false,"inline_featured_image":false,"footnotes":""},"categories":[82],"tags":[],"class_list":["post-9298","post","type-post","status-publish","format-standard","has-post-thumbnail","hentry","category-uncategorized"],"acf":[],"cp_meta_data":{"_yoast_wpseo_primary_category":[""],"_wpml_media_duplicate":["1"],"_wpml_media_featured":["1"],"_top_nav_excluded":[""],"_cms_nav_minihome":[""],"_thumbnail_id":["9294"],"_uncode_secondary_thumbnail_id":["0"],"_uncode_header_height":["a:2:{i:0;s:2:\"50\";i:1;s:1:\"%\";}"],"_uncode_header_align":["left"],"_uncode_specific_menu_opaque":["off"],"_uncode_blocks_list":["5704"],"_uncode_header_title":["on"],"_uncode_header_style":["dark"],"_uncode_header_content_width":["off"],"_uncode_header_custom_width":["100"],"_uncode_header_position":["header-center header-middle"],"_uncode_header_title_size":["h1"],"_uncode_header_title_italic":["off"],"_uncode_header_title_custom":["off"],"_uncode_header_featured":["on"],"_uncode_header_parallax":["off"],"_uncode_header_overlay_color_alpha":["100"],"_uncode_header_scroll_opacity":["off"],"_uncode_header_scrolldown":["off"],"_uncode_sidebar_position":["sidebar_right"],"_uncode_sidebar_size":["4"],"_uncode_sidebar_fill":["off"],"_uncode_header_type":["header_uncodeblock"],"_uncode_header_full_width":["on"],"_uncode_specific_menu_no_shadow":["off"],"_uncode_header_background":["a:6:{s:16:\"background-color\";s:10:\"color-wayh\";s:17:\"background-repeat\";s:0:\"\";s:21:\"background-attachment\";s:0:\"\";s:19:\"background-position\";s:0:\"\";s:15:\"background-size\";s:0:\"\";s:16:\"background-image\";s:0:\"\";}"],"_uncode_sidebar_sticky":["off"],"_uncode_menu_no_padding":["on"],"_uncode_menu_no_padding_mobile":["off"],"_uncode_fullpage_type":["curtain"],"_uncode_fullpage_opacity":["off"],"_uncode_scroll_dots":["off"],"_uncode_empty_dots":["off"],"_uncode_scroll_history":["off"],"_uncode_scroll_safe_padding":["on"],"_uncode_scroll_additional_padding":["0"],"_uncode_fullpage_mobile":["off"],"_uncode_scroll_snap":["off"],"_uncode_specific_layout_width_custom":["a:2:{i:0;s:0:\"\";i:1;s:2:\"px\";}"],"_uncode_specific_media":["off"],"_uncode_specific_tags_align":["left"],"_last_translation_edit_mode":["translation-editor"],"_wpml_word_count":["{\"total\":190,\"to_translate\":{\"pl\":190}}"]},"yoast_head":"<!-- This site is optimized with the Yoast SEO plugin v26.4 - https:\/\/yoast.com\/wordpress\/plugins\/seo\/ -->\n<title>Aktualno\u015bci Interzero | Najnowsze informacje, wydarzenia i newsy z \u017cycia firmy<\/title>\n<meta name=\"description\" content=\"B\u0105d\u017a na bie\u017c\u0105co! Sprawd\u017a aktualno\u015bci z naszej firmy \u2014 poznaj najnowsze newsy, informacje o zatrudnieniu, nowych us\u0142ugach oraz wydarzeniach, w kt\u00f3rych uczestniczymy.\" \/>\n<meta name=\"robots\" content=\"index, follow, max-snippet:-1, max-image-preview:large, max-video-preview:-1\" \/>\n<link rel=\"canonical\" href=\"https:\/\/interzero.pl\/en\/blog\/interzero-2023-environmental-conference-registration-is-open\/\" \/>\n<meta property=\"og:locale\" content=\"en_GB\" \/>\n<meta property=\"og:type\" content=\"article\" \/>\n<meta property=\"og:title\" content=\"Aktualno\u015bci Interzero | Najnowsze informacje, wydarzenia i newsy z \u017cycia firmy\" \/>\n<meta property=\"og:description\" content=\"B\u0105d\u017a na bie\u017c\u0105co! Sprawd\u017a aktualno\u015bci z naszej firmy \u2014 poznaj najnowsze newsy, informacje o zatrudnieniu, nowych us\u0142ugach oraz wydarzeniach, w kt\u00f3rych uczestniczymy.\" \/>\n<meta property=\"og:url\" content=\"https:\/\/interzero.pl\/en\/blog\/interzero-2023-environmental-conference-registration-is-open\/\" \/>\n<meta property=\"og:site_name\" content=\"Interzero Polska\" \/>\n<meta property=\"article:publisher\" content=\"https:\/\/www.facebook.com\/InterzeroPolska\" \/>\n<meta property=\"article:author\" content=\"Wiertnicza 165\" \/>\n<meta property=\"article:published_time\" content=\"2023-06-22T11:01:09+00:00\" \/>\n<meta property=\"article:modified_time\" content=\"2023-06-22T11:05:55+00:00\" \/>\n<meta property=\"og:image\" content=\"https:\/\/interzero.pl\/wp-content\/uploads\/sites\/12\/2023\/06\/4_3-jpg.webp\" \/>\n\t<meta property=\"og:image:width\" content=\"1600\" \/>\n\t<meta property=\"og:image:height\" content=\"1200\" \/>\n\t<meta property=\"og:image:type\" content=\"image\/jpeg\" \/>\n<meta name=\"author\" content=\"Alicja Bre\u015b\" \/>\n<meta name=\"twitter:card\" content=\"summary_large_image\" \/>\n<meta name=\"twitter:label1\" content=\"Written by\" \/>\n\t<meta name=\"twitter:data1\" content=\"Alicja Bre\u015b\" \/>\n\t<meta name=\"twitter:label2\" content=\"Estimated reading time\" \/>\n\t<meta name=\"twitter:data2\" content=\"1 minute\" \/>\n<script type=\"application\/ld+json\" class=\"yoast-schema-graph\">{\"@context\":\"https:\/\/schema.org\",\"@graph\":[{\"@type\":\"Article\",\"@id\":\"https:\/\/interzero.pl\/blog\/interzero-2023-environmental-conference-registration-is-open\/#article\",\"isPartOf\":{\"@id\":\"https:\/\/interzero.pl\/blog\/interzero-2023-environmental-conference-registration-is-open\/\"},\"author\":{\"name\":\"Alicja Bre\u015b\",\"@id\":\"https:\/\/interzero.pl\/#\/schema\/person\/bee6346cf79614311a93e78b72b564ef\"},\"headline\":\"Interzero 2023 Environmental Conference &#8211; registration is open!\",\"datePublished\":\"2023-06-22T11:01:09+00:00\",\"dateModified\":\"2023-06-22T11:05:55+00:00\",\"mainEntityOfPage\":{\"@id\":\"https:\/\/interzero.pl\/blog\/interzero-2023-environmental-conference-registration-is-open\/\"},\"wordCount\":157,\"publisher\":{\"@id\":\"https:\/\/interzero.pl\/#organization\"},\"image\":{\"@id\":\"https:\/\/interzero.pl\/blog\/interzero-2023-environmental-conference-registration-is-open\/#primaryimage\"},\"thumbnailUrl\":\"https:\/\/interzero.pl\/wp-content\/uploads\/sites\/12\/2023\/06\/4_3-jpg.webp\",\"articleSection\":[\"Uncategorized\"],\"inLanguage\":\"en-GB\"},{\"@type\":\"WebPage\",\"@id\":\"https:\/\/interzero.pl\/blog\/interzero-2023-environmental-conference-registration-is-open\/\",\"url\":\"https:\/\/interzero.pl\/blog\/interzero-2023-environmental-conference-registration-is-open\/\",\"name\":\"Aktualno\u015bci Interzero | Najnowsze informacje, wydarzenia i newsy z \u017cycia firmy\",\"isPartOf\":{\"@id\":\"https:\/\/interzero.pl\/#website\"},\"primaryImageOfPage\":{\"@id\":\"https:\/\/interzero.pl\/blog\/interzero-2023-environmental-conference-registration-is-open\/#primaryimage\"},\"image\":{\"@id\":\"https:\/\/interzero.pl\/blog\/interzero-2023-environmental-conference-registration-is-open\/#primaryimage\"},\"thumbnailUrl\":\"https:\/\/interzero.pl\/wp-content\/uploads\/sites\/12\/2023\/06\/4_3-jpg.webp\",\"datePublished\":\"2023-06-22T11:01:09+00:00\",\"dateModified\":\"2023-06-22T11:05:55+00:00\",\"description\":\"B\u0105d\u017a na bie\u017c\u0105co! Sprawd\u017a aktualno\u015bci z naszej firmy \u2014 poznaj najnowsze newsy, informacje o zatrudnieniu, nowych us\u0142ugach oraz wydarzeniach, w kt\u00f3rych uczestniczymy.\",\"breadcrumb\":{\"@id\":\"https:\/\/interzero.pl\/blog\/interzero-2023-environmental-conference-registration-is-open\/#breadcrumb\"},\"inLanguage\":\"en-GB\",\"potentialAction\":[{\"@type\":\"ReadAction\",\"target\":[\"https:\/\/interzero.pl\/blog\/interzero-2023-environmental-conference-registration-is-open\/\"]}]},{\"@type\":\"ImageObject\",\"inLanguage\":\"en-GB\",\"@id\":\"https:\/\/interzero.pl\/blog\/interzero-2023-environmental-conference-registration-is-open\/#primaryimage\",\"url\":\"https:\/\/interzero.pl\/wp-content\/uploads\/sites\/12\/2023\/06\/4_3-jpg.webp\",\"contentUrl\":\"https:\/\/interzero.pl\/wp-content\/uploads\/sites\/12\/2023\/06\/4_3-jpg.webp\",\"width\":1600,\"height\":1200},{\"@type\":\"BreadcrumbList\",\"@id\":\"https:\/\/interzero.pl\/blog\/interzero-2023-environmental-conference-registration-is-open\/#breadcrumb\",\"itemListElement\":[{\"@type\":\"ListItem\",\"position\":1,\"name\":\"Home\",\"item\":\"https:\/\/interzero.pl\/\"},{\"@type\":\"ListItem\",\"position\":2,\"name\":\"Interzero 2023 Environmental Conference &#8211; registration is open!\"}]},{\"@type\":\"WebSite\",\"@id\":\"https:\/\/interzero.pl\/#website\",\"url\":\"https:\/\/interzero.pl\/\",\"name\":\"Interzero Polska | Rozwi\u0105zania dla \u015bwiata bez odpad\u00f3w\",\"description\":\"Dostarczamy innowacyjne i kompleksowe rozwi\u0105zania  w zakresie ochrony \u015brodowiska.\",\"publisher\":{\"@id\":\"https:\/\/interzero.pl\/#organization\"},\"potentialAction\":[{\"@type\":\"SearchAction\",\"target\":{\"@type\":\"EntryPoint\",\"urlTemplate\":\"https:\/\/interzero.pl\/?s={search_term_string}\"},\"query-input\":{\"@type\":\"PropertyValueSpecification\",\"valueRequired\":true,\"valueName\":\"search_term_string\"}}],\"inLanguage\":\"en-GB\"},{\"@type\":\"Organization\",\"@id\":\"https:\/\/interzero.pl\/#organization\",\"name\":\"Interzero Polska\",\"url\":\"https:\/\/interzero.pl\/\",\"logo\":{\"@type\":\"ImageObject\",\"inLanguage\":\"en-GB\",\"@id\":\"https:\/\/interzero.pl\/#\/schema\/logo\/image\/\",\"url\":\"https:\/\/interzero.pl\/wp-content\/uploads\/sites\/12\/2024\/07\/Interzero.png\",\"contentUrl\":\"https:\/\/interzero.pl\/wp-content\/uploads\/sites\/12\/2024\/07\/Interzero.png\",\"width\":1920,\"height\":1080,\"caption\":\"Interzero Polska\"},\"image\":{\"@id\":\"https:\/\/interzero.pl\/#\/schema\/logo\/image\/\"},\"sameAs\":[\"https:\/\/www.facebook.com\/InterzeroPolska\",\"https:\/\/www.linkedin.com\/company\/interzero-zero-waste-solutions\/\"]},{\"@type\":\"Person\",\"@id\":\"https:\/\/interzero.pl\/#\/schema\/person\/bee6346cf79614311a93e78b72b564ef\",\"name\":\"Alicja Bre\u015b\",\"sameAs\":[\"Wiertnicza 165\"]}]}<\/script>\n<!-- \/ Yoast SEO plugin. -->","yoast_head_json":{"title":"Interzero news | Latest news, events and company news","description":"Keep up to date! Check out news from our company - find out the latest news, employment information, new services and events we are attending.","robots":{"index":"index","follow":"follow","max-snippet":"max-snippet:-1","max-image-preview":"max-image-preview:large","max-video-preview":"max-video-preview:-1"},"canonical":"https:\/\/interzero.pl\/en\/blog\/interzero-2023-environmental-conference-registration-is-open\/","og_locale":"en_GB","og_type":"article","og_title":"Aktualno\u015bci Interzero | Najnowsze informacje, wydarzenia i newsy z \u017cycia firmy","og_description":"B\u0105d\u017a na bie\u017c\u0105co! Sprawd\u017a aktualno\u015bci z naszej firmy \u2014 poznaj najnowsze newsy, informacje o zatrudnieniu, nowych us\u0142ugach oraz wydarzeniach, w kt\u00f3rych uczestniczymy.","og_url":"https:\/\/interzero.pl\/en\/blog\/interzero-2023-environmental-conference-registration-is-open\/","og_site_name":"Interzero Polska","article_publisher":"https:\/\/www.facebook.com\/InterzeroPolska","article_author":"Wiertnicza 165","article_published_time":"2023-06-22T11:01:09+00:00","article_modified_time":"2023-06-22T11:05:55+00:00","og_image":[{"width":1600,"height":1200,"url":"https:\/\/interzero.pl\/wp-content\/uploads\/sites\/12\/2023\/06\/4_3-jpg.webp","type":"image\/jpeg"}],"author":"Alicja Bre\u015b","twitter_card":"summary_large_image","twitter_misc":{"Written by":"Alicja Bre\u015b","Estimated reading time":"1 minute"},"schema":{"@context":"https:\/\/schema.org","@graph":[{"@type":"Article","@id":"https:\/\/interzero.pl\/blog\/interzero-2023-environmental-conference-registration-is-open\/#article","isPartOf":{"@id":"https:\/\/interzero.pl\/blog\/interzero-2023-environmental-conference-registration-is-open\/"},"author":{"name":"Alicja Bre\u015b","@id":"https:\/\/interzero.pl\/#\/schema\/person\/bee6346cf79614311a93e78b72b564ef"},"headline":"Interzero 2023 Environmental Conference &#8211; registration is open!","datePublished":"2023-06-22T11:01:09+00:00","dateModified":"2023-06-22T11:05:55+00:00","mainEntityOfPage":{"@id":"https:\/\/interzero.pl\/blog\/interzero-2023-environmental-conference-registration-is-open\/"},"wordCount":157,"publisher":{"@id":"https:\/\/interzero.pl\/#organization"},"image":{"@id":"https:\/\/interzero.pl\/blog\/interzero-2023-environmental-conference-registration-is-open\/#primaryimage"},"thumbnailUrl":"https:\/\/interzero.pl\/wp-content\/uploads\/sites\/12\/2023\/06\/4_3-jpg.webp","articleSection":["Uncategorized"],"inLanguage":"en-GB"},{"@type":"WebPage","@id":"https:\/\/interzero.pl\/blog\/interzero-2023-environmental-conference-registration-is-open\/","url":"https:\/\/interzero.pl\/blog\/interzero-2023-environmental-conference-registration-is-open\/","name":"Interzero news | Latest news, events and company news","isPartOf":{"@id":"https:\/\/interzero.pl\/#website"},"primaryImageOfPage":{"@id":"https:\/\/interzero.pl\/blog\/interzero-2023-environmental-conference-registration-is-open\/#primaryimage"},"image":{"@id":"https:\/\/interzero.pl\/blog\/interzero-2023-environmental-conference-registration-is-open\/#primaryimage"},"thumbnailUrl":"https:\/\/interzero.pl\/wp-content\/uploads\/sites\/12\/2023\/06\/4_3-jpg.webp","datePublished":"2023-06-22T11:01:09+00:00","dateModified":"2023-06-22T11:05:55+00:00","description":"Keep up to date! Check out news from our company - find out the latest news, employment information, new services and events we are attending.","breadcrumb":{"@id":"https:\/\/interzero.pl\/blog\/interzero-2023-environmental-conference-registration-is-open\/#breadcrumb"},"inLanguage":"en-GB","potentialAction":[{"@type":"ReadAction","target":["https:\/\/interzero.pl\/blog\/interzero-2023-environmental-conference-registration-is-open\/"]}]},{"@type":"ImageObject","inLanguage":"en-GB","@id":"https:\/\/interzero.pl\/blog\/interzero-2023-environmental-conference-registration-is-open\/#primaryimage","url":"https:\/\/interzero.pl\/wp-content\/uploads\/sites\/12\/2023\/06\/4_3-jpg.webp","contentUrl":"https:\/\/interzero.pl\/wp-content\/uploads\/sites\/12\/2023\/06\/4_3-jpg.webp","width":1600,"height":1200},{"@type":"BreadcrumbList","@id":"https:\/\/interzero.pl\/blog\/interzero-2023-environmental-conference-registration-is-open\/#breadcrumb","itemListElement":[{"@type":"ListItem","position":1,"name":"Home","item":"https:\/\/interzero.pl\/"},{"@type":"ListItem","position":2,"name":"Interzero 2023 Environmental Conference &#8211; registration is open!"}]},{"@type":"WebSite","@id":"https:\/\/interzero.pl\/#website","url":"https:\/\/interzero.pl\/","name":"Interzero Polska | Solutions for a world without waste","description":"We provide innovative and comprehensive environmental solutions.","publisher":{"@id":"https:\/\/interzero.pl\/#organization"},"potentialAction":[{"@type":"SearchAction","target":{"@type":"EntryPoint","urlTemplate":"https:\/\/interzero.pl\/?s={search_term_string}"},"query-input":{"@type":"PropertyValueSpecification","valueRequired":true,"valueName":"search_term_string"}}],"inLanguage":"en-GB"},{"@type":"Organization","@id":"https:\/\/interzero.pl\/#organization","name":"Interzero Poland","url":"https:\/\/interzero.pl\/","logo":{"@type":"ImageObject","inLanguage":"en-GB","@id":"https:\/\/interzero.pl\/#\/schema\/logo\/image\/","url":"https:\/\/interzero.pl\/wp-content\/uploads\/sites\/12\/2024\/07\/Interzero.png","contentUrl":"https:\/\/interzero.pl\/wp-content\/uploads\/sites\/12\/2024\/07\/Interzero.png","width":1920,"height":1080,"caption":"Interzero Polska"},"image":{"@id":"https:\/\/interzero.pl\/#\/schema\/logo\/image\/"},"sameAs":["https:\/\/www.facebook.com\/InterzeroPolska","https:\/\/www.linkedin.com\/company\/interzero-zero-waste-solutions\/"]},{"@type":"Person","@id":"https:\/\/interzero.pl\/#\/schema\/person\/bee6346cf79614311a93e78b72b564ef","name":"Alicja Bre\u015b","sameAs":["Wiertnicza 165"]}]}},"_links":{"self":[{"href":"https:\/\/interzero.pl\/en\/wp-json\/wp\/v2\/posts\/9298","targetHints":{"allow":["GET"]}}],"collection":[{"href":"https:\/\/interzero.pl\/en\/wp-json\/wp\/v2\/posts"}],"about":[{"href":"https:\/\/interzero.pl\/en\/wp-json\/wp\/v2\/types\/post"}],"author":[{"embeddable":true,"href":"https:\/\/interzero.pl\/en\/wp-json\/wp\/v2\/users\/6"}],"replies":[{"embeddable":true,"href":"https:\/\/interzero.pl\/en\/wp-json\/wp\/v2\/comments?post=9298"}],"version-history":[{"count":1,"href":"https:\/\/interzero.pl\/en\/wp-json\/wp\/v2\/posts\/9298\/revisions"}],"predecessor-version":[{"id":9299,"href":"https:\/\/interzero.pl\/en\/wp-json\/wp\/v2\/posts\/9298\/revisions\/9299"}],"wp:featuredmedia":[{"embeddable":true,"href":"https:\/\/interzero.pl\/en\/wp-json\/wp\/v2\/media\/9294"}],"wp:attachment":[{"href":"https:\/\/interzero.pl\/en\/wp-json\/wp\/v2\/media?parent=9298"}],"wp:term":[{"taxonomy":"category","embeddable":true,"href":"https:\/\/interzero.pl\/en\/wp-json\/wp\/v2\/categories?post=9298"},{"taxonomy":"post_tag","embeddable":true,"href":"https:\/\/interzero.pl\/en\/wp-json\/wp\/v2\/tags?post=9298"}],"curies":[{"name":"wp","href":"https:\/\/api.w.org\/{rel}","templated":true}]}}