{"id":19413,"date":"2025-03-17T11:22:43","date_gmt":"2025-03-17T10:22:43","guid":{"rendered":"https:\/\/interzero.pl\/?p=19413"},"modified":"2025-03-17T11:22:43","modified_gmt":"2025-03-17T10:22:43","slug":"swiatowy-dzien-recyklingu-2025","status":"publish","type":"post","link":"https:\/\/interzero.pl\/en\/blog\/swiatowy-dzien-recyklingu-2025\/","title":{"rendered":"Recycling is a duty, not a choice! Trends for World Recycling Day 2025"},"content":{"rendered":"<div class=\"wpb-content-wrapper\"><div data-parent=\"true\" class=\"vc_row row-container\" id=\"row-unique-0\"><div class=\"row limit-width row-parent\"><div class=\"wpb_row row-inner\"><div class=\"wpb_column pos-top pos-center align_center column_parent col-lg-6 single-internal-gutter\"><div class=\"uncol style-light\"  ><div class=\"uncoltable\"><div class=\"uncell no-block-padding\" ><div class=\"uncont\" ><div class=\"uncode-single-media  text-left\"><div class=\"single-wrapper\" style=\"max-width: 100%;\"><div class=\"tmb tmb-light  tmb-media-first tmb-media-last tmb-content-overlay tmb-no-bg\"><div class=\"t-inside\"><div class=\"t-entry-visual\"><div class=\"t-entry-visual-tc\"><div class=\"uncode-single-media-wrapper\"><img decoding=\"async\" class=\"wp-image-19414\" src=\"https:\/\/interzero.pl\/wp-content\/uploads\/sites\/12\/2025\/03\/recykling-day.jpg\" width=\"1600\" height=\"1080\" alt=\"dzie&#324; recyklingu\" srcset=\"https:\/\/interzero.pl\/wp-content\/uploads\/sites\/12\/2025\/03\/recykling-day.jpg 1600w, https:\/\/interzero.pl\/wp-content\/uploads\/sites\/12\/2025\/03\/recykling-day-300x203.jpg 300w, https:\/\/interzero.pl\/wp-content\/uploads\/sites\/12\/2025\/03\/recykling-day-1024x691.jpg 1024w, https:\/\/interzero.pl\/wp-content\/uploads\/sites\/12\/2025\/03\/recykling-day-768x518.jpg 768w, https:\/\/interzero.pl\/wp-content\/uploads\/sites\/12\/2025\/03\/recykling-day-1536x1037.jpg 1536w, https:\/\/interzero.pl\/wp-content\/uploads\/sites\/12\/2025\/03\/recykling-day-18x12.jpg 18w, https:\/\/interzero.pl\/wp-content\/uploads\/sites\/12\/2025\/03\/recykling-day-350x236.jpg 350w, https:\/\/interzero.pl\/wp-content\/uploads\/sites\/12\/2025\/03\/recykling-day-uai-1440x972.jpg 1440w, https:\/\/interzero.pl\/wp-content\/uploads\/sites\/12\/2025\/03\/recykling-day-uai-258x174.jpg 258w, https:\/\/interzero.pl\/wp-content\/uploads\/sites\/12\/2025\/03\/recykling-day-uai-1032x697.jpg 1032w, https:\/\/interzero.pl\/wp-content\/uploads\/sites\/12\/2025\/03\/recykling-day-uai-516x348.jpg 516w, https:\/\/interzero.pl\/wp-content\/uploads\/sites\/12\/2025\/03\/recykling-day-uai-720x486.jpg 720w\" sizes=\"(max-width: 1600px) 100vw, 1600px\" \/><\/div>\n\t\t\t\t\t<\/div>\n\t\t\t\t<\/div><\/div><\/div><\/div><\/div><\/div><\/div><\/div><\/div><\/div><div class=\"wpb_column pos-top pos-center align_left column_parent col-lg-6 single-internal-gutter\"><div class=\"uncol style-light\"  ><div class=\"uncoltable\"><div class=\"uncell no-block-padding\" ><div class=\"uncont\" ><div class=\"vc_custom_heading_wrap\"><div class=\"heading-text el-text\" ><h1 class=\"h2\" ><span><strong>Recycling is a duty, not a choice! Trends for World Recycling Day 2025<\/strong><\/span><\/h1><\/div><div class=\"clear\"><\/div><\/div><div class=\"uncode_text_column\" ><p>18 March is World Recycling Day, an opportunity to reflect on the benefits we derive from returning materials to circulation. For businesses, meanwhile, it is an ideal time to look at the environmental impact of the products and waste they produce and to take action to reduce resource waste.<\/p>\n<\/div><\/div><\/div><\/div><\/div><\/div><script id=\"script-row-unique-0\" data-row=\"script-row-unique-0\" type=\"text\/javascript\" class=\"vc_controls\">UNCODE.initRow(document.getElementById(\"row-unique-0\"));<\/script><\/div><\/div><\/div><div data-parent=\"true\" class=\"vc_row row-container\" id=\"row-unique-1\"><div class=\"row limit-width row-parent\"><div class=\"wpb_row row-inner\"><div class=\"wpb_column pos-top pos-center align_left column_parent col-lg-12 single-internal-gutter\"><div class=\"uncol style-light\"  ><div class=\"uncoltable\"><div class=\"uncell no-block-padding\" ><div class=\"uncont\" ><div class=\"vc_custom_heading_wrap\"><div class=\"heading-text el-text\" ><h2 class=\"h2\" ><span><strong>What is recycling?<\/strong><\/span><\/h2><\/div><div class=\"clear\"><\/div><\/div><div class=\"uncode_text_column\" ><p>According to the statutory definition, recycling is the recovery by which <strong>the waste is reprocessed into products, materials or substances used for the original purpose or other purposes<\/strong><a href=\"#_ftn1\" name=\"_ftnref1\">[1]<\/a>. Its aim is to minimise the use of primary raw materials in favour of reusing materials that have already been put into circulation.<\/p>\n<p><a href=\"#_ftnref1\" name=\"_ftn1\">[1]<\/a> Act of 14 December 2012 on waste (Journal of Laws 2013, item 21)<\/p>\n<\/div><div class=\"vc_custom_heading_wrap\"><div class=\"heading-text el-text\" ><h2 class=\"h2\" ><span><strong>Recycling as a legal obligation for businesses<\/strong><\/span><\/h2><\/div><div class=\"clear\"><\/div><\/div><div class=\"uncode_text_column\" ><p>As a result of Polish and EU regulations, it is now the responsibility of many businesses to send their waste for recycling.<\/p>\n<ul>\n<li>Introducers of packaged products, tyres, lubricants and electrical and electronic equipment <strong>have an obligation to ensure recycling of waste<\/strong> produced from the products and packaging they introduced.<\/li>\n<li>From 2025, PET beverage bottles up to 3 litres must contain min. 25% of recycled plastic. This will increase to 30% from 2030.<\/li>\n<li>Under the PPWR, by 31 December 2025. <strong>at least 65% of packaging waste must be recycled<\/strong>. After 5 years, this share will increase to 70%.<\/li>\n<li>All <strong>packaging placed on the EU market must be recyclable<\/strong> (i.e. they must be <a href=\"https:\/\/interzero.pl\/en\/made4circle\/\">designed with recycling in mind<\/a> and recycled on a large scale).<\/li>\n<li>From 2030, plastic packaging will have to contain a certain amount of recyclate (depending on the packaging material).<\/li>\n<\/ul>\n<p>\n<\/div><div class=\"vc_custom_heading_wrap\"><div class=\"heading-text el-text\" ><h2 class=\"h2\" ><span><strong>Waste recycling is a necessity, not a temporary trend <\/strong><\/span><\/h2><\/div><div class=\"clear\"><\/div><\/div><div class=\"uncode_text_column\" ><p>Pressure regarding the recyclability of products and packaging is not only put on businesses by regulations, but also by consumers. The European Consumer Packaging Perceptions study 2025 conducted by Pro Carton shows that <strong>recyclability of packaging is the most important attribute respondents pay attention to when making their daily choices<\/strong>.<\/p>\n<p>On Recycling Day, we are particularly pleased that as many as 84% of those surveyed are aware of which types of packaging materials are recyclable and which are not necessarily. As many as 65% consumers taking part in the survey specifically identified recyclability, as well as resealability and the use of renewable raw materials, as among the key features of any packaging. Furthermore, as many as four out of ten consumers indicated that they had refrained from choosing a product from a particular brand because of various concerns about its environmental impact, and <strong>54% of them put a product back on the shelf whose packaging was not recyclable<\/strong>!<\/p>\n<p>It follows that placing an emphasis on the recyclability of packaging and products can give businesses a huge competitive advantage and build a favourable image of their company in the eyes of consumers. This is all the more important as it is in recycling that as many as 67% consumers see a remedy for climate change.<\/p>\n<\/div><div class=\"vc_custom_heading_wrap\"><div class=\"heading-text el-text\" ><h2 class=\"h2\" ><span><strong>What do consumers expect from producers? Recycling Day statistics<\/strong><\/span><\/h2><\/div><div class=\"clear\"><\/div><\/div><div class=\"uncode_text_column\" ><p>62% respondents indicated that they had increased the amount of waste they recycled in the last 12 months. We can therefore see that <strong>Consumers are making an effort to take stronger care of the environment. They also expect the same from businesses<\/strong>, or more specifically, from the manufacturers.<\/p>\n<ul>\n<li>62% of those surveyed wish manufacturers would use more renewable materials.<\/li>\n<li>52% Respondents would prefer manufacturers to produce only easily recyclable packaging.<\/li>\n<li>38% consumers want clear segregation instructions on packaging.<\/li>\n<li>37%, on the other hand, would see room to set up deposit systems for hard-to-recycle materials<a href=\"#_ftn1\" name=\"_ftnref1\">[1]<\/a>.<\/li>\n<\/ul>\n<p><a href=\"#_ftnref1\" name=\"_ftn1\">[1]<\/a> Pro Carton, European Consumer Packaging Percertion Study 2025, https:\/\/issuu.com\/procarton\/docs\/european_consumer_packaging_perceptions_study_2025.<\/p>\n<\/div><div class=\"vc_custom_heading_wrap\"><div class=\"heading-text el-text\" ><h2 class=\"h2\" ><span><strong>Recycling for the benefit of the planet and the viability of the company<\/strong><\/span><\/h2><\/div><div class=\"clear\"><\/div><\/div><div class=\"uncode_text_column\" ><p>As environmental consultants, we want to emphasise that placing an emphasis on recycling not only allows you to increase revenue, but also to <strong>reduce the company's waste management costs<\/strong>. More and more companies are recognising that effective waste management helps to reduce the frequency and cost of waste collection and helps to generate additional revenue from the sale of either raw materials or recycling documents (DPR, EDPR).<\/p>\n<p><strong>World Recycling Day is the perfect time to take action to better manage your company's waste<\/strong>. If you want to optimise your waste management processes and reduce your environmental impact, <a href=\"https:\/\/interzero.pl\/en\/kontakt\/\">contact us<\/a> - we will help you make changes that will increase the competitiveness and profitability of your business!<\/p>\n<\/div><div class=\"vc_custom_heading_wrap\"><div class=\"heading-text el-text\" ><h2 class=\"h2\" ><span><strong>Recycling at Interzero - check out what we can do for your business!<\/strong><\/span><\/h2><\/div><div class=\"clear\"><\/div><\/div><div class=\"uncode_text_column\" ><p>At Interzero, we support entrepreneurs in their efforts to turn back raw materials and close material cycles. We are well aware that this <strong>recycling is one of the pillars of GOZ<\/strong>, which is why we offer our customers, among other things:<\/p>\n<ul>\n<li><strong>assumption of recovery and recycling obligations<\/strong> for packaging, tyres, batteries and accumulators, oils and lubricants, vehicles and WEEE. This not only benefits the environment, but also the company budget. <a href=\"https:\/\/quiz-oplataproduktowa.interzero.pl\/?_gl=1*sytxqv*_gcl_au*MTM1ODY4ODIwMS4xNzQxOTQ5MzUy*_ga*MTQ1MzU4MDEwNy4xNzQxOTQ5MzUy*_ga_4X2PWE90LR*MTc0MTk1NjAyMC4xLjAuMTc0MTk1NjAyMi4wLjAuMA..\">see how much you will save by handing over your duty to us!<\/a><\/li>\n<li>implementation of <a href=\"https:\/\/interzero.pl\/en\/uslugi\/edukacja-ekologiczna\/\">public education campaigns<\/a>, in which we show how to handle waste to maximise its chances of being recycled,<\/li>\n<li>modern <a href=\"https:\/\/ekourzadzenia.interzero.pl\/shop\/kategorie-kompostowniki\/?fbclid=IwZXh0bgNhZW0CMTEAAR2Dsv_MWZPE2nBmti25-FcK7uHj8phWNN1ssqpDb9p2FknjMTgs3PHHjFg_aem_Aes5l8wDR2ww6_uTxxSgAg\">industrial composters<\/a>which accelerate the recycling of biowaste,<\/li>\n<li>unique <a href=\"https:\/\/interzero.pl\/en\/uslugi\/odzysk-i-recykling\/recykling-tworzyw-sztucznych-recycled-resource-od-interzero\/\">Recycled-Resource plastics recycling process<\/a>resulting in the production of high-quality regranulate in accordance with customer specifications.<\/li>\n<\/ul>\n<p>The most important research work on plastics recycling technology takes place in the newly opened<a href=\"https:\/\/interzero.at\/en\/blog\/new-laboratory-for-plastics-innovations-opened-in-maribor\/\"> Interzero Plastics Innovations doo laboratory in the Lenart industrial zone in Maribor<\/a> in Slovenia. Thanks to him <strong>we can supply our customers with the highest quality recycled plastics<\/strong>which can successfully replace virgin raw materials.<\/p>\n<\/div><\/div><\/div><\/div><\/div><\/div><script id=\"script-row-unique-1\" data-row=\"script-row-unique-1\" type=\"text\/javascript\" class=\"vc_controls\">UNCODE.initRow(document.getElementById(\"row-unique-1\"));<\/script><\/div><\/div><\/div>\n<\/div>","protected":false},"excerpt":{"rendered":"<p>Global Recycling Day is an incentive to look at your company's waste management. How do you support recycling and why should you do it? <\/p>","protected":false},"author":28,"featured_media":19414,"comment_status":"closed","ping_status":"closed","sticky":false,"template":"","format":"standard","meta":{"_acf_changed":false,"inline_featured_image":false,"footnotes":""},"categories":[32],"tags":[],"class_list":["post-19413","post","type-post","status-publish","format-standard","has-post-thumbnail","hentry","category-aktualnosci"],"acf":[],"cp_meta_data":{"_wpml_media_featured":["1"],"_wpml_media_duplicate":["1"],"_edit_lock":["1742207230:28"],"_edit_last":["28"],"_uncode_specific_main_width":["a:2:{i:0;s:4:\"1200\";i:1;s:2:\"px\";}"],"_uncode_specific_menu_remove":["off"],"_uncode_specific_menu_opaque":["off"],"_uncode_specific_menu_no_shadow":["off"],"_uncode_blocks_list":["5704"],"_uncode_header_full_width":["on"],"_uncode_header_height":["a:2:{i:0;s:2:\"50\";i:1;s:1:\"%\";}"],"_uncode_header_title":["on"],"_uncode_header_title_custom":["off"],"_uncode_header_style":["dark"],"_uncode_header_content_width":["off"],"_uncode_header_custom_width":["100"],"_uncode_header_align":["left"],"_uncode_header_position":["header-center header-middle"],"_uncode_header_title_size":["h1"],"_uncode_header_title_italic":["off"],"_uncode_header_featured":["on"],"_uncode_header_background":["a:6:{s:16:\"background-color\";s:10:\"color-wayh\";s:17:\"background-repeat\";s:0:\"\";s:21:\"background-attachment\";s:0:\"\";s:19:\"background-position\";s:0:\"\";s:15:\"background-size\";s:0:\"\";s:16:\"background-image\";s:0:\"\";}"],"_uncode_header_parallax":["off"],"_uncode_header_overlay_color_alpha":["100"],"_uncode_header_scroll_opacity":["off"],"_uncode_header_scrolldown":["off"],"_uncode_specific_layout_width_custom":["a:2:{i:0;s:0:\"\";i:1;s:2:\"px\";}"],"_uncode_specific_media":["off"],"_uncode_specific_tags_align":["left"],"_uncode_sidebar_position":["sidebar_right"],"_uncode_sidebar_size":["4"],"_uncode_sidebar_sticky":["off"],"_uncode_sidebar_fill":["off"],"_uncode_specific_copy_hide":["off"],"_uncode_specific_footer_uparrow_hide":["off"],"_uncode_secondary_thumbnail_id":["0"],"_uncode_header_type":["header_uncodeblock"],"_uncode_menu_no_padding":["on"],"_uncode_menu_no_padding_mobile":["off"],"cmplz_hide_cookiebanner":[""],"_wp_old_date":["2024-07-31"],"_uncode_fullpage_type":["curtain"],"_uncode_fullpage_opacity":["off"],"_uncode_scroll_dots":["off"],"_uncode_empty_dots":["off"],"_uncode_scroll_history":["off"],"_uncode_scroll_safe_padding":["on"],"_uncode_scroll_additional_padding":["0"],"_uncode_fullpage_mobile":["off"],"_uncode_scroll_snap":["off"],"_yoast_wpseo_content_score":["60"],"_yoast_wpseo_estimated-reading-time-minutes":["5"],"_yoast_wpseo_wordproof_timestamp":[""],"_yoast_wpseo_primary_category":[""],"_wpml_word_count":["{\"total\":672,\"to_translate\":{\"en\":105}}"],"_wpml_location_migration_done":["1"],"_wp_old_slug":["wez-udzial-w-szkoleniu-pt-ppwr-nowe-wyzwanie-dla-wprowadzajacych-produkty-w-opakowaniach"],"_oembed_e412b5d5f3f9cbaf4aaff94b08065643":["{{unknown}}"],"_oembed_85cb3688a0c607d1cc50c3c364b2971f":["{{unknown}}"],"_oembed_1305493e57dec6513bbd2a3f1fb38792":["{{unknown}}"],"_yoast_wpseo_metadesc":["Globalne \u015bwi\u0119to recyklingu to zach\u0119ta, by przyjrze\u0107 si\u0119 gospodarce odpadami w firmie. Jak wspiera\u0107 recykling i dlaczego warto to robi\u0107?"],"_yoast_wpseo_focuskw":["dzie\u0144 recyklingu"],"_yoast_wpseo_title":["\u015awiatowy Dzie\u0144 Recyklingu 2025 | \u015awi\u0119tuj go z Interzero!"],"_yoast_wpseo_linkdex":["76"],"_oembed_7cda0e571b8f2d6dce543161cb847c65":["{{unknown}}"],"_oembed_cb0273886301be0514147a5433e05ebc":["<blockquote class=\"wp-embedded-content\" data-secret=\"Edm1mol0vz\"><a href=\"https:\/\/interzero.pl\/uslugi\/made4loop-system-depozytowy-opakowan-wielokrotnego-uzytku\/\">Made4Loop \u2013 system depozytowy opakowa\u0144 wielokrotnego u\u017cytku<\/a><\/blockquote><iframe class=\"wp-embedded-content\" sandbox=\"allow-scripts\" security=\"restricted\" style=\"position: absolute; clip: rect(1px, 1px, 1px, 1px);\" title=\"&#8222;Made4Loop \u2013 system depozytowy opakowa\u0144 wielokrotnego u\u017cytku&#8221; &#8212; Interzero Polska\" src=\"https:\/\/interzero.pl\/uslugi\/made4loop-system-depozytowy-opakowan-wielokrotnego-uzytku\/embed\/#?secret=eNDFRbKgrg#?secret=Edm1mol0vz\" data-secret=\"Edm1mol0vz\" width=\"361\" height=\"204\" frameborder=\"0\" marginwidth=\"0\" marginheight=\"0\" scrolling=\"no\"><\/iframe>"],"_oembed_time_cb0273886301be0514147a5433e05ebc":["1704445627"],"_yoast_wpseo_opengraph-title":["\u015awiatowy Dzie\u0144 Recyklingu 2025 | \u015awi\u0119tuj go z Interzero!"],"_yoast_wpseo_opengraph-description":["Globalne \u015bwi\u0119to recyklingu to zach\u0119ta, by przyjrze\u0107 si\u0119 gospodarce odpadami w firmie. Jak wspiera\u0107 recykling i dlaczego warto to robi\u0107?"],"_yoast_wpseo_opengraph-image":["https:\/\/interzero.pl\/wp-content\/uploads\/sites\/12\/2025\/03\/recykling-day-1024x691.jpg"],"_yoast_wpseo_opengraph-image-id":["19414"],"_yoast_wpseo_twitter-title":["\u015awiatowy Dzie\u0144 Recyklingu 2025 | \u015awi\u0119tuj go z Interzero!"],"_yoast_wpseo_twitter-description":["Globalne \u015bwi\u0119to recyklingu to zach\u0119ta, by przyjrze\u0107 si\u0119 gospodarce odpadami w firmie. Jak wspiera\u0107 recykling i dlaczego warto to robi\u0107?"],"_yoast_wpseo_twitter-image":["https:\/\/interzero.pl\/wp-content\/uploads\/sites\/12\/2025\/03\/recykling-day-1024x691.jpg"],"_yoast_wpseo_twitter-image-id":["19414"],"_wpb_post_custom_layout":["default"],"ao_post_optimize":["a:6:{s:16:\"ao_post_optimize\";s:2:\"on\";s:19:\"ao_post_js_optimize\";s:2:\"on\";s:20:\"ao_post_css_optimize\";s:2:\"on\";s:12:\"ao_post_ccss\";s:2:\"on\";s:16:\"ao_post_lazyload\";s:2:\"on\";s:15:\"ao_post_preload\";s:0:\"\";}"],"_cmplz_remote_scanned_post":["1"],"_thumbnail_id":["19414"],"_wpb_vc_js_status":["true"]},"yoast_head":"<!-- This site is optimized with the Yoast SEO plugin v26.4 - https:\/\/yoast.com\/wordpress\/plugins\/seo\/ -->\n<title>\u015awiatowy Dzie\u0144 Recyklingu 2025 | \u015awi\u0119tuj go z Interzero!<\/title>\n<meta name=\"description\" content=\"Globalne \u015bwi\u0119to recyklingu to zach\u0119ta, by przyjrze\u0107 si\u0119 gospodarce odpadami w firmie. Jak wspiera\u0107 recykling i dlaczego warto to robi\u0107?\" \/>\n<meta name=\"robots\" content=\"index, follow, max-snippet:-1, max-image-preview:large, max-video-preview:-1\" \/>\n<link rel=\"canonical\" href=\"https:\/\/interzero.pl\/en\/blog\/swiatowy-dzien-recyklingu-2025\/\" \/>\n<meta property=\"og:locale\" content=\"en_GB\" \/>\n<meta property=\"og:type\" content=\"article\" \/>\n<meta property=\"og:title\" content=\"\u015awiatowy Dzie\u0144 Recyklingu 2025 | \u015awi\u0119tuj go z Interzero!\" \/>\n<meta property=\"og:description\" content=\"Globalne \u015bwi\u0119to recyklingu to zach\u0119ta, by przyjrze\u0107 si\u0119 gospodarce odpadami w firmie. Jak wspiera\u0107 recykling i dlaczego warto to robi\u0107?\" \/>\n<meta property=\"og:url\" content=\"https:\/\/interzero.pl\/en\/blog\/swiatowy-dzien-recyklingu-2025\/\" \/>\n<meta property=\"og:site_name\" content=\"Interzero Polska\" \/>\n<meta property=\"article:publisher\" content=\"https:\/\/www.facebook.com\/InterzeroPolska\" \/>\n<meta property=\"article:published_time\" content=\"2025-03-17T10:22:43+00:00\" \/>\n<meta property=\"og:image\" content=\"https:\/\/interzero.pl\/wp-content\/uploads\/sites\/12\/2025\/03\/recykling-day.jpg\" \/>\n\t<meta property=\"og:image:width\" content=\"1600\" \/>\n\t<meta property=\"og:image:height\" content=\"1080\" \/>\n\t<meta property=\"og:image:type\" content=\"image\/jpeg\" \/>\n<meta name=\"author\" content=\"zkaczmarczyk\" \/>\n<meta name=\"twitter:card\" content=\"summary_large_image\" \/>\n<meta name=\"twitter:title\" content=\"\u015awiatowy Dzie\u0144 Recyklingu 2025 | \u015awi\u0119tuj go z Interzero!\" \/>\n<meta name=\"twitter:description\" content=\"Globalne \u015bwi\u0119to recyklingu to zach\u0119ta, by przyjrze\u0107 si\u0119 gospodarce odpadami w firmie. Jak wspiera\u0107 recykling i dlaczego warto to robi\u0107?\" \/>\n<meta name=\"twitter:image\" content=\"https:\/\/interzero.pl\/wp-content\/uploads\/sites\/12\/2025\/03\/recykling-day.jpg\" \/>\n<meta name=\"twitter:label1\" content=\"Written by\" \/>\n\t<meta name=\"twitter:data1\" content=\"zkaczmarczyk\" \/>\n\t<meta name=\"twitter:label2\" content=\"Estimated reading time\" \/>\n\t<meta name=\"twitter:data2\" content=\"5 minutes\" \/>\n<script type=\"application\/ld+json\" class=\"yoast-schema-graph\">{\"@context\":\"https:\/\/schema.org\",\"@graph\":[{\"@type\":\"Article\",\"@id\":\"https:\/\/interzero.pl\/blog\/swiatowy-dzien-recyklingu-2025\/#article\",\"isPartOf\":{\"@id\":\"https:\/\/interzero.pl\/blog\/swiatowy-dzien-recyklingu-2025\/\"},\"author\":{\"name\":\"zkaczmarczyk\",\"@id\":\"https:\/\/interzero.pl\/#\/schema\/person\/8af02f7e38778abdbe85489e9cf665d5\"},\"headline\":\"Recykling to obowi\u0105zek, a nie wyb\u00f3r! Trendy na \u015awiatowy Dzie\u0144 Recyklingu 2025\",\"datePublished\":\"2025-03-17T10:22:43+00:00\",\"mainEntityOfPage\":{\"@id\":\"https:\/\/interzero.pl\/blog\/swiatowy-dzien-recyklingu-2025\/\"},\"wordCount\":1178,\"publisher\":{\"@id\":\"https:\/\/interzero.pl\/#organization\"},\"image\":{\"@id\":\"https:\/\/interzero.pl\/blog\/swiatowy-dzien-recyklingu-2025\/#primaryimage\"},\"thumbnailUrl\":\"https:\/\/interzero.pl\/wp-content\/uploads\/sites\/12\/2025\/03\/recykling-day.jpg\",\"articleSection\":[\"Aktualno\u015bci\"],\"inLanguage\":\"en-GB\"},{\"@type\":\"WebPage\",\"@id\":\"https:\/\/interzero.pl\/blog\/swiatowy-dzien-recyklingu-2025\/\",\"url\":\"https:\/\/interzero.pl\/blog\/swiatowy-dzien-recyklingu-2025\/\",\"name\":\"\u015awiatowy Dzie\u0144 Recyklingu 2025 | \u015awi\u0119tuj go z Interzero!\",\"isPartOf\":{\"@id\":\"https:\/\/interzero.pl\/#website\"},\"primaryImageOfPage\":{\"@id\":\"https:\/\/interzero.pl\/blog\/swiatowy-dzien-recyklingu-2025\/#primaryimage\"},\"image\":{\"@id\":\"https:\/\/interzero.pl\/blog\/swiatowy-dzien-recyklingu-2025\/#primaryimage\"},\"thumbnailUrl\":\"https:\/\/interzero.pl\/wp-content\/uploads\/sites\/12\/2025\/03\/recykling-day.jpg\",\"datePublished\":\"2025-03-17T10:22:43+00:00\",\"description\":\"Globalne \u015bwi\u0119to recyklingu to zach\u0119ta, by przyjrze\u0107 si\u0119 gospodarce odpadami w firmie. Jak wspiera\u0107 recykling i dlaczego warto to robi\u0107?\",\"breadcrumb\":{\"@id\":\"https:\/\/interzero.pl\/blog\/swiatowy-dzien-recyklingu-2025\/#breadcrumb\"},\"inLanguage\":\"en-GB\",\"potentialAction\":[{\"@type\":\"ReadAction\",\"target\":[\"https:\/\/interzero.pl\/blog\/swiatowy-dzien-recyklingu-2025\/\"]}]},{\"@type\":\"ImageObject\",\"inLanguage\":\"en-GB\",\"@id\":\"https:\/\/interzero.pl\/blog\/swiatowy-dzien-recyklingu-2025\/#primaryimage\",\"url\":\"https:\/\/interzero.pl\/wp-content\/uploads\/sites\/12\/2025\/03\/recykling-day.jpg\",\"contentUrl\":\"https:\/\/interzero.pl\/wp-content\/uploads\/sites\/12\/2025\/03\/recykling-day.jpg\",\"width\":1600,\"height\":1080,\"caption\":\"dzie\u0144 recyklingu\"},{\"@type\":\"BreadcrumbList\",\"@id\":\"https:\/\/interzero.pl\/blog\/swiatowy-dzien-recyklingu-2025\/#breadcrumb\",\"itemListElement\":[{\"@type\":\"ListItem\",\"position\":1,\"name\":\"Home\",\"item\":\"https:\/\/interzero.pl\/\"},{\"@type\":\"ListItem\",\"position\":2,\"name\":\"Recykling to obowi\u0105zek, a nie wyb\u00f3r! Trendy na \u015awiatowy Dzie\u0144 Recyklingu 2025\"}]},{\"@type\":\"WebSite\",\"@id\":\"https:\/\/interzero.pl\/#website\",\"url\":\"https:\/\/interzero.pl\/\",\"name\":\"Interzero Polska | Rozwi\u0105zania dla \u015bwiata bez odpad\u00f3w\",\"description\":\"Dostarczamy innowacyjne i kompleksowe rozwi\u0105zania  w zakresie ochrony \u015brodowiska.\",\"publisher\":{\"@id\":\"https:\/\/interzero.pl\/#organization\"},\"potentialAction\":[{\"@type\":\"SearchAction\",\"target\":{\"@type\":\"EntryPoint\",\"urlTemplate\":\"https:\/\/interzero.pl\/?s={search_term_string}\"},\"query-input\":{\"@type\":\"PropertyValueSpecification\",\"valueRequired\":true,\"valueName\":\"search_term_string\"}}],\"inLanguage\":\"en-GB\"},{\"@type\":\"Organization\",\"@id\":\"https:\/\/interzero.pl\/#organization\",\"name\":\"Interzero Polska\",\"url\":\"https:\/\/interzero.pl\/\",\"logo\":{\"@type\":\"ImageObject\",\"inLanguage\":\"en-GB\",\"@id\":\"https:\/\/interzero.pl\/#\/schema\/logo\/image\/\",\"url\":\"https:\/\/interzero.pl\/wp-content\/uploads\/sites\/12\/2024\/07\/Interzero.png\",\"contentUrl\":\"https:\/\/interzero.pl\/wp-content\/uploads\/sites\/12\/2024\/07\/Interzero.png\",\"width\":1920,\"height\":1080,\"caption\":\"Interzero Polska\"},\"image\":{\"@id\":\"https:\/\/interzero.pl\/#\/schema\/logo\/image\/\"},\"sameAs\":[\"https:\/\/www.facebook.com\/InterzeroPolska\",\"https:\/\/www.linkedin.com\/company\/interzero-zero-waste-solutions\/\"]},{\"@type\":\"Person\",\"@id\":\"https:\/\/interzero.pl\/#\/schema\/person\/8af02f7e38778abdbe85489e9cf665d5\",\"name\":\"zkaczmarczyk\"}]}<\/script>\n<!-- \/ Yoast SEO plugin. -->","yoast_head_json":{"title":"World Recycling Day 2025 | Celebrate it with Interzero!","description":"Global Recycling Day is an incentive to look at your company's waste management. How do you support recycling and why should you do it?","robots":{"index":"index","follow":"follow","max-snippet":"max-snippet:-1","max-image-preview":"max-image-preview:large","max-video-preview":"max-video-preview:-1"},"canonical":"https:\/\/interzero.pl\/en\/blog\/swiatowy-dzien-recyklingu-2025\/","og_locale":"en_GB","og_type":"article","og_title":"\u015awiatowy Dzie\u0144 Recyklingu 2025 | \u015awi\u0119tuj go z Interzero!","og_description":"Globalne \u015bwi\u0119to recyklingu to zach\u0119ta, by przyjrze\u0107 si\u0119 gospodarce odpadami w firmie. Jak wspiera\u0107 recykling i dlaczego warto to robi\u0107?","og_url":"https:\/\/interzero.pl\/en\/blog\/swiatowy-dzien-recyklingu-2025\/","og_site_name":"Interzero Polska","article_publisher":"https:\/\/www.facebook.com\/InterzeroPolska","article_published_time":"2025-03-17T10:22:43+00:00","og_image":[{"width":1600,"height":1080,"url":"https:\/\/interzero.pl\/wp-content\/uploads\/sites\/12\/2025\/03\/recykling-day.jpg","type":"image\/jpeg"}],"author":"zkaczmarczyk","twitter_card":"summary_large_image","twitter_title":"\u015awiatowy Dzie\u0144 Recyklingu 2025 | \u015awi\u0119tuj go z Interzero!","twitter_description":"Globalne \u015bwi\u0119to recyklingu to zach\u0119ta, by przyjrze\u0107 si\u0119 gospodarce odpadami w firmie. Jak wspiera\u0107 recykling i dlaczego warto to robi\u0107?","twitter_image":"https:\/\/interzero.pl\/wp-content\/uploads\/sites\/12\/2025\/03\/recykling-day.jpg","twitter_misc":{"Written by":"zkaczmarczyk","Estimated reading time":"5 minutes"},"schema":{"@context":"https:\/\/schema.org","@graph":[{"@type":"Article","@id":"https:\/\/interzero.pl\/blog\/swiatowy-dzien-recyklingu-2025\/#article","isPartOf":{"@id":"https:\/\/interzero.pl\/blog\/swiatowy-dzien-recyklingu-2025\/"},"author":{"name":"zkaczmarczyk","@id":"https:\/\/interzero.pl\/#\/schema\/person\/8af02f7e38778abdbe85489e9cf665d5"},"headline":"Recykling to obowi\u0105zek, a nie wyb\u00f3r! Trendy na \u015awiatowy Dzie\u0144 Recyklingu 2025","datePublished":"2025-03-17T10:22:43+00:00","mainEntityOfPage":{"@id":"https:\/\/interzero.pl\/blog\/swiatowy-dzien-recyklingu-2025\/"},"wordCount":1178,"publisher":{"@id":"https:\/\/interzero.pl\/#organization"},"image":{"@id":"https:\/\/interzero.pl\/blog\/swiatowy-dzien-recyklingu-2025\/#primaryimage"},"thumbnailUrl":"https:\/\/interzero.pl\/wp-content\/uploads\/sites\/12\/2025\/03\/recykling-day.jpg","articleSection":["Aktualno\u015bci"],"inLanguage":"en-GB"},{"@type":"WebPage","@id":"https:\/\/interzero.pl\/blog\/swiatowy-dzien-recyklingu-2025\/","url":"https:\/\/interzero.pl\/blog\/swiatowy-dzien-recyklingu-2025\/","name":"World Recycling Day 2025 | Celebrate it with Interzero!","isPartOf":{"@id":"https:\/\/interzero.pl\/#website"},"primaryImageOfPage":{"@id":"https:\/\/interzero.pl\/blog\/swiatowy-dzien-recyklingu-2025\/#primaryimage"},"image":{"@id":"https:\/\/interzero.pl\/blog\/swiatowy-dzien-recyklingu-2025\/#primaryimage"},"thumbnailUrl":"https:\/\/interzero.pl\/wp-content\/uploads\/sites\/12\/2025\/03\/recykling-day.jpg","datePublished":"2025-03-17T10:22:43+00:00","description":"Global Recycling Day is an incentive to look at your company's waste management. How do you support recycling and why should you do it?","breadcrumb":{"@id":"https:\/\/interzero.pl\/blog\/swiatowy-dzien-recyklingu-2025\/#breadcrumb"},"inLanguage":"en-GB","potentialAction":[{"@type":"ReadAction","target":["https:\/\/interzero.pl\/blog\/swiatowy-dzien-recyklingu-2025\/"]}]},{"@type":"ImageObject","inLanguage":"en-GB","@id":"https:\/\/interzero.pl\/blog\/swiatowy-dzien-recyklingu-2025\/#primaryimage","url":"https:\/\/interzero.pl\/wp-content\/uploads\/sites\/12\/2025\/03\/recykling-day.jpg","contentUrl":"https:\/\/interzero.pl\/wp-content\/uploads\/sites\/12\/2025\/03\/recykling-day.jpg","width":1600,"height":1080,"caption":"dzie\u0144 recyklingu"},{"@type":"BreadcrumbList","@id":"https:\/\/interzero.pl\/blog\/swiatowy-dzien-recyklingu-2025\/#breadcrumb","itemListElement":[{"@type":"ListItem","position":1,"name":"Home","item":"https:\/\/interzero.pl\/"},{"@type":"ListItem","position":2,"name":"Recykling to obowi\u0105zek, a nie wyb\u00f3r! Trendy na \u015awiatowy Dzie\u0144 Recyklingu 2025"}]},{"@type":"WebSite","@id":"https:\/\/interzero.pl\/#website","url":"https:\/\/interzero.pl\/","name":"Interzero Polska | Solutions for a world without waste","description":"We provide innovative and comprehensive environmental solutions.","publisher":{"@id":"https:\/\/interzero.pl\/#organization"},"potentialAction":[{"@type":"SearchAction","target":{"@type":"EntryPoint","urlTemplate":"https:\/\/interzero.pl\/?s={search_term_string}"},"query-input":{"@type":"PropertyValueSpecification","valueRequired":true,"valueName":"search_term_string"}}],"inLanguage":"en-GB"},{"@type":"Organization","@id":"https:\/\/interzero.pl\/#organization","name":"Interzero Poland","url":"https:\/\/interzero.pl\/","logo":{"@type":"ImageObject","inLanguage":"en-GB","@id":"https:\/\/interzero.pl\/#\/schema\/logo\/image\/","url":"https:\/\/interzero.pl\/wp-content\/uploads\/sites\/12\/2024\/07\/Interzero.png","contentUrl":"https:\/\/interzero.pl\/wp-content\/uploads\/sites\/12\/2024\/07\/Interzero.png","width":1920,"height":1080,"caption":"Interzero Polska"},"image":{"@id":"https:\/\/interzero.pl\/#\/schema\/logo\/image\/"},"sameAs":["https:\/\/www.facebook.com\/InterzeroPolska","https:\/\/www.linkedin.com\/company\/interzero-zero-waste-solutions\/"]},{"@type":"Person","@id":"https:\/\/interzero.pl\/#\/schema\/person\/8af02f7e38778abdbe85489e9cf665d5","name":"zkaczmarczyk"}]}},"_links":{"self":[{"href":"https:\/\/interzero.pl\/en\/wp-json\/wp\/v2\/posts\/19413","targetHints":{"allow":["GET"]}}],"collection":[{"href":"https:\/\/interzero.pl\/en\/wp-json\/wp\/v2\/posts"}],"about":[{"href":"https:\/\/interzero.pl\/en\/wp-json\/wp\/v2\/types\/post"}],"author":[{"embeddable":true,"href":"https:\/\/interzero.pl\/en\/wp-json\/wp\/v2\/users\/28"}],"replies":[{"embeddable":true,"href":"https:\/\/interzero.pl\/en\/wp-json\/wp\/v2\/comments?post=19413"}],"version-history":[{"count":1,"href":"https:\/\/interzero.pl\/en\/wp-json\/wp\/v2\/posts\/19413\/revisions"}],"predecessor-version":[{"id":19415,"href":"https:\/\/interzero.pl\/en\/wp-json\/wp\/v2\/posts\/19413\/revisions\/19415"}],"wp:featuredmedia":[{"embeddable":true,"href":"https:\/\/interzero.pl\/en\/wp-json\/wp\/v2\/media\/19414"}],"wp:attachment":[{"href":"https:\/\/interzero.pl\/en\/wp-json\/wp\/v2\/media?parent=19413"}],"wp:term":[{"taxonomy":"category","embeddable":true,"href":"https:\/\/interzero.pl\/en\/wp-json\/wp\/v2\/categories?post=19413"},{"taxonomy":"post_tag","embeddable":true,"href":"https:\/\/interzero.pl\/en\/wp-json\/wp\/v2\/tags?post=19413"}],"curies":[{"name":"wp","href":"https:\/\/api.w.org\/{rel}","templated":true}]}}