{"id":17565,"date":"2024-11-28T16:12:30","date_gmt":"2024-11-28T15:12:30","guid":{"rendered":"https:\/\/interzero.pl\/blog\/the-recycling-rate-of-packaging-waste-in-2022-was-60-4\/"},"modified":"2025-03-05T14:34:00","modified_gmt":"2025-03-05T13:34:00","slug":"the-recycling-rate-of-packaging-waste-in-2022-was-60-4","status":"publish","type":"post","link":"https:\/\/interzero.pl\/en\/blog\/the-recycling-rate-of-packaging-waste-in-2022-was-60-4\/","title":{"rendered":"The recycling rate of packaging waste in 2022 was 60.4%"},"content":{"rendered":"<div class=\"wpb-content-wrapper\"><div data-parent=\"true\" class=\"vc_row row-container\" id=\"row-unique-0\"><div class=\"row limit-width row-parent\"><div class=\"wpb_row row-inner\"><div class=\"wpb_column pos-top pos-center align_left column_parent col-lg-12 single-internal-gutter\"><div class=\"uncol style-light\"  ><div class=\"uncoltable\"><div class=\"uncell no-block-padding\" ><div class=\"uncont\" ><div class=\"vc_custom_heading_wrap\"><div class=\"heading-text el-text\" ><\/p>\n<h1><a name=\"OLE_LINK3\"><\/a>The recycling rate of packaging waste in 2022 was 60.4% <\/h1>\n<p>\n<\/div><div class=\"clear\"><\/div><\/div><div class=\"uncode_text_column\" ><p>According to a report published by the Institute of Environmental Protection - National Research Institute, the level of packaging waste recycling was 60.4% in 2022. More than half of the recycled packaging waste (56%) was paper and cardboard waste. The highest recycling levels were also recorded for this fraction, amounting to 89.1% or 83.9%, depending on the methodology used.<\/p>\n<\/div><div class=\"vc_row row-internal row-container\"><div class=\"row row-child\"><div class=\"wpb_row row-inner\"><div class=\"wpb_column pos-top pos-center align_left column_child col-lg-6 single-internal-gutter\"><div class=\"uncol style-light\" ><div class=\"uncoltable\"><div class=\"uncell no-block-padding\" ><div class=\"uncont\" ><div class=\"uncode-single-media  text-left\"><div class=\"single-wrapper\" style=\"max-width: 100%;\"><div class=\"tmb tmb-light  tmb-media-first tmb-media-last tmb-content-overlay tmb-no-bg tmb-lightbox\"><div class=\"t-inside\"><div class=\"t-entry-visual\"><div class=\"t-entry-visual-tc\"><div class=\"uncode-single-media-wrapper\"><div class=\"dummy\" style=\"padding-top: 56.3%;\"><\/div><a href=\"https:\/\/interzero.pl\/wp-content\/uploads\/sites\/12\/2024\/11\/Poziom-recyklingu-odpadow-opakowaniowych-w-Polsce-w-2022-r-2.jpg\" class=\"pushed\" data-active=\"1\" data-lbox=\"ilightbox_single-17560\" data-options=\"width:1600,height:900,thumbnail: 'https:\/\/interzero.pl\/wp-content\/uploads\/sites\/12\/2024\/11\/Poziom-recyklingu-odpadow-opakowaniowych-w-Polsce-w-2022-r-2-300x169.jpg'\"><img decoding=\"async\" class=\"wp-image-17560\" src=\"https:\/\/interzero.pl\/wp-content\/uploads\/sites\/12\/2024\/11\/Poziom-recyklingu-odpadow-opakowaniowych-w-Polsce-w-2022-r-2.jpg\" width=\"1600\" height=\"900\" alt=\"Poziom recyklingu odpad&oacute;w opakowaniowych w Polsce w 2022 r\" srcset=\"https:\/\/interzero.pl\/wp-content\/uploads\/sites\/12\/2024\/11\/Poziom-recyklingu-odpadow-opakowaniowych-w-Polsce-w-2022-r-2.jpg 1600w, https:\/\/interzero.pl\/wp-content\/uploads\/sites\/12\/2024\/11\/Poziom-recyklingu-odpadow-opakowaniowych-w-Polsce-w-2022-r-2-300x169.jpg 300w, https:\/\/interzero.pl\/wp-content\/uploads\/sites\/12\/2024\/11\/Poziom-recyklingu-odpadow-opakowaniowych-w-Polsce-w-2022-r-2-1024x576.jpg 1024w, https:\/\/interzero.pl\/wp-content\/uploads\/sites\/12\/2024\/11\/Poziom-recyklingu-odpadow-opakowaniowych-w-Polsce-w-2022-r-2-768x432.jpg 768w, https:\/\/interzero.pl\/wp-content\/uploads\/sites\/12\/2024\/11\/Poziom-recyklingu-odpadow-opakowaniowych-w-Polsce-w-2022-r-2-1536x864.jpg 1536w, https:\/\/interzero.pl\/wp-content\/uploads\/sites\/12\/2024\/11\/Poziom-recyklingu-odpadow-opakowaniowych-w-Polsce-w-2022-r-2-350x197.jpg 350w, https:\/\/interzero.pl\/wp-content\/uploads\/sites\/12\/2024\/11\/Poziom-recyklingu-odpadow-opakowaniowych-w-Polsce-w-2022-r-2-uai-258x145.jpg 258w, https:\/\/interzero.pl\/wp-content\/uploads\/sites\/12\/2024\/11\/Poziom-recyklingu-odpadow-opakowaniowych-w-Polsce-w-2022-r-2-uai-720x405.jpg 720w, https:\/\/interzero.pl\/wp-content\/uploads\/sites\/12\/2024\/11\/Poziom-recyklingu-odpadow-opakowaniowych-w-Polsce-w-2022-r-2-uai-516x290.jpg 516w\" sizes=\"(max-width: 1600px) 100vw, 1600px\" \/><\/a><\/div>\n\t\t\t\t\t<\/div>\n\t\t\t\t<\/div><\/div><\/div><\/div><\/div><\/div><\/div><\/div><\/div><\/div><div class=\"wpb_column pos-top pos-center align_left column_child col-lg-6 single-internal-gutter\"><div class=\"uncol style-light\" ><div class=\"uncoltable\"><div class=\"uncell no-block-padding\" ><div class=\"uncont\" ><div class=\"uncode-single-media  text-left\"><div class=\"single-wrapper\" style=\"max-width: 100%;\"><div class=\"tmb tmb-light  tmb-media-first tmb-media-last tmb-content-overlay tmb-no-bg tmb-lightbox\"><div class=\"t-inside\"><div class=\"t-entry-visual\"><div class=\"t-entry-visual-tc\"><div class=\"uncode-single-media-wrapper\"><div class=\"dummy\" style=\"padding-top: 56.3%;\"><\/div><a href=\"https:\/\/interzero.pl\/wp-content\/uploads\/sites\/12\/2024\/11\/Poziom-recyklingu-odpadow-opakowaniowych-w-Polsce-w-2022-r.jpg\" class=\"pushed\" data-active=\"1\" data-lbox=\"ilightbox_single-17558\" data-options=\"width:1600,height:900,thumbnail: 'https:\/\/interzero.pl\/wp-content\/uploads\/sites\/12\/2024\/11\/Poziom-recyklingu-odpadow-opakowaniowych-w-Polsce-w-2022-r-300x169.jpg'\"><img decoding=\"async\" class=\"wp-image-17558\" src=\"https:\/\/interzero.pl\/wp-content\/uploads\/sites\/12\/2024\/11\/Poziom-recyklingu-odpadow-opakowaniowych-w-Polsce-w-2022-r.jpg\" width=\"1600\" height=\"900\" alt=\"Poziom recyklingu odpad&oacute;w opakowaniowych w Polsce w 2022 r\" srcset=\"https:\/\/interzero.pl\/wp-content\/uploads\/sites\/12\/2024\/11\/Poziom-recyklingu-odpadow-opakowaniowych-w-Polsce-w-2022-r.jpg 1600w, https:\/\/interzero.pl\/wp-content\/uploads\/sites\/12\/2024\/11\/Poziom-recyklingu-odpadow-opakowaniowych-w-Polsce-w-2022-r-300x169.jpg 300w, https:\/\/interzero.pl\/wp-content\/uploads\/sites\/12\/2024\/11\/Poziom-recyklingu-odpadow-opakowaniowych-w-Polsce-w-2022-r-1024x576.jpg 1024w, https:\/\/interzero.pl\/wp-content\/uploads\/sites\/12\/2024\/11\/Poziom-recyklingu-odpadow-opakowaniowych-w-Polsce-w-2022-r-768x432.jpg 768w, https:\/\/interzero.pl\/wp-content\/uploads\/sites\/12\/2024\/11\/Poziom-recyklingu-odpadow-opakowaniowych-w-Polsce-w-2022-r-1536x864.jpg 1536w, https:\/\/interzero.pl\/wp-content\/uploads\/sites\/12\/2024\/11\/Poziom-recyklingu-odpadow-opakowaniowych-w-Polsce-w-2022-r-350x197.jpg 350w, https:\/\/interzero.pl\/wp-content\/uploads\/sites\/12\/2024\/11\/Poziom-recyklingu-odpadow-opakowaniowych-w-Polsce-w-2022-r-uai-258x145.jpg 258w, https:\/\/interzero.pl\/wp-content\/uploads\/sites\/12\/2024\/11\/Poziom-recyklingu-odpadow-opakowaniowych-w-Polsce-w-2022-r-uai-720x405.jpg 720w, https:\/\/interzero.pl\/wp-content\/uploads\/sites\/12\/2024\/11\/Poziom-recyklingu-odpadow-opakowaniowych-w-Polsce-w-2022-r-uai-516x290.jpg 516w\" sizes=\"(max-width: 1600px) 100vw, 1600px\" \/><\/a><\/div>\n\t\t\t\t\t<\/div>\n\t\t\t\t<\/div><\/div><\/div><\/div><\/div><\/div><\/div><\/div><\/div><\/div><\/div><\/div><\/div><\/div><\/div><\/div><\/div><\/div><script id=\"script-row-unique-0\" data-row=\"script-row-unique-0\" type=\"text\/javascript\" class=\"vc_controls\">UNCODE.initRow(document.getElementById(\"row-unique-0\"));<\/script><\/div><\/div><\/div><div data-parent=\"true\" class=\"vc_row row-container\" id=\"row-unique-1\"><div class=\"row limit-width row-parent\"><div class=\"wpb_row row-inner\"><div class=\"wpb_column pos-middle pos-left align_left column_parent col-lg-12 single-internal-gutter\"><div class=\"uncol style-light\"  ><div class=\"uncoltable\"><div class=\"uncell no-block-padding\" ><div class=\"uncont\" ><div class=\"vc_custom_heading_wrap\"><div class=\"heading-text el-text\" ><\/p>\n<h2>Only and as much as 60.4% of packaging waste recycling<\/h2>\n<p>\n<\/div><div class=\"clear\"><\/div><\/div><div class=\"uncode_text_column\" ><p>According to the calculations of IO\u015a-PIB experts, in 2022, products packaged in 6,740 thousand tons of packaging were introduced to the market. Data from 532 installations were taken into account, which in 2022 received a total of 4,023.8 thousand tons of waste. Over 10% of this mass were so-called non-target materials (materials that are not processed in a given recycling process into products, materials or substances that are not waste). After correction, the total          <strong>the mass of packaging waste recycled amounted to 3,608.9 thousand tons <\/strong>, including:<\/p>\n<ul>\n<li>2,022.5 thousand tonnes of paper and cardboard packaging waste. <\/li>\n<li>565.1 thousand tonnes of plastic packaging waste, <\/li>\n<li>635 thousand tonnes of glass packaging waste, <\/li>\n<li>268.9 thousand tonnes of wood packaging waste, <\/li>\n<li>117.4 thousand tons of metal packaging waste. <\/li>\n<\/ul>\n<p>According to the methodology adopted by the authors of the report, <strong>the recycling level of all packaging waste was 60.4%, which is 1.4%<\/strong> <strong>more than the minimum<\/strong> provided for in the Regulation of the Minister of Climate and Environment of December 19, 2021 on the annual recycling levels of packaging waste in individual years until 2030.<\/p>\n<\/div><div class=\"vc_custom_heading_wrap\"><div class=\"heading-text el-text\" ><\/p>\n<h2>Recycling levels: achieved according to those introducing them, not achieved according to IO\u015a-PIB<\/h2>\n<p>\n<\/div><div class=\"clear\"><\/div><\/div><div class=\"uncode_text_column\" ><p>The recycling levels of all packaging waste were calculated in 2 variants. The first one was based on data from the introducers (entities that have entrusted statutory obligations to organisations) and independents (entities responsible on their own). These data show that the recycling levels of individual packaging waste for 2022 were as follows:   <\/p>\n<ul>\n<li>metals - 93.9%,<\/li>\n<li>wood - 20.9%,<\/li>\n<li>plastics - 40.7%,<\/li>\n<li>glass - 65.3%,<\/li>\n<li>paper and cardboard - 89.1%.<\/li>\n<\/ul>\n<p>Under this variant, <strong>the minimum annual recycling rates for packaging waste have been achieved for all types of packaging<\/strong> from which this waste originates.<\/p>\n<p>The second variant of calculations presented in the report was based on the IO\u015a-PIB methodology. The calculated recycling levels of almost all packaging waste (except plastics) are at a lower level: <\/p>\n<ul>\n<li>metals - 36.6%,<\/li>\n<li>wood - 16.7%,<\/li>\n<li>plastics - 45.8%,<\/li>\n<li>glass - 45%,<\/li>\n<li>paper and cardboard - 83.9%.<\/li>\n<\/ul>\n<p>According to calculations based on the IO\u015a-PIB methodology, in 2022 the entities introducing the waste did not achieve the minimum recycling levels for packaging waste made of ferrous metals and aluminium (amounting to 55% and 51%, respectively) and from wood (amounting to %). <\/p>\n<p>Regardless of the variant <strong>, the lowest recycling rate was recorded for wood waste<\/strong> .<\/p>\n<\/div><div class=\"vc_custom_heading_wrap\"><div class=\"heading-text el-text\" ><\/p>\n<h2>BDO register as a source of data for the IO\u015a-PIB report<\/h2>\n<p>\n<\/div><div class=\"clear\"><\/div><\/div><div class=\"uncode_text_column\" ><p>The source of the data presented in the report is the BDO register. The calculations do not include so-called free riders, i.e. producers or distributors who introduce plastic packaging or products in packaging into circulation and do not report them to the producer's responsibility organization or a public authority, or do not take financial or financial and organizational responsibility in any other way for the management of plastic packaging waste, or report smaller quantities than they actually introduce into circulation.  <\/p>\n<p><strong>The analysis prepared by IO\u015a-PIB takes into account waste with the following codes:<\/strong><\/p>\n<ul>\n<li>15 01 01 - paper and cardboard packaging,<\/li>\n<li>15 01 02 - plastic packaging,<\/li>\n<li>15 01 03 - wooden packaging,<\/li>\n<li>15 01 04 - metal packaging,<\/li>\n<li>15 01 05 - multi-material packaging,<\/li>\n<li>15 01 06 - mixed packaging waste,<\/li>\n<li>15 01 07 - glass packaging.<\/li>\n<\/ul>\n<p>The actual amount of packaging waste generated in Poland and recycled was calculated as follows - by adding the mass of waste recycled in Poland and recycled abroad, and reducing the result by the mass of waste imported to Poland for recycling.<\/p>\n<\/div><div class=\"uncode_text_column text-small\" ><p>Source: <a href=\"http:\/\/%C5%B9r%C3%B3d%C5%82o:%20https:\/\/ios.edu.pl\/wp-content\/uploads\/2024\/10\/rynek-recyklingu-odpadow-opakowaniowych-w-polsce-w-2022-roku-04c-forum-04-1.pdf\">[1]<\/a><\/p>\n<\/div><\/div><\/div><\/div><\/div><\/div><script id=\"script-row-unique-1\" data-row=\"script-row-unique-1\" type=\"text\/javascript\" class=\"vc_controls\">UNCODE.initRow(document.getElementById(\"row-unique-1\"));<\/script><\/div><\/div><\/div>\n<\/div>","protected":false},"excerpt":{"rendered":"<p>According to the data from the introducers, we achieved the planned recycling levels in 2022. Learn about the levels for each fraction  <\/p>","protected":false},"author":6,"featured_media":17552,"comment_status":"closed","ping_status":"closed","sticky":false,"template":"","format":"standard","meta":{"_acf_changed":false,"inline_featured_image":false,"footnotes":""},"categories":[1],"tags":[],"class_list":["post-17565","post","type-post","status-publish","format-standard","has-post-thumbnail","hentry","category-bez-kategorii"],"acf":[],"cp_meta_data":{"_yoast_wpseo_primary_category":["1"],"_wpml_media_duplicate":["1"],"_wpml_media_featured":["1"],"_top_nav_excluded":[""],"_cms_nav_minihome":[""],"_thumbnail_id":["17552"],"_yoast_wpseo_opengraph-image":["https:\/\/interzero.pl\/wp-content\/uploads\/sites\/12\/2024\/11\/604-odpadow-opakowaniowych-poddano-recyklingowi-w-2022-r-1024x691.jpg"],"_yoast_wpseo_twitter-image":["https:\/\/interzero.pl\/wp-content\/uploads\/sites\/12\/2024\/11\/604-odpadow-opakowaniowych-poddano-recyklingowi-w-2022-r-1024x691.jpg"],"_uncode_secondary_thumbnail_id":["0"],"_uncode_featured_media":["17551"],"_uncode_header_height":["a:2:{i:0;s:2:\"50\";i:1;s:1:\"%\";}"],"_uncode_header_align":["left"],"_uncode_specific_menu_opaque":["off"],"_uncode_blocks_list":["5704"],"_uncode_header_title":["on"],"_uncode_header_style":["dark"],"_uncode_header_content_width":["off"],"_uncode_header_custom_width":["100"],"_uncode_header_position":["header-center header-middle"],"_uncode_header_title_size":["h1"],"_uncode_header_title_italic":["off"],"_uncode_header_title_custom":["off"],"_uncode_header_featured":["on"],"_uncode_header_parallax":["off"],"_uncode_header_overlay_color_alpha":["100"],"_uncode_header_scroll_opacity":["off"],"_uncode_header_scrolldown":["off"],"_uncode_sidebar_position":["sidebar_right"],"_uncode_sidebar_size":["4"],"_uncode_sidebar_fill":["off"],"_uncode_header_type":["header_uncodeblock"],"_uncode_header_full_width":["on"],"_uncode_specific_menu_no_shadow":["off"],"_uncode_header_background":["a:6:{s:16:\"background-color\";s:10:\"color-wayh\";s:17:\"background-repeat\";s:0:\"\";s:21:\"background-attachment\";s:0:\"\";s:19:\"background-position\";s:0:\"\";s:15:\"background-size\";s:0:\"\";s:16:\"background-image\";s:0:\"\";}"],"_uncode_sidebar_sticky":["off"],"_uncode_menu_no_padding":["on"],"_uncode_menu_no_padding_mobile":["off"],"_uncode_fullpage_type":["curtain"],"_uncode_fullpage_opacity":["off"],"_uncode_scroll_dots":["off"],"_uncode_empty_dots":["off"],"_uncode_scroll_history":["off"],"_uncode_scroll_safe_padding":["on"],"_uncode_scroll_additional_padding":["0"],"_uncode_fullpage_mobile":["off"],"_uncode_scroll_snap":["off"],"_uncode_specific_layout_width_custom":["a:2:{i:0;s:0:\"\";i:1;s:2:\"px\";}"],"_uncode_specific_media":["off"],"_uncode_specific_tags_align":["left"],"_last_translation_edit_mode":["translation-editor"],"_yoast_wpseo_title":["60.4% of packaging waste was recycled in 2022"],"_yoast_wpseo_metadesc":["According to the data from the introducers, we achieved the planned recycling levels in 2022. Learn about the levels for each fraction"],"_yoast_wpseo_focuskw":["PPWR recycling level"],"_yoast_wpseo_opengraph-description":["According to the data from the introducers, we achieved the planned recycling levels in 2022. Learn about the levels for each fraction"],"_yoast_wpseo_twitter-title":["60.4% of packaging waste was recycled in 2022"],"_yoast_wpseo_twitter-description":["According to the data from the introducers, we achieved the planned recycling levels in 2022. Learn about the levels for each fraction"],"_yoast_wpseo_opengraph-title":["60.4% of packaging waste was recycled in 2022"]},"yoast_head":"<!-- This site is optimized with the Yoast SEO plugin v26.4 - https:\/\/yoast.com\/wordpress\/plugins\/seo\/ -->\n<title>60.4% of packaging waste was recycled in 2022<\/title>\n<meta name=\"description\" content=\"According to the data from the introducers, we achieved the planned recycling levels in 2022. Learn about the levels for each fraction\" \/>\n<meta name=\"robots\" content=\"index, follow, max-snippet:-1, max-image-preview:large, max-video-preview:-1\" \/>\n<link rel=\"canonical\" href=\"https:\/\/interzero.pl\/en\/blog\/the-recycling-rate-of-packaging-waste-in-2022-was-60-4\/\" \/>\n<meta property=\"og:locale\" content=\"en_GB\" \/>\n<meta property=\"og:type\" content=\"article\" \/>\n<meta property=\"og:title\" content=\"60.4% of packaging waste was recycled in 2022\" \/>\n<meta property=\"og:description\" content=\"According to the data from the introducers, we achieved the planned recycling levels in 2022. Learn about the levels for each fraction\" \/>\n<meta property=\"og:url\" content=\"https:\/\/interzero.pl\/en\/blog\/the-recycling-rate-of-packaging-waste-in-2022-was-60-4\/\" \/>\n<meta property=\"og:site_name\" content=\"Interzero Polska\" \/>\n<meta property=\"article:publisher\" content=\"https:\/\/www.facebook.com\/InterzeroPolska\" \/>\n<meta property=\"article:author\" content=\"Wiertnicza 165\" \/>\n<meta property=\"article:published_time\" content=\"2024-11-28T15:12:30+00:00\" \/>\n<meta property=\"article:modified_time\" content=\"2025-03-05T13:34:00+00:00\" \/>\n<meta property=\"og:image\" content=\"https:\/\/interzero.pl\/wp-content\/uploads\/sites\/12\/2024\/11\/604-odpadow-opakowaniowych-poddano-recyklingowi-w-2022-r-1024x691.jpg\" \/>\n<meta name=\"author\" content=\"Alicja Bre\u015b\" \/>\n<meta name=\"twitter:card\" content=\"summary_large_image\" \/>\n<meta name=\"twitter:title\" content=\"60.4% of packaging waste was recycled in 2022\" \/>\n<meta name=\"twitter:description\" content=\"According to the data from the introducers, we achieved the planned recycling levels in 2022. Learn about the levels for each fraction\" \/>\n<meta name=\"twitter:image\" content=\"https:\/\/interzero.pl\/wp-content\/uploads\/sites\/12\/2024\/11\/604-odpadow-opakowaniowych-poddano-recyklingowi-w-2022-r-1024x691.jpg\" \/>\n<meta name=\"twitter:label1\" content=\"Written by\" \/>\n\t<meta name=\"twitter:data1\" content=\"Alicja Bre\u015b\" \/>\n\t<meta name=\"twitter:label2\" content=\"Estimated reading time\" \/>\n\t<meta name=\"twitter:data2\" content=\"4 minutes\" \/>\n<script type=\"application\/ld+json\" class=\"yoast-schema-graph\">{\"@context\":\"https:\/\/schema.org\",\"@graph\":[{\"@type\":\"Article\",\"@id\":\"https:\/\/interzero.pl\/blog\/the-recycling-rate-of-packaging-waste-in-2022-was-60-4\/#article\",\"isPartOf\":{\"@id\":\"https:\/\/interzero.pl\/blog\/the-recycling-rate-of-packaging-waste-in-2022-was-60-4\/\"},\"author\":{\"name\":\"Alicja Bre\u015b\",\"@id\":\"https:\/\/interzero.pl\/#\/schema\/person\/bee6346cf79614311a93e78b72b564ef\"},\"headline\":\"The recycling rate of packaging waste in 2022 was 60.4%\",\"datePublished\":\"2024-11-28T15:12:30+00:00\",\"dateModified\":\"2025-03-05T13:34:00+00:00\",\"mainEntityOfPage\":{\"@id\":\"https:\/\/interzero.pl\/blog\/the-recycling-rate-of-packaging-waste-in-2022-was-60-4\/\"},\"wordCount\":784,\"publisher\":{\"@id\":\"https:\/\/interzero.pl\/#organization\"},\"image\":{\"@id\":\"https:\/\/interzero.pl\/blog\/the-recycling-rate-of-packaging-waste-in-2022-was-60-4\/#primaryimage\"},\"thumbnailUrl\":\"https:\/\/interzero.pl\/wp-content\/uploads\/sites\/12\/2024\/11\/604-odpadow-opakowaniowych-poddano-recyklingowi-w-2022-r.jpg\",\"articleSection\":[\"Bez kategorii\"],\"inLanguage\":\"en-GB\"},{\"@type\":\"WebPage\",\"@id\":\"https:\/\/interzero.pl\/blog\/the-recycling-rate-of-packaging-waste-in-2022-was-60-4\/\",\"url\":\"https:\/\/interzero.pl\/blog\/the-recycling-rate-of-packaging-waste-in-2022-was-60-4\/\",\"name\":\"60.4% of packaging waste was recycled in 2022\",\"isPartOf\":{\"@id\":\"https:\/\/interzero.pl\/#website\"},\"primaryImageOfPage\":{\"@id\":\"https:\/\/interzero.pl\/blog\/the-recycling-rate-of-packaging-waste-in-2022-was-60-4\/#primaryimage\"},\"image\":{\"@id\":\"https:\/\/interzero.pl\/blog\/the-recycling-rate-of-packaging-waste-in-2022-was-60-4\/#primaryimage\"},\"thumbnailUrl\":\"https:\/\/interzero.pl\/wp-content\/uploads\/sites\/12\/2024\/11\/604-odpadow-opakowaniowych-poddano-recyklingowi-w-2022-r.jpg\",\"datePublished\":\"2024-11-28T15:12:30+00:00\",\"dateModified\":\"2025-03-05T13:34:00+00:00\",\"description\":\"According to the data from the introducers, we achieved the planned recycling levels in 2022. Learn about the levels for each fraction\",\"breadcrumb\":{\"@id\":\"https:\/\/interzero.pl\/blog\/the-recycling-rate-of-packaging-waste-in-2022-was-60-4\/#breadcrumb\"},\"inLanguage\":\"en-GB\",\"potentialAction\":[{\"@type\":\"ReadAction\",\"target\":[\"https:\/\/interzero.pl\/blog\/the-recycling-rate-of-packaging-waste-in-2022-was-60-4\/\"]}]},{\"@type\":\"ImageObject\",\"inLanguage\":\"en-GB\",\"@id\":\"https:\/\/interzero.pl\/blog\/the-recycling-rate-of-packaging-waste-in-2022-was-60-4\/#primaryimage\",\"url\":\"https:\/\/interzero.pl\/wp-content\/uploads\/sites\/12\/2024\/11\/604-odpadow-opakowaniowych-poddano-recyklingowi-w-2022-r.jpg\",\"contentUrl\":\"https:\/\/interzero.pl\/wp-content\/uploads\/sites\/12\/2024\/11\/604-odpadow-opakowaniowych-poddano-recyklingowi-w-2022-r.jpg\",\"width\":1600,\"height\":1080,\"caption\":\"60.4% of packaging waste was recycled in 2022 | Interzero Poland\"},{\"@type\":\"BreadcrumbList\",\"@id\":\"https:\/\/interzero.pl\/blog\/the-recycling-rate-of-packaging-waste-in-2022-was-60-4\/#breadcrumb\",\"itemListElement\":[{\"@type\":\"ListItem\",\"position\":1,\"name\":\"Home\",\"item\":\"https:\/\/interzero.pl\/\"},{\"@type\":\"ListItem\",\"position\":2,\"name\":\"The recycling rate of packaging waste in 2022 was 60.4%\"}]},{\"@type\":\"WebSite\",\"@id\":\"https:\/\/interzero.pl\/#website\",\"url\":\"https:\/\/interzero.pl\/\",\"name\":\"Interzero Polska | Rozwi\u0105zania dla \u015bwiata bez odpad\u00f3w\",\"description\":\"Dostarczamy innowacyjne i kompleksowe rozwi\u0105zania  w zakresie ochrony \u015brodowiska.\",\"publisher\":{\"@id\":\"https:\/\/interzero.pl\/#organization\"},\"potentialAction\":[{\"@type\":\"SearchAction\",\"target\":{\"@type\":\"EntryPoint\",\"urlTemplate\":\"https:\/\/interzero.pl\/?s={search_term_string}\"},\"query-input\":{\"@type\":\"PropertyValueSpecification\",\"valueRequired\":true,\"valueName\":\"search_term_string\"}}],\"inLanguage\":\"en-GB\"},{\"@type\":\"Organization\",\"@id\":\"https:\/\/interzero.pl\/#organization\",\"name\":\"Interzero Polska\",\"url\":\"https:\/\/interzero.pl\/\",\"logo\":{\"@type\":\"ImageObject\",\"inLanguage\":\"en-GB\",\"@id\":\"https:\/\/interzero.pl\/#\/schema\/logo\/image\/\",\"url\":\"https:\/\/interzero.pl\/wp-content\/uploads\/sites\/12\/2024\/07\/Interzero.png\",\"contentUrl\":\"https:\/\/interzero.pl\/wp-content\/uploads\/sites\/12\/2024\/07\/Interzero.png\",\"width\":1920,\"height\":1080,\"caption\":\"Interzero Polska\"},\"image\":{\"@id\":\"https:\/\/interzero.pl\/#\/schema\/logo\/image\/\"},\"sameAs\":[\"https:\/\/www.facebook.com\/InterzeroPolska\",\"https:\/\/www.linkedin.com\/company\/interzero-zero-waste-solutions\/\"]},{\"@type\":\"Person\",\"@id\":\"https:\/\/interzero.pl\/#\/schema\/person\/bee6346cf79614311a93e78b72b564ef\",\"name\":\"Alicja Bre\u015b\",\"sameAs\":[\"Wiertnicza 165\"]}]}<\/script>\n<!-- \/ Yoast SEO plugin. -->","yoast_head_json":{"title":"60.4% of packaging waste was recycled in 2022","description":"According to the data from the introducers, we achieved the planned recycling levels in 2022. Learn about the levels for each fraction","robots":{"index":"index","follow":"follow","max-snippet":"max-snippet:-1","max-image-preview":"max-image-preview:large","max-video-preview":"max-video-preview:-1"},"canonical":"https:\/\/interzero.pl\/en\/blog\/the-recycling-rate-of-packaging-waste-in-2022-was-60-4\/","og_locale":"en_GB","og_type":"article","og_title":"60.4% of packaging waste was recycled in 2022","og_description":"According to the data from the introducers, we achieved the planned recycling levels in 2022. Learn about the levels for each fraction","og_url":"https:\/\/interzero.pl\/en\/blog\/the-recycling-rate-of-packaging-waste-in-2022-was-60-4\/","og_site_name":"Interzero Polska","article_publisher":"https:\/\/www.facebook.com\/InterzeroPolska","article_author":"Wiertnicza 165","article_published_time":"2024-11-28T15:12:30+00:00","article_modified_time":"2025-03-05T13:34:00+00:00","og_image":[{"url":"https:\/\/interzero.pl\/wp-content\/uploads\/sites\/12\/2024\/11\/604-odpadow-opakowaniowych-poddano-recyklingowi-w-2022-r-1024x691.jpg","type":"","width":"","height":""}],"author":"Alicja Bre\u015b","twitter_card":"summary_large_image","twitter_title":"60.4% of packaging waste was recycled in 2022","twitter_description":"According to the data from the introducers, we achieved the planned recycling levels in 2022. Learn about the levels for each fraction","twitter_image":"https:\/\/interzero.pl\/wp-content\/uploads\/sites\/12\/2024\/11\/604-odpadow-opakowaniowych-poddano-recyklingowi-w-2022-r-1024x691.jpg","twitter_misc":{"Written by":"Alicja Bre\u015b","Estimated reading time":"4 minutes"},"schema":{"@context":"https:\/\/schema.org","@graph":[{"@type":"Article","@id":"https:\/\/interzero.pl\/blog\/the-recycling-rate-of-packaging-waste-in-2022-was-60-4\/#article","isPartOf":{"@id":"https:\/\/interzero.pl\/blog\/the-recycling-rate-of-packaging-waste-in-2022-was-60-4\/"},"author":{"name":"Alicja Bre\u015b","@id":"https:\/\/interzero.pl\/#\/schema\/person\/bee6346cf79614311a93e78b72b564ef"},"headline":"The recycling rate of packaging waste in 2022 was 60.4%","datePublished":"2024-11-28T15:12:30+00:00","dateModified":"2025-03-05T13:34:00+00:00","mainEntityOfPage":{"@id":"https:\/\/interzero.pl\/blog\/the-recycling-rate-of-packaging-waste-in-2022-was-60-4\/"},"wordCount":784,"publisher":{"@id":"https:\/\/interzero.pl\/#organization"},"image":{"@id":"https:\/\/interzero.pl\/blog\/the-recycling-rate-of-packaging-waste-in-2022-was-60-4\/#primaryimage"},"thumbnailUrl":"https:\/\/interzero.pl\/wp-content\/uploads\/sites\/12\/2024\/11\/604-odpadow-opakowaniowych-poddano-recyklingowi-w-2022-r.jpg","articleSection":["Bez kategorii"],"inLanguage":"en-GB"},{"@type":"WebPage","@id":"https:\/\/interzero.pl\/blog\/the-recycling-rate-of-packaging-waste-in-2022-was-60-4\/","url":"https:\/\/interzero.pl\/blog\/the-recycling-rate-of-packaging-waste-in-2022-was-60-4\/","name":"60.4% of packaging waste was recycled in 2022","isPartOf":{"@id":"https:\/\/interzero.pl\/#website"},"primaryImageOfPage":{"@id":"https:\/\/interzero.pl\/blog\/the-recycling-rate-of-packaging-waste-in-2022-was-60-4\/#primaryimage"},"image":{"@id":"https:\/\/interzero.pl\/blog\/the-recycling-rate-of-packaging-waste-in-2022-was-60-4\/#primaryimage"},"thumbnailUrl":"https:\/\/interzero.pl\/wp-content\/uploads\/sites\/12\/2024\/11\/604-odpadow-opakowaniowych-poddano-recyklingowi-w-2022-r.jpg","datePublished":"2024-11-28T15:12:30+00:00","dateModified":"2025-03-05T13:34:00+00:00","description":"According to the data from the introducers, we achieved the planned recycling levels in 2022. Learn about the levels for each fraction","breadcrumb":{"@id":"https:\/\/interzero.pl\/blog\/the-recycling-rate-of-packaging-waste-in-2022-was-60-4\/#breadcrumb"},"inLanguage":"en-GB","potentialAction":[{"@type":"ReadAction","target":["https:\/\/interzero.pl\/blog\/the-recycling-rate-of-packaging-waste-in-2022-was-60-4\/"]}]},{"@type":"ImageObject","inLanguage":"en-GB","@id":"https:\/\/interzero.pl\/blog\/the-recycling-rate-of-packaging-waste-in-2022-was-60-4\/#primaryimage","url":"https:\/\/interzero.pl\/wp-content\/uploads\/sites\/12\/2024\/11\/604-odpadow-opakowaniowych-poddano-recyklingowi-w-2022-r.jpg","contentUrl":"https:\/\/interzero.pl\/wp-content\/uploads\/sites\/12\/2024\/11\/604-odpadow-opakowaniowych-poddano-recyklingowi-w-2022-r.jpg","width":1600,"height":1080,"caption":"60.4% of packaging waste was recycled in 2022 | Interzero Poland"},{"@type":"BreadcrumbList","@id":"https:\/\/interzero.pl\/blog\/the-recycling-rate-of-packaging-waste-in-2022-was-60-4\/#breadcrumb","itemListElement":[{"@type":"ListItem","position":1,"name":"Home","item":"https:\/\/interzero.pl\/"},{"@type":"ListItem","position":2,"name":"The recycling rate of packaging waste in 2022 was 60.4%"}]},{"@type":"WebSite","@id":"https:\/\/interzero.pl\/#website","url":"https:\/\/interzero.pl\/","name":"Interzero Polska | Solutions for a world without waste","description":"We provide innovative and comprehensive environmental solutions.","publisher":{"@id":"https:\/\/interzero.pl\/#organization"},"potentialAction":[{"@type":"SearchAction","target":{"@type":"EntryPoint","urlTemplate":"https:\/\/interzero.pl\/?s={search_term_string}"},"query-input":{"@type":"PropertyValueSpecification","valueRequired":true,"valueName":"search_term_string"}}],"inLanguage":"en-GB"},{"@type":"Organization","@id":"https:\/\/interzero.pl\/#organization","name":"Interzero Poland","url":"https:\/\/interzero.pl\/","logo":{"@type":"ImageObject","inLanguage":"en-GB","@id":"https:\/\/interzero.pl\/#\/schema\/logo\/image\/","url":"https:\/\/interzero.pl\/wp-content\/uploads\/sites\/12\/2024\/07\/Interzero.png","contentUrl":"https:\/\/interzero.pl\/wp-content\/uploads\/sites\/12\/2024\/07\/Interzero.png","width":1920,"height":1080,"caption":"Interzero Polska"},"image":{"@id":"https:\/\/interzero.pl\/#\/schema\/logo\/image\/"},"sameAs":["https:\/\/www.facebook.com\/InterzeroPolska","https:\/\/www.linkedin.com\/company\/interzero-zero-waste-solutions\/"]},{"@type":"Person","@id":"https:\/\/interzero.pl\/#\/schema\/person\/bee6346cf79614311a93e78b72b564ef","name":"Alicja Bre\u015b","sameAs":["Wiertnicza 165"]}]}},"_links":{"self":[{"href":"https:\/\/interzero.pl\/en\/wp-json\/wp\/v2\/posts\/17565","targetHints":{"allow":["GET"]}}],"collection":[{"href":"https:\/\/interzero.pl\/en\/wp-json\/wp\/v2\/posts"}],"about":[{"href":"https:\/\/interzero.pl\/en\/wp-json\/wp\/v2\/types\/post"}],"author":[{"embeddable":true,"href":"https:\/\/interzero.pl\/en\/wp-json\/wp\/v2\/users\/6"}],"replies":[{"embeddable":true,"href":"https:\/\/interzero.pl\/en\/wp-json\/wp\/v2\/comments?post=17565"}],"version-history":[{"count":1,"href":"https:\/\/interzero.pl\/en\/wp-json\/wp\/v2\/posts\/17565\/revisions"}],"predecessor-version":[{"id":17566,"href":"https:\/\/interzero.pl\/en\/wp-json\/wp\/v2\/posts\/17565\/revisions\/17566"}],"wp:featuredmedia":[{"embeddable":true,"href":"https:\/\/interzero.pl\/en\/wp-json\/wp\/v2\/media\/17552"}],"wp:attachment":[{"href":"https:\/\/interzero.pl\/en\/wp-json\/wp\/v2\/media?parent=17565"}],"wp:term":[{"taxonomy":"category","embeddable":true,"href":"https:\/\/interzero.pl\/en\/wp-json\/wp\/v2\/categories?post=17565"},{"taxonomy":"post_tag","embeddable":true,"href":"https:\/\/interzero.pl\/en\/wp-json\/wp\/v2\/tags?post=17565"}],"curies":[{"name":"wp","href":"https:\/\/api.w.org\/{rel}","templated":true}]}}