{"id":16776,"date":"2024-10-09T16:29:16","date_gmt":"2024-10-09T14:29:16","guid":{"rendered":"https:\/\/interzero.pl\/?p=16776"},"modified":"2024-10-10T08:31:37","modified_gmt":"2024-10-10T06:31:37","slug":"resources-saved-2023-raport-interzero","status":"publish","type":"post","link":"https:\/\/interzero.pl\/en\/blog\/resources-saved-2023-raport-interzero\/","title":{"rendered":"Recycling is about conserving resources: Interzero has saved primary raw materials equivalent to the textiles consumed by 28.6 million EU citizens"},"content":{"rendered":"<div class=\"wpb-content-wrapper\"><div data-parent=\"true\" class=\"vc_row row-container\" id=\"row-unique-0\"><div class=\"row limit-width row-parent\"><div class=\"wpb_row row-inner\"><div class=\"wpb_column pos-top pos-center align_left column_parent col-lg-6 single-internal-gutter\"><div class=\"uncol style-light\"  ><div class=\"uncoltable\"><div class=\"uncell no-block-padding\" ><div class=\"uncont\" ><div class=\"uncode-single-media  text-left\"><div class=\"single-wrapper\" style=\"max-width: 100%;\"><div class=\"tmb tmb-light  tmb-media-first tmb-media-last tmb-content-overlay tmb-no-bg\"><div class=\"t-inside\"><div class=\"t-entry-visual\"><div class=\"t-entry-visual-tc\"><div class=\"uncode-single-media-wrapper\"><img decoding=\"async\" class=\"wp-image-16779\" src=\"https:\/\/interzero.pl\/wp-content\/uploads\/sites\/12\/2024\/10\/Einsparungsgrafik-Textilien_PL_1920x1280px.jpg\" width=\"1920\" height=\"1280\" alt=\"Grafika przedstawia stert&#281; ubra&#324;. Napisy na grafice \" mln ton zasob odpowiada ilo surowc zu przez oko miliona obywateli ue w ci jednego roku poprzez konsumpcj tekstyli oraz gaz cieplarnianych rocznej emisji co2 generowanej wyniku korzystania z parlament europejski srcset=\"https:\/\/interzero.pl\/wp-content\/uploads\/sites\/12\/2024\/10\/Einsparungsgrafik-Textilien_PL_1920x1280px.jpg 1920w, https:\/\/interzero.pl\/wp-content\/uploads\/sites\/12\/2024\/10\/Einsparungsgrafik-Textilien_PL_1920x1280px-300x200.jpg 300w, https:\/\/interzero.pl\/wp-content\/uploads\/sites\/12\/2024\/10\/Einsparungsgrafik-Textilien_PL_1920x1280px-1024x683.jpg 1024w, https:\/\/interzero.pl\/wp-content\/uploads\/sites\/12\/2024\/10\/Einsparungsgrafik-Textilien_PL_1920x1280px-768x512.jpg 768w, https:\/\/interzero.pl\/wp-content\/uploads\/sites\/12\/2024\/10\/Einsparungsgrafik-Textilien_PL_1920x1280px-1536x1024.jpg 1536w, https:\/\/interzero.pl\/wp-content\/uploads\/sites\/12\/2024\/10\/Einsparungsgrafik-Textilien_PL_1920x1280px-350x233.jpg 350w, https:\/\/interzero.pl\/wp-content\/uploads\/sites\/12\/2024\/10\/Einsparungsgrafik-Textilien_PL_1920x1280px-uai-258x172.jpg 258w, https:\/\/interzero.pl\/wp-content\/uploads\/sites\/12\/2024\/10\/Einsparungsgrafik-Textilien_PL_1920x1280px-uai-1032x688.jpg 1032w, https:\/\/interzero.pl\/wp-content\/uploads\/sites\/12\/2024\/10\/Einsparungsgrafik-Textilien_PL_1920x1280px-uai-720x480.jpg 720w, https:\/\/interzero.pl\/wp-content\/uploads\/sites\/12\/2024\/10\/Einsparungsgrafik-Textilien_PL_1920x1280px-uai-516x344.jpg 516w, https:\/\/interzero.pl\/wp-content\/uploads\/sites\/12\/2024\/10\/Einsparungsgrafik-Textilien_PL_1920x1280px-uai-1440x960.jpg 1440w\" sizes=\"(max-width: 1920px) 100vw, 1920px\" \/><\/div>\n\t\t\t\t\t<\/div>\n\t\t\t\t<\/div><\/div><\/div><\/div><\/div><\/div><\/div><\/div><\/div><\/div><div class=\"wpb_column pos-top pos-center align_left column_parent col-lg-6 single-internal-gutter\"><div class=\"uncol style-light\"  ><div class=\"uncoltable\"><div class=\"uncell no-block-padding\" ><div class=\"uncont\" ><div class=\"vc_custom_heading_wrap\"><div class=\"heading-text el-text\" ><h1 class=\"h2\" ><span>Recycling is about conserving resources: Interzero has saved primary raw materials equivalent to the textiles consumed by 28.6 million EU citizens<\/span><\/h1><\/div><div class=\"clear\"><\/div><\/div><div class=\"vc_custom_heading_wrap\"><div class=\"heading-text el-text\" ><h4 class=\"h4 text-color-263416-color\" ><span><\/p><\/span><span><ul><\/span><span><li>Fraunhofer UMSICHT study shows positive environmental impact of recycling<\/li><\/span><span><li>Interzero saved approximately 1.2 million tonnes of greenhouse gases and 11.1 million tonnes of primary resources in 2023.<\/li><\/span><span><li>Europe's leading provider of closed-loop solutions is developing textile recycling, the potential of which provides incredible support for the protection of our climate and natural resources.<\/li><\/span><span><\/ul><\/span><span><p><\/span><\/h4><\/div><div class=\"clear\"><\/div><\/div><\/div><\/div><\/div><\/div><\/div><script id=\"script-row-unique-0\" data-row=\"script-row-unique-0\" type=\"text\/javascript\" class=\"vc_controls\">UNCODE.initRow(document.getElementById(\"row-unique-0\"));<\/script><\/div><\/div><\/div><div data-parent=\"true\" class=\"vc_row row-container\" id=\"row-unique-1\"><div class=\"row limit-width row-parent\"><div class=\"wpb_row row-inner\"><div class=\"wpb_column pos-top pos-center align_left column_parent col-lg-12 single-internal-gutter\"><div class=\"uncol style-light\"  ><div class=\"uncoltable\"><div class=\"uncell no-block-padding\" ><div class=\"uncont\" ><div class=\"uncode_text_column\" ><p><em>Berlin\/Cologne<\/em><\/p>\n<p>More recycling, less waste of resources: Recycling of raw materials is an effective lever against the exploitation of our planet and prevents further escalation of the climate crisis. This is evidenced by the results of the \"resources SAVED by recycling\" report published by Interzero: Europe's leading provider of closed-loop economy services, Interzero prevented a total of 1.2 million tonnes of greenhouse gas emissions in 2023 by recycling around 2.5 million tonnes of recyclable materials. This corresponds to the annualCO2 emissions generated by 4.5 million EU citizens through textile consumption alone. At the same time, Interzero and its customers were able to save more than 11.1 million tonnes of primary resources. This amount is comparable to the amount of raw materials consumed by around 28.6 million people in the EU in one year through textile consumption*.<\/p>\n<p>\"When we look at the potential for textile recycling, it becomes clear that it has huge environmental potential - this also shows how important it is to accelerate the transformation of the economy to a circular model at all levels.\" <strong>says Dr Axel Schweitzer, CEO and partner of Interzero<\/strong>. \"This applies in particular to recyclable materials that are not yet consistently subjected to this process.\"<\/p>\n<\/div><div class=\"vc_custom_heading_wrap\"><div class=\"heading-text el-text\" ><h3 class=\"h3 text-color-263416-color\" ><span><em>\"We want to close the textile circuit in cooperation with the industry and use our experience as an established system service provider to develop a holistic concept for collection, sorting and recycling.\" - <strong>says Dr. Axel Schweitzer<\/strong>. \"In this way, we are relieving the burden on the environment and helping companies to position themselves in a closed loop, i.e. in a sustainable and competitive way.\"<\/em><\/span><\/h3><\/div><div class=\"clear\"><\/div><\/div><div class=\"uncode_text_column\" ><p>In contrast to the recycling of other products (e.g. packaging), in terms of technology and development, textile recycling is still in its infancy: Every year, around 92 million tonnes of textiles are discarded worldwide. So far, only one per cent of this huge material flow goes into fibre recycling and thus back into the production cycle.<\/p>\n<p>The greatest pressure is currently coming from time - new EU legislation, such as the separate collection obligation or the envisaged producer responsibility for textiles (EPR), will already come into force in 2025; pressure on producers is also coming from regional governments - the German government's national strategy for a circular economy (NKWS) is an example.<\/p>\n<p>\n<\/div><div class=\"vc_custom_heading_wrap\"><div class=\"heading-text el-text\" ><h3 class=\"h3\" ><span><strong>Education as a key element in conscious transformation<\/strong><\/span><\/h3><\/div><div class=\"clear\"><\/div><\/div><div class=\"uncode_text_column\" ><p>For more than 15 years, Interzero has ensured that the environmental impact of recycling has been independently and scientifically verified in order to inform, educate and make a solid case for the economic transformation towards closed-loop recycling. The annual environmental performance report published by the Fraunhofer Institute for Environmental, Safety and Energy Technology (UMSICHT) reflects the long-term effect of Interzero's work - and helps our customers to communicate transparently about sustainability. For its comprehensive commitment to this cause, Interzero was awarded the German Sustainability Award 2024 in the category of waste management and recycling, as well as a special award in the field of resource transformation.<\/p>\n<\/div><div class=\"vc_custom_heading_wrap\"><div class=\"heading-text el-text\" ><h3 class=\"h3\" ><span><strong>About Interzero<\/strong><\/span><\/h3><\/div><div class=\"clear\"><\/div><\/div><div class=\"uncode_text_column\" ><p>Interzero is a European leader in environmental protection and the circular economy. It introduces innovative solutions to its customers that increase the efficiency of raw material use and minimise the adverse impact of companies on the environment. Interzero specialises in the closing of raw material cycles and comprehensive recycling services, environmental consulting and environmental education. The company designs and implements solutions in the spirit of the circular economy, preventing the waste of raw materials and optimising waste management. Interzero's experts support entrepreneurs at every stage: from the optimisation of recovery and recycling processes, through audits and training, to the implementation of composting machines, bottle machines and remotely managed waste bins. All of these activities facilitate the implementation of changes towards a modern, closed-loop economy.<\/p>\n<p><em>*These comparisons are based on data from the European Parliament.<\/em><\/p>\n<\/div><\/div><\/div><\/div><\/div><\/div><script id=\"script-row-unique-1\" data-row=\"script-row-unique-1\" type=\"text\/javascript\" class=\"vc_controls\">UNCODE.initRow(document.getElementById(\"row-unique-1\"));<\/script><\/div><\/div><\/div>\n<\/div>","protected":false},"excerpt":{"rendered":"<p>Interzero publishes results of 'resources SAVED by recycling 2023' report<\/p>","protected":false},"author":6,"featured_media":16779,"comment_status":"closed","ping_status":"closed","sticky":false,"template":"","format":"standard","meta":{"_acf_changed":false,"inline_featured_image":false,"footnotes":""},"categories":[1,32],"tags":[],"class_list":["post-16776","post","type-post","status-publish","format-standard","has-post-thumbnail","hentry","category-bez-kategorii","category-aktualnosci"],"acf":[],"cp_meta_data":{"_wpml_media_featured":["1"],"_wpml_media_duplicate":["1"],"_edit_lock":["1728541784:28"],"_edit_last":["28"],"_uncode_specific_main_width":["a:2:{i:0;s:4:\"1200\";i:1;s:2:\"px\";}"],"_uncode_specific_menu_remove":["off"],"_uncode_specific_menu_opaque":["off"],"_uncode_specific_menu_no_shadow":["off"],"_uncode_blocks_list":["5704"],"_uncode_header_full_width":["on"],"_uncode_header_height":["a:2:{i:0;s:2:\"50\";i:1;s:1:\"%\";}"],"_uncode_header_title":["on"],"_uncode_header_title_custom":["off"],"_uncode_header_style":["dark"],"_uncode_header_content_width":["off"],"_uncode_header_custom_width":["100"],"_uncode_header_align":["left"],"_uncode_header_position":["header-center header-middle"],"_uncode_header_title_size":["h1"],"_uncode_header_title_italic":["off"],"_uncode_header_featured":["on"],"_uncode_header_background":["a:6:{s:16:\"background-color\";s:10:\"color-wayh\";s:17:\"background-repeat\";s:0:\"\";s:21:\"background-attachment\";s:0:\"\";s:19:\"background-position\";s:0:\"\";s:15:\"background-size\";s:0:\"\";s:16:\"background-image\";s:0:\"\";}"],"_uncode_header_parallax":["off"],"_uncode_header_overlay_color_alpha":["100"],"_uncode_header_scroll_opacity":["off"],"_uncode_header_scrolldown":["off"],"_uncode_specific_layout_width_custom":["a:2:{i:0;s:0:\"\";i:1;s:2:\"px\";}"],"_uncode_specific_media":["off"],"_uncode_specific_tags_align":["left"],"_uncode_sidebar_position":["sidebar_right"],"_uncode_sidebar_size":["4"],"_uncode_sidebar_sticky":["off"],"_uncode_sidebar_fill":["off"],"_uncode_specific_copy_hide":["off"],"_uncode_specific_footer_uparrow_hide":["off"],"_uncode_secondary_thumbnail_id":["0"],"_uncode_header_type":["header_uncodeblock"],"_uncode_menu_no_padding":["on"],"_uncode_menu_no_padding_mobile":["off"],"_wpb_vc_js_status":["true"],"cmplz_hide_cookiebanner":[""],"_wp_old_date":["2023-02-15"],"_uncode_fullpage_type":["curtain"],"_uncode_fullpage_opacity":["off"],"_uncode_scroll_dots":["off"],"_uncode_empty_dots":["off"],"_uncode_scroll_history":["off"],"_uncode_scroll_safe_padding":["on"],"_uncode_scroll_additional_padding":["0"],"_uncode_fullpage_mobile":["off"],"_uncode_scroll_snap":["off"],"_yoast_wpseo_content_score":["30"],"_yoast_wpseo_estimated-reading-time-minutes":["3"],"_yoast_wpseo_wordproof_timestamp":[""],"_yoast_wpseo_primary_category":[""],"_wpml_word_count":["{\"total\":724,\"to_translate\":{\"en\":724}}"],"_wpml_location_migration_done":["1"],"_wp_old_slug":["wez-udzial-w-szkoleniu-pt-ppwr-nowe-wyzwanie-dla-wprowadzajacych-produkty-w-opakowaniach"],"_oembed_e412b5d5f3f9cbaf4aaff94b08065643":["{{unknown}}"],"_oembed_85cb3688a0c607d1cc50c3c364b2971f":["{{unknown}}"],"_oembed_1305493e57dec6513bbd2a3f1fb38792":["{{unknown}}"],"_yoast_wpseo_metadesc":["Interzero zaoszcz\u0119dzi\u0142o surowce pierwotne o r\u00f3wnowarto\u015bci tekstyli\u00f3w zu\u017cywanych przez 28,6 miliona obywateli UE"],"_yoast_wpseo_focuskw":["tekstylia; recykling tekstyli\u00f3w; circular economy; gospodarka cyrkularna; gospodarka o obiegu zamkni\u0119tym"],"_yoast_wpseo_title":["Raport Interzero \u2018Resources SAVED by recycling 2023\u2019"],"_yoast_wpseo_linkdex":["51"],"_oembed_7cda0e571b8f2d6dce543161cb847c65":["{{unknown}}"],"_oembed_cb0273886301be0514147a5433e05ebc":["<blockquote class=\"wp-embedded-content\" data-secret=\"Edm1mol0vz\"><a href=\"https:\/\/interzero.pl\/uslugi\/made4loop-system-depozytowy-opakowan-wielokrotnego-uzytku\/\">Made4Loop \u2013 system depozytowy opakowa\u0144 wielokrotnego u\u017cytku<\/a><\/blockquote><iframe class=\"wp-embedded-content\" sandbox=\"allow-scripts\" security=\"restricted\" style=\"position: absolute; clip: rect(1px, 1px, 1px, 1px);\" title=\"&#8222;Made4Loop \u2013 system depozytowy opakowa\u0144 wielokrotnego u\u017cytku&#8221; &#8212; Interzero Polska\" src=\"https:\/\/interzero.pl\/uslugi\/made4loop-system-depozytowy-opakowan-wielokrotnego-uzytku\/embed\/#?secret=eNDFRbKgrg#?secret=Edm1mol0vz\" data-secret=\"Edm1mol0vz\" width=\"361\" height=\"204\" frameborder=\"0\" marginwidth=\"0\" marginheight=\"0\" scrolling=\"no\"><\/iframe>"],"_oembed_time_cb0273886301be0514147a5433e05ebc":["1704445627"],"_yoast_wpseo_opengraph-title":["Raport Interzero \u2018Resources SAVED by recycling 2023\u2019"],"_yoast_wpseo_opengraph-description":["Interzero zaoszcz\u0119dzi\u0142o surowce pierwotne o r\u00f3wnowarto\u015bci tekstyli\u00f3w zu\u017cywanych przez 28,6 miliona obywateli UE"],"_yoast_wpseo_opengraph-image":["https:\/\/interzero.pl\/wp-content\/uploads\/sites\/12\/2024\/10\/Einsparungsgrafik-Textilien_PL_1920x1280px-1024x683.jpg"],"_yoast_wpseo_opengraph-image-id":["16779"],"_yoast_wpseo_twitter-title":["Raport Interzero \u2018Resources SAVED by recycling 2023\u2019"],"_yoast_wpseo_twitter-description":["Interzero zaoszcz\u0119dzi\u0142o surowce pierwotne o r\u00f3wnowarto\u015bci tekstyli\u00f3w zu\u017cywanych przez 28,6 miliona obywateli UE"],"_yoast_wpseo_twitter-image":["https:\/\/interzero.pl\/wp-content\/uploads\/sites\/12\/2024\/10\/Einsparungsgrafik-Textilien_PL_1920x1280px-1024x683.jpg"],"_yoast_wpseo_twitter-image-id":["16779"],"_wpb_post_custom_layout":["default"],"ao_post_optimize":["a:6:{s:16:\"ao_post_optimize\";s:2:\"on\";s:19:\"ao_post_js_optimize\";s:2:\"on\";s:20:\"ao_post_css_optimize\";s:2:\"on\";s:12:\"ao_post_ccss\";s:2:\"on\";s:16:\"ao_post_lazyload\";s:2:\"on\";s:15:\"ao_post_preload\";s:0:\"\";}"],"_cmplz_remote_scanned_post":["1"],"_thumbnail_id":["16779"]},"yoast_head":"<!-- This site is optimized with the Yoast SEO plugin v26.4 - https:\/\/yoast.com\/wordpress\/plugins\/seo\/ -->\n<title>Raport Interzero \u2018Resources SAVED by recycling 2023\u2019<\/title>\n<meta name=\"description\" content=\"Interzero zaoszcz\u0119dzi\u0142o surowce pierwotne o r\u00f3wnowarto\u015bci tekstyli\u00f3w zu\u017cywanych przez 28,6 miliona obywateli UE\" \/>\n<meta name=\"robots\" content=\"index, follow, max-snippet:-1, max-image-preview:large, max-video-preview:-1\" \/>\n<link rel=\"canonical\" href=\"https:\/\/interzero.pl\/en\/blog\/resources-saved-2023-raport-interzero\/\" \/>\n<meta property=\"og:locale\" content=\"en_GB\" \/>\n<meta property=\"og:type\" content=\"article\" \/>\n<meta property=\"og:title\" content=\"Raport Interzero \u2018Resources SAVED by recycling 2023\u2019\" \/>\n<meta property=\"og:description\" content=\"Interzero zaoszcz\u0119dzi\u0142o surowce pierwotne o r\u00f3wnowarto\u015bci tekstyli\u00f3w zu\u017cywanych przez 28,6 miliona obywateli UE\" \/>\n<meta property=\"og:url\" content=\"https:\/\/interzero.pl\/en\/blog\/resources-saved-2023-raport-interzero\/\" \/>\n<meta property=\"og:site_name\" content=\"Interzero Polska\" \/>\n<meta property=\"article:publisher\" content=\"https:\/\/www.facebook.com\/InterzeroPolska\" \/>\n<meta property=\"article:author\" content=\"Wiertnicza 165\" \/>\n<meta property=\"article:published_time\" content=\"2024-10-09T14:29:16+00:00\" \/>\n<meta property=\"article:modified_time\" content=\"2024-10-10T06:31:37+00:00\" \/>\n<meta property=\"og:image\" content=\"https:\/\/interzero.pl\/wp-content\/uploads\/sites\/12\/2024\/10\/Einsparungsgrafik-Textilien_PL_1920x1280px.jpg\" \/>\n\t<meta property=\"og:image:width\" content=\"1920\" \/>\n\t<meta property=\"og:image:height\" content=\"1280\" \/>\n\t<meta property=\"og:image:type\" content=\"image\/jpeg\" \/>\n<meta name=\"author\" content=\"Alicja Bre\u015b\" \/>\n<meta name=\"twitter:card\" content=\"summary_large_image\" \/>\n<meta name=\"twitter:title\" content=\"Raport Interzero \u2018Resources SAVED by recycling 2023\u2019\" \/>\n<meta name=\"twitter:description\" content=\"Interzero zaoszcz\u0119dzi\u0142o surowce pierwotne o r\u00f3wnowarto\u015bci tekstyli\u00f3w zu\u017cywanych przez 28,6 miliona obywateli UE\" \/>\n<meta name=\"twitter:image\" content=\"https:\/\/interzero.pl\/wp-content\/uploads\/sites\/12\/2024\/10\/Einsparungsgrafik-Textilien_PL_1920x1280px.jpg\" \/>\n<meta name=\"twitter:label1\" content=\"Written by\" \/>\n\t<meta name=\"twitter:data1\" content=\"Alicja Bre\u015b\" \/>\n\t<meta name=\"twitter:label2\" content=\"Estimated reading time\" \/>\n\t<meta name=\"twitter:data2\" content=\"3 minutes\" \/>\n<script type=\"application\/ld+json\" class=\"yoast-schema-graph\">{\"@context\":\"https:\/\/schema.org\",\"@graph\":[{\"@type\":\"Article\",\"@id\":\"https:\/\/interzero.pl\/blog\/resources-saved-2023-raport-interzero\/#article\",\"isPartOf\":{\"@id\":\"https:\/\/interzero.pl\/blog\/resources-saved-2023-raport-interzero\/\"},\"author\":{\"name\":\"Alicja Bre\u015b\",\"@id\":\"https:\/\/interzero.pl\/#\/schema\/person\/bee6346cf79614311a93e78b72b564ef\"},\"headline\":\"Recykling to ochrona zasob\u00f3w: Interzero zaoszcz\u0119dzi\u0142o surowce pierwotne o r\u00f3wnowarto\u015bci tekstyli\u00f3w zu\u017cywanych przez 28,6 miliona obywateli UE\",\"datePublished\":\"2024-10-09T14:29:16+00:00\",\"dateModified\":\"2024-10-10T06:31:37+00:00\",\"mainEntityOfPage\":{\"@id\":\"https:\/\/interzero.pl\/blog\/resources-saved-2023-raport-interzero\/\"},\"wordCount\":914,\"publisher\":{\"@id\":\"https:\/\/interzero.pl\/#organization\"},\"image\":{\"@id\":\"https:\/\/interzero.pl\/blog\/resources-saved-2023-raport-interzero\/#primaryimage\"},\"thumbnailUrl\":\"https:\/\/interzero.pl\/wp-content\/uploads\/sites\/12\/2024\/10\/Einsparungsgrafik-Textilien_PL_1920x1280px.jpg\",\"articleSection\":[\"Bez kategorii\",\"Aktualno\u015bci\"],\"inLanguage\":\"en-GB\"},{\"@type\":\"WebPage\",\"@id\":\"https:\/\/interzero.pl\/blog\/resources-saved-2023-raport-interzero\/\",\"url\":\"https:\/\/interzero.pl\/blog\/resources-saved-2023-raport-interzero\/\",\"name\":\"Raport Interzero \u2018Resources SAVED by recycling 2023\u2019\",\"isPartOf\":{\"@id\":\"https:\/\/interzero.pl\/#website\"},\"primaryImageOfPage\":{\"@id\":\"https:\/\/interzero.pl\/blog\/resources-saved-2023-raport-interzero\/#primaryimage\"},\"image\":{\"@id\":\"https:\/\/interzero.pl\/blog\/resources-saved-2023-raport-interzero\/#primaryimage\"},\"thumbnailUrl\":\"https:\/\/interzero.pl\/wp-content\/uploads\/sites\/12\/2024\/10\/Einsparungsgrafik-Textilien_PL_1920x1280px.jpg\",\"datePublished\":\"2024-10-09T14:29:16+00:00\",\"dateModified\":\"2024-10-10T06:31:37+00:00\",\"description\":\"Interzero zaoszcz\u0119dzi\u0142o surowce pierwotne o r\u00f3wnowarto\u015bci tekstyli\u00f3w zu\u017cywanych przez 28,6 miliona obywateli UE\",\"breadcrumb\":{\"@id\":\"https:\/\/interzero.pl\/blog\/resources-saved-2023-raport-interzero\/#breadcrumb\"},\"inLanguage\":\"en-GB\",\"potentialAction\":[{\"@type\":\"ReadAction\",\"target\":[\"https:\/\/interzero.pl\/blog\/resources-saved-2023-raport-interzero\/\"]}]},{\"@type\":\"ImageObject\",\"inLanguage\":\"en-GB\",\"@id\":\"https:\/\/interzero.pl\/blog\/resources-saved-2023-raport-interzero\/#primaryimage\",\"url\":\"https:\/\/interzero.pl\/wp-content\/uploads\/sites\/12\/2024\/10\/Einsparungsgrafik-Textilien_PL_1920x1280px.jpg\",\"contentUrl\":\"https:\/\/interzero.pl\/wp-content\/uploads\/sites\/12\/2024\/10\/Einsparungsgrafik-Textilien_PL_1920x1280px.jpg\",\"width\":1920,\"height\":1280,\"caption\":\"Grafika przedstawia stert\u0119 ubra\u0144. Napisy na grafice \\\"11,1 mln ton zasob\u00f3w odpowiada ilo\u015bci surowc\u00f3w zu\u017cywanych przez oko\u0142o 28,6 miliona obywateli UE w ci\u0105gu jednego roku poprzez konsumpcj\u0119 tekstyli\u00f3w*.\\\" oraz \\\"1,2 mln ton gaz\u00f3w cieplarnianych odpowiada rocznej emisji CO2 generowanej przez oko\u0142o 4,5 miliona obywateli UE w wyniku korzystania z tekstyli\u00f3w*.\\\" *\u0179r\u00f3d\u0142o: Parlament Europejski\"},{\"@type\":\"BreadcrumbList\",\"@id\":\"https:\/\/interzero.pl\/blog\/resources-saved-2023-raport-interzero\/#breadcrumb\",\"itemListElement\":[{\"@type\":\"ListItem\",\"position\":1,\"name\":\"Home\",\"item\":\"https:\/\/interzero.pl\/\"},{\"@type\":\"ListItem\",\"position\":2,\"name\":\"Recykling to ochrona zasob\u00f3w: Interzero zaoszcz\u0119dzi\u0142o surowce pierwotne o r\u00f3wnowarto\u015bci tekstyli\u00f3w zu\u017cywanych przez 28,6 miliona obywateli UE\"}]},{\"@type\":\"WebSite\",\"@id\":\"https:\/\/interzero.pl\/#website\",\"url\":\"https:\/\/interzero.pl\/\",\"name\":\"Interzero Polska | Rozwi\u0105zania dla \u015bwiata bez odpad\u00f3w\",\"description\":\"Dostarczamy innowacyjne i kompleksowe rozwi\u0105zania  w zakresie ochrony \u015brodowiska.\",\"publisher\":{\"@id\":\"https:\/\/interzero.pl\/#organization\"},\"potentialAction\":[{\"@type\":\"SearchAction\",\"target\":{\"@type\":\"EntryPoint\",\"urlTemplate\":\"https:\/\/interzero.pl\/?s={search_term_string}\"},\"query-input\":{\"@type\":\"PropertyValueSpecification\",\"valueRequired\":true,\"valueName\":\"search_term_string\"}}],\"inLanguage\":\"en-GB\"},{\"@type\":\"Organization\",\"@id\":\"https:\/\/interzero.pl\/#organization\",\"name\":\"Interzero Polska\",\"url\":\"https:\/\/interzero.pl\/\",\"logo\":{\"@type\":\"ImageObject\",\"inLanguage\":\"en-GB\",\"@id\":\"https:\/\/interzero.pl\/#\/schema\/logo\/image\/\",\"url\":\"https:\/\/interzero.pl\/wp-content\/uploads\/sites\/12\/2024\/07\/Interzero.png\",\"contentUrl\":\"https:\/\/interzero.pl\/wp-content\/uploads\/sites\/12\/2024\/07\/Interzero.png\",\"width\":1920,\"height\":1080,\"caption\":\"Interzero Polska\"},\"image\":{\"@id\":\"https:\/\/interzero.pl\/#\/schema\/logo\/image\/\"},\"sameAs\":[\"https:\/\/www.facebook.com\/InterzeroPolska\",\"https:\/\/www.linkedin.com\/company\/interzero-zero-waste-solutions\/\"]},{\"@type\":\"Person\",\"@id\":\"https:\/\/interzero.pl\/#\/schema\/person\/bee6346cf79614311a93e78b72b564ef\",\"name\":\"Alicja Bre\u015b\",\"sameAs\":[\"Wiertnicza 165\"]}]}<\/script>\n<!-- \/ Yoast SEO plugin. -->","yoast_head_json":{"title":"Interzero 'Resources SAVED by recycling 2023' report","description":"Interzero has saved primary raw materials equivalent to the textiles consumed by 28.6 million EU citizens","robots":{"index":"index","follow":"follow","max-snippet":"max-snippet:-1","max-image-preview":"max-image-preview:large","max-video-preview":"max-video-preview:-1"},"canonical":"https:\/\/interzero.pl\/en\/blog\/resources-saved-2023-raport-interzero\/","og_locale":"en_GB","og_type":"article","og_title":"Raport Interzero \u2018Resources SAVED by recycling 2023\u2019","og_description":"Interzero zaoszcz\u0119dzi\u0142o surowce pierwotne o r\u00f3wnowarto\u015bci tekstyli\u00f3w zu\u017cywanych przez 28,6 miliona obywateli UE","og_url":"https:\/\/interzero.pl\/en\/blog\/resources-saved-2023-raport-interzero\/","og_site_name":"Interzero Polska","article_publisher":"https:\/\/www.facebook.com\/InterzeroPolska","article_author":"Wiertnicza 165","article_published_time":"2024-10-09T14:29:16+00:00","article_modified_time":"2024-10-10T06:31:37+00:00","og_image":[{"width":1920,"height":1280,"url":"https:\/\/interzero.pl\/wp-content\/uploads\/sites\/12\/2024\/10\/Einsparungsgrafik-Textilien_PL_1920x1280px.jpg","type":"image\/jpeg"}],"author":"Alicja Bre\u015b","twitter_card":"summary_large_image","twitter_title":"Raport Interzero \u2018Resources SAVED by recycling 2023\u2019","twitter_description":"Interzero zaoszcz\u0119dzi\u0142o surowce pierwotne o r\u00f3wnowarto\u015bci tekstyli\u00f3w zu\u017cywanych przez 28,6 miliona obywateli UE","twitter_image":"https:\/\/interzero.pl\/wp-content\/uploads\/sites\/12\/2024\/10\/Einsparungsgrafik-Textilien_PL_1920x1280px.jpg","twitter_misc":{"Written by":"Alicja Bre\u015b","Estimated reading time":"3 minutes"},"schema":{"@context":"https:\/\/schema.org","@graph":[{"@type":"Article","@id":"https:\/\/interzero.pl\/blog\/resources-saved-2023-raport-interzero\/#article","isPartOf":{"@id":"https:\/\/interzero.pl\/blog\/resources-saved-2023-raport-interzero\/"},"author":{"name":"Alicja Bre\u015b","@id":"https:\/\/interzero.pl\/#\/schema\/person\/bee6346cf79614311a93e78b72b564ef"},"headline":"Recykling to ochrona zasob\u00f3w: Interzero zaoszcz\u0119dzi\u0142o surowce pierwotne o r\u00f3wnowarto\u015bci tekstyli\u00f3w zu\u017cywanych przez 28,6 miliona obywateli UE","datePublished":"2024-10-09T14:29:16+00:00","dateModified":"2024-10-10T06:31:37+00:00","mainEntityOfPage":{"@id":"https:\/\/interzero.pl\/blog\/resources-saved-2023-raport-interzero\/"},"wordCount":914,"publisher":{"@id":"https:\/\/interzero.pl\/#organization"},"image":{"@id":"https:\/\/interzero.pl\/blog\/resources-saved-2023-raport-interzero\/#primaryimage"},"thumbnailUrl":"https:\/\/interzero.pl\/wp-content\/uploads\/sites\/12\/2024\/10\/Einsparungsgrafik-Textilien_PL_1920x1280px.jpg","articleSection":["Bez kategorii","Aktualno\u015bci"],"inLanguage":"en-GB"},{"@type":"WebPage","@id":"https:\/\/interzero.pl\/blog\/resources-saved-2023-raport-interzero\/","url":"https:\/\/interzero.pl\/blog\/resources-saved-2023-raport-interzero\/","name":"Interzero 'Resources SAVED by recycling 2023' report","isPartOf":{"@id":"https:\/\/interzero.pl\/#website"},"primaryImageOfPage":{"@id":"https:\/\/interzero.pl\/blog\/resources-saved-2023-raport-interzero\/#primaryimage"},"image":{"@id":"https:\/\/interzero.pl\/blog\/resources-saved-2023-raport-interzero\/#primaryimage"},"thumbnailUrl":"https:\/\/interzero.pl\/wp-content\/uploads\/sites\/12\/2024\/10\/Einsparungsgrafik-Textilien_PL_1920x1280px.jpg","datePublished":"2024-10-09T14:29:16+00:00","dateModified":"2024-10-10T06:31:37+00:00","description":"Interzero has saved primary raw materials equivalent to the textiles consumed by 28.6 million EU citizens","breadcrumb":{"@id":"https:\/\/interzero.pl\/blog\/resources-saved-2023-raport-interzero\/#breadcrumb"},"inLanguage":"en-GB","potentialAction":[{"@type":"ReadAction","target":["https:\/\/interzero.pl\/blog\/resources-saved-2023-raport-interzero\/"]}]},{"@type":"ImageObject","inLanguage":"en-GB","@id":"https:\/\/interzero.pl\/blog\/resources-saved-2023-raport-interzero\/#primaryimage","url":"https:\/\/interzero.pl\/wp-content\/uploads\/sites\/12\/2024\/10\/Einsparungsgrafik-Textilien_PL_1920x1280px.jpg","contentUrl":"https:\/\/interzero.pl\/wp-content\/uploads\/sites\/12\/2024\/10\/Einsparungsgrafik-Textilien_PL_1920x1280px.jpg","width":1920,"height":1280,"caption":"Grafika przedstawia stert\u0119 ubra\u0144. Napisy na grafice \"11,1 mln ton zasob\u00f3w odpowiada ilo\u015bci surowc\u00f3w zu\u017cywanych przez oko\u0142o 28,6 miliona obywateli UE w ci\u0105gu jednego roku poprzez konsumpcj\u0119 tekstyli\u00f3w*.\" oraz \"1,2 mln ton gaz\u00f3w cieplarnianych odpowiada rocznej emisji CO2 generowanej przez oko\u0142o 4,5 miliona obywateli UE w wyniku korzystania z tekstyli\u00f3w*.\" *\u0179r\u00f3d\u0142o: Parlament Europejski"},{"@type":"BreadcrumbList","@id":"https:\/\/interzero.pl\/blog\/resources-saved-2023-raport-interzero\/#breadcrumb","itemListElement":[{"@type":"ListItem","position":1,"name":"Home","item":"https:\/\/interzero.pl\/"},{"@type":"ListItem","position":2,"name":"Recykling to ochrona zasob\u00f3w: Interzero zaoszcz\u0119dzi\u0142o surowce pierwotne o r\u00f3wnowarto\u015bci tekstyli\u00f3w zu\u017cywanych przez 28,6 miliona obywateli UE"}]},{"@type":"WebSite","@id":"https:\/\/interzero.pl\/#website","url":"https:\/\/interzero.pl\/","name":"Interzero Polska | Solutions for a world without waste","description":"We provide innovative and comprehensive environmental solutions.","publisher":{"@id":"https:\/\/interzero.pl\/#organization"},"potentialAction":[{"@type":"SearchAction","target":{"@type":"EntryPoint","urlTemplate":"https:\/\/interzero.pl\/?s={search_term_string}"},"query-input":{"@type":"PropertyValueSpecification","valueRequired":true,"valueName":"search_term_string"}}],"inLanguage":"en-GB"},{"@type":"Organization","@id":"https:\/\/interzero.pl\/#organization","name":"Interzero Poland","url":"https:\/\/interzero.pl\/","logo":{"@type":"ImageObject","inLanguage":"en-GB","@id":"https:\/\/interzero.pl\/#\/schema\/logo\/image\/","url":"https:\/\/interzero.pl\/wp-content\/uploads\/sites\/12\/2024\/07\/Interzero.png","contentUrl":"https:\/\/interzero.pl\/wp-content\/uploads\/sites\/12\/2024\/07\/Interzero.png","width":1920,"height":1080,"caption":"Interzero Polska"},"image":{"@id":"https:\/\/interzero.pl\/#\/schema\/logo\/image\/"},"sameAs":["https:\/\/www.facebook.com\/InterzeroPolska","https:\/\/www.linkedin.com\/company\/interzero-zero-waste-solutions\/"]},{"@type":"Person","@id":"https:\/\/interzero.pl\/#\/schema\/person\/bee6346cf79614311a93e78b72b564ef","name":"Alicja Bre\u015b","sameAs":["Wiertnicza 165"]}]}},"_links":{"self":[{"href":"https:\/\/interzero.pl\/en\/wp-json\/wp\/v2\/posts\/16776","targetHints":{"allow":["GET"]}}],"collection":[{"href":"https:\/\/interzero.pl\/en\/wp-json\/wp\/v2\/posts"}],"about":[{"href":"https:\/\/interzero.pl\/en\/wp-json\/wp\/v2\/types\/post"}],"author":[{"embeddable":true,"href":"https:\/\/interzero.pl\/en\/wp-json\/wp\/v2\/users\/6"}],"replies":[{"embeddable":true,"href":"https:\/\/interzero.pl\/en\/wp-json\/wp\/v2\/comments?post=16776"}],"version-history":[{"count":8,"href":"https:\/\/interzero.pl\/en\/wp-json\/wp\/v2\/posts\/16776\/revisions"}],"predecessor-version":[{"id":16794,"href":"https:\/\/interzero.pl\/en\/wp-json\/wp\/v2\/posts\/16776\/revisions\/16794"}],"wp:featuredmedia":[{"embeddable":true,"href":"https:\/\/interzero.pl\/en\/wp-json\/wp\/v2\/media\/16779"}],"wp:attachment":[{"href":"https:\/\/interzero.pl\/en\/wp-json\/wp\/v2\/media?parent=16776"}],"wp:term":[{"taxonomy":"category","embeddable":true,"href":"https:\/\/interzero.pl\/en\/wp-json\/wp\/v2\/categories?post=16776"},{"taxonomy":"post_tag","embeddable":true,"href":"https:\/\/interzero.pl\/en\/wp-json\/wp\/v2\/tags?post=16776"}],"curies":[{"name":"wp","href":"https:\/\/api.w.org\/{rel}","templated":true}]}}