{"id":16641,"date":"2024-09-25T11:22:00","date_gmt":"2024-09-25T09:22:00","guid":{"rendered":"https:\/\/interzero.pl\/?p=16641"},"modified":"2024-09-25T11:22:00","modified_gmt":"2024-09-25T09:22:00","slug":"nowa-przestrzen-interzero-plastics-innovations","status":"publish","type":"post","link":"https:\/\/interzero.pl\/en\/blog\/nowa-przestrzen-interzero-plastics-innovations\/","title":{"rendered":"New space for innovation: Interzero Plastics Innovations celebrates move to new state-of-the-art laboratories and offices"},"content":{"rendered":"<div class=\"wpb-content-wrapper\"><div data-parent=\"true\" class=\"vc_row row-container\" id=\"row-unique-0\"><div class=\"row limit-width row-parent\"><div class=\"wpb_row row-inner\"><div class=\"wpb_column pos-top pos-center align_center column_parent col-lg-6 single-internal-gutter\"><div class=\"uncol style-light\"  ><div class=\"uncoltable\"><div class=\"uncell no-block-padding\" ><div class=\"uncont\" ><div class=\"uncode-single-media  text-left\"><div class=\"single-wrapper\" style=\"max-width: 100%;\"><a class=\"single-media-link\" href=\"https:\/\/interzero.pl\/en\/\"><div class=\"tmb tmb-light  tmb-media-first tmb-media-last tmb-content-overlay tmb-no-bg\"><div class=\"t-inside\"><div class=\"t-entry-visual\"><div class=\"t-entry-visual-tc\"><div class=\"uncode-single-media-wrapper\"><img decoding=\"async\" class=\"wp-image-16644\" src=\"https:\/\/interzero.pl\/wp-content\/uploads\/sites\/12\/2024\/09\/DSC_3588.jpg\" width=\"2500\" height=\"1667\" alt=\"Wysocy rang&#261; go&#347;cie ze &#347;wiata biznesu i polityki zebrali si&#281; w Lenart w S&#322;owenii, aby om&oacute;wi&#263; rol&#281; innowacji w gospodarce o obiegu zamkni&#281;tym.\" srcset=\"https:\/\/interzero.pl\/wp-content\/uploads\/sites\/12\/2024\/09\/DSC_3588.jpg 2500w, https:\/\/interzero.pl\/wp-content\/uploads\/sites\/12\/2024\/09\/DSC_3588-300x200.jpg 300w, https:\/\/interzero.pl\/wp-content\/uploads\/sites\/12\/2024\/09\/DSC_3588-1024x683.jpg 1024w, https:\/\/interzero.pl\/wp-content\/uploads\/sites\/12\/2024\/09\/DSC_3588-768x512.jpg 768w, https:\/\/interzero.pl\/wp-content\/uploads\/sites\/12\/2024\/09\/DSC_3588-1536x1024.jpg 1536w, https:\/\/interzero.pl\/wp-content\/uploads\/sites\/12\/2024\/09\/DSC_3588-2048x1366.jpg 2048w, https:\/\/interzero.pl\/wp-content\/uploads\/sites\/12\/2024\/09\/DSC_3588-350x233.jpg 350w, https:\/\/interzero.pl\/wp-content\/uploads\/sites\/12\/2024\/09\/DSC_3588-uai-258x172.jpg 258w, https:\/\/interzero.pl\/wp-content\/uploads\/sites\/12\/2024\/09\/DSC_3588-uai-1032x688.jpg 1032w, https:\/\/interzero.pl\/wp-content\/uploads\/sites\/12\/2024\/09\/DSC_3588-uai-720x480.jpg 720w, https:\/\/interzero.pl\/wp-content\/uploads\/sites\/12\/2024\/09\/DSC_3588-uai-516x344.jpg 516w, https:\/\/interzero.pl\/wp-content\/uploads\/sites\/12\/2024\/09\/DSC_3588-uai-1440x960.jpg 1440w, https:\/\/interzero.pl\/wp-content\/uploads\/sites\/12\/2024\/09\/DSC_3588-uai-2064x1376.jpg 2064w\" sizes=\"(max-width: 2500px) 100vw, 2500px\" \/><\/div>\n\t\t\t\t\t<\/div>\n\t\t\t\t<\/div><\/div><\/div><\/a><\/div><\/div><\/div><\/div><\/div><\/div><\/div><div class=\"wpb_column pos-top pos-center align_left column_parent col-lg-6 single-internal-gutter\"><div class=\"uncol style-light\"  ><div class=\"uncoltable\"><div class=\"uncell no-block-padding\" ><div class=\"uncont\" ><div class=\"vc_custom_heading_wrap\"><div class=\"heading-text el-text\" ><\/p>\n<h1>New space for innovation: Interzero Plastics Innovations celebrates move to new state-of-the-art laboratories and offices<\/h1>\n<p>\n<\/div><div class=\"clear\"><\/div><\/div><\/div><\/div><\/div><\/div><\/div><script id=\"script-row-unique-0\" data-row=\"script-row-unique-0\" type=\"text\/javascript\" class=\"vc_controls\">UNCODE.initRow(document.getElementById(\"row-unique-0\"));<\/script><\/div><\/div><\/div><div data-parent=\"true\" class=\"vc_row row-container\" id=\"row-unique-1\"><div class=\"row limit-width row-parent\"><div class=\"wpb_row row-inner\"><div class=\"wpb_column pos-middle pos-left align_left column_parent col-lg-12 single-internal-gutter\"><div class=\"uncol style-light\"  ><div class=\"uncoltable\"><div class=\"uncell no-block-padding\" ><div class=\"uncont\" ><div class=\"uncode_text_column\" ><p>Innovation requires space - not only intellectual freedom to come up with new ideas and ask the right questions, but also practical space. With new laboratory and office facilities in Lenart, Slovenia, the competence centre <strong>Interzero Plastics Innovations<\/strong> creates the optimum conditions to further expand its leadership role in the field of the circular economy. This step represents an important milestone on the way to realising the vision of a world without waste.<\/p>\n<\/div><\/div><\/div><\/div><\/div><\/div><script id=\"script-row-unique-1\" data-row=\"script-row-unique-1\" type=\"text\/javascript\" class=\"vc_controls\">UNCODE.initRow(document.getElementById(\"row-unique-1\"));<\/script><\/div><\/div><\/div><div data-parent=\"true\" class=\"vc_row row-container\" id=\"row-unique-2\"><div class=\"row limit-width row-parent\"><div class=\"wpb_row row-inner\"><div class=\"wpb_column pos-middle pos-left align_left column_parent col-lg-6 single-internal-gutter\"><div class=\"uncol style-light\"  ><div class=\"uncoltable\"><div class=\"uncell no-block-padding\" ><div class=\"uncont\" ><div class=\"uncode_text_column\" ><p>Innovation requires space - not only intellectual freedom to come up with new ideas and ask the right questions, but also practical space. With new laboratory and office facilities in Lenart, Slovenia, the competence centre <strong>Interzero Plastics Innovations<\/strong> creates the optimum conditions to further expand its leadership role in the field of the circular economy. This step represents an important milestone on the way to realising the vision of a world without waste.<\/p>\n<\/div><div class=\"uncode_text_column\" ><p>The grand opening of the new location was attended by senior guests from the worlds of politics, business and media. Among them were, in addition to Interzero CEO Dr. Axel Schweitzer, the President of the Republic of Slovenia Dr. Nata\u0161a Pirc Musar and the German Ambassador Sylvia Groneick, who emphasised the importance of Interzero's innovative work for a sustainable future.<\/p>\n<\/div><\/div><\/div><\/div><\/div><\/div><div class=\"wpb_column pos-top pos-center align_left column_parent col-lg-6 single-internal-gutter\"><div class=\"uncol style-light\"  ><div class=\"uncoltable\"><div class=\"uncell no-block-padding\" ><div class=\"uncont\" ><div class=\"uncode-single-media  text-left\"><div class=\"single-wrapper\" style=\"max-width: 100%;\"><div class=\"tmb tmb-light  tmb-media-first tmb-media-last tmb-content-overlay tmb-no-bg\"><div class=\"t-inside\"><div class=\"t-entry-visual\"><div class=\"t-entry-visual-tc\"><div class=\"uncode-single-media-wrapper\"><img decoding=\"async\" class=\"wp-image-16648\" src=\"https:\/\/interzero.pl\/wp-content\/uploads\/sites\/12\/2024\/09\/DSC_3662.jpg\" width=\"2500\" height=\"1667\" alt=\"otwarcie nowej lokalizacji w S&#322;owenii\" srcset=\"https:\/\/interzero.pl\/wp-content\/uploads\/sites\/12\/2024\/09\/DSC_3662.jpg 2500w, https:\/\/interzero.pl\/wp-content\/uploads\/sites\/12\/2024\/09\/DSC_3662-300x200.jpg 300w, https:\/\/interzero.pl\/wp-content\/uploads\/sites\/12\/2024\/09\/DSC_3662-1024x683.jpg 1024w, https:\/\/interzero.pl\/wp-content\/uploads\/sites\/12\/2024\/09\/DSC_3662-768x512.jpg 768w, https:\/\/interzero.pl\/wp-content\/uploads\/sites\/12\/2024\/09\/DSC_3662-1536x1024.jpg 1536w, https:\/\/interzero.pl\/wp-content\/uploads\/sites\/12\/2024\/09\/DSC_3662-2048x1366.jpg 2048w, https:\/\/interzero.pl\/wp-content\/uploads\/sites\/12\/2024\/09\/DSC_3662-350x233.jpg 350w, https:\/\/interzero.pl\/wp-content\/uploads\/sites\/12\/2024\/09\/DSC_3662-uai-258x172.jpg 258w, https:\/\/interzero.pl\/wp-content\/uploads\/sites\/12\/2024\/09\/DSC_3662-uai-1032x688.jpg 1032w, https:\/\/interzero.pl\/wp-content\/uploads\/sites\/12\/2024\/09\/DSC_3662-uai-1440x960.jpg 1440w, https:\/\/interzero.pl\/wp-content\/uploads\/sites\/12\/2024\/09\/DSC_3662-uai-516x344.jpg 516w, https:\/\/interzero.pl\/wp-content\/uploads\/sites\/12\/2024\/09\/DSC_3662-uai-720x480.jpg 720w\" sizes=\"(max-width: 2500px) 100vw, 2500px\" \/><\/div>\n\t\t\t\t\t<\/div>\n\t\t\t\t<\/div><\/div><\/div><\/div><\/div><\/div><\/div><\/div><\/div><\/div><script id=\"script-row-unique-2\" data-row=\"script-row-unique-2\" type=\"text\/javascript\" class=\"vc_controls\">UNCODE.initRow(document.getElementById(\"row-unique-2\"));<\/script><\/div><\/div><\/div><div data-parent=\"true\" class=\"vc_row row-container\" id=\"row-unique-3\"><div class=\"row limit-width row-parent\"><div class=\"wpb_row row-inner\"><div class=\"wpb_column pos-middle pos-left align_left column_parent col-lg-12 single-internal-gutter\"><div class=\"uncol style-light\"  ><div class=\"uncoltable\"><div class=\"uncell no-block-padding\" ><div class=\"uncont\" ><div class=\"uncode_text_column\" ><p>With the opening of the new facilities, Interzero is once again underlining its commitment to driving the transition to a circular economy through pioneering technologies and sustainable solutions.<\/p>\n<p><strong>Read the press release in English\u00a0<a href=\"https:\/\/interzero.pl\/wp-content\/uploads\/sites\/12\/2024\/09\/240918_company-news_laboratory-opening_ENG.pdf\">HERE<\/a><\/strong><\/p>\n<\/div><\/div><\/div><\/div><\/div><\/div><script id=\"script-row-unique-3\" data-row=\"script-row-unique-3\" type=\"text\/javascript\" class=\"vc_controls\">UNCODE.initRow(document.getElementById(\"row-unique-3\"));<\/script><\/div><\/div><\/div>\n<\/div>","protected":false},"excerpt":{"rendered":"<p>High-ranking guests from the world of business and politics gathered in Lenart, Slovenia, to discuss the role of innovation in a circular economy.<\/p>","protected":false},"author":28,"featured_media":16644,"comment_status":"closed","ping_status":"closed","sticky":false,"template":"","format":"standard","meta":{"_acf_changed":false,"inline_featured_image":false,"footnotes":""},"categories":[1,32],"tags":[],"class_list":["post-16641","post","type-post","status-publish","format-standard","has-post-thumbnail","hentry","category-bez-kategorii","category-aktualnosci"],"acf":[],"cp_meta_data":{"_wpml_media_has_media":["1"],"_wpml_media_featured":["1"],"_wpml_media_duplicate":["1"],"_edit_lock":["1727264801:28"],"_edit_last":["28"],"_uncode_specific_main_width":["a:2:{i:0;s:4:\"1200\";i:1;s:2:\"px\";}"],"_uncode_specific_menu_remove":["off"],"_uncode_specific_menu_opaque":["off"],"_uncode_specific_menu_no_shadow":["off"],"_uncode_blocks_list":["5704"],"_uncode_header_full_width":["on"],"_uncode_header_height":["a:2:{i:0;s:2:\"50\";i:1;s:1:\"%\";}"],"_uncode_header_title":["on"],"_uncode_header_title_custom":["off"],"_uncode_header_style":["dark"],"_uncode_header_content_width":["off"],"_uncode_header_custom_width":["100"],"_uncode_header_align":["left"],"_uncode_header_position":["header-center header-middle"],"_uncode_header_title_size":["h1"],"_uncode_header_title_italic":["off"],"_uncode_header_featured":["on"],"_uncode_header_background":["a:6:{s:16:\"background-color\";s:10:\"color-wayh\";s:17:\"background-repeat\";s:0:\"\";s:21:\"background-attachment\";s:0:\"\";s:19:\"background-position\";s:0:\"\";s:15:\"background-size\";s:0:\"\";s:16:\"background-image\";s:0:\"\";}"],"_uncode_header_parallax":["off"],"_uncode_header_overlay_color_alpha":["100"],"_uncode_header_scroll_opacity":["off"],"_uncode_header_scrolldown":["off"],"_uncode_specific_layout_width_custom":["a:2:{i:0;s:0:\"\";i:1;s:2:\"px\";}"],"_uncode_specific_media":["off"],"_uncode_specific_tags_align":["left"],"_uncode_sidebar_position":["sidebar_right"],"_uncode_sidebar_size":["4"],"_uncode_sidebar_sticky":["off"],"_uncode_sidebar_fill":["off"],"_uncode_specific_copy_hide":["off"],"_uncode_specific_footer_uparrow_hide":["off"],"_uncode_secondary_thumbnail_id":["0"],"_uncode_header_type":["header_uncodeblock"],"_uncode_menu_no_padding":["on"],"_uncode_menu_no_padding_mobile":["off"],"cmplz_hide_cookiebanner":[""],"_wp_old_date":["2024-07-31"],"_uncode_fullpage_type":["curtain"],"_uncode_fullpage_opacity":["off"],"_uncode_scroll_dots":["off"],"_uncode_empty_dots":["off"],"_uncode_scroll_history":["off"],"_uncode_scroll_safe_padding":["on"],"_uncode_scroll_additional_padding":["0"],"_uncode_fullpage_mobile":["off"],"_uncode_scroll_snap":["off"],"_yoast_wpseo_content_score":["60"],"_yoast_wpseo_estimated-reading-time-minutes":["2"],"_yoast_wpseo_wordproof_timestamp":[""],"_yoast_wpseo_primary_category":["1"],"_wpml_word_count":["{\"total\":271,\"to_translate\":{\"en\":271}}"],"_wpml_location_migration_done":["1"],"_wp_old_slug":["wez-udzial-w-szkoleniu-pt-ppwr-nowe-wyzwanie-dla-wprowadzajacych-produkty-w-opakowaniach"],"_oembed_e412b5d5f3f9cbaf4aaff94b08065643":["{{unknown}}"],"_oembed_85cb3688a0c607d1cc50c3c364b2971f":["{{unknown}}"],"_oembed_1305493e57dec6513bbd2a3f1fb38792":["{{unknown}}"],"_yoast_wpseo_metadesc":["Wysocy rang\u0105 go\u015bcie ze \u015bwiata biznesu i polityki zebrali si\u0119 w Lenart w S\u0142owenii, aby om\u00f3wi\u0107 rol\u0119 innowacji w gospodarce o obiegu zamkni\u0119tym."],"_yoast_wpseo_focuskw":["Interzero Plastics Innovations"],"_yoast_wpseo_title":["Nowa przestrze\u0144 dla innowacji: Interzero Plastics Innovations \u015bwi\u0119tuje przeprowadzk\u0119 do nowych, nowoczesnych laboratori\u00f3w i biur"],"_yoast_wpseo_linkdex":["63"],"_oembed_7cda0e571b8f2d6dce543161cb847c65":["{{unknown}}"],"_oembed_cb0273886301be0514147a5433e05ebc":["<blockquote class=\"wp-embedded-content\" data-secret=\"Edm1mol0vz\"><a href=\"https:\/\/interzero.pl\/uslugi\/made4loop-system-depozytowy-opakowan-wielokrotnego-uzytku\/\">Made4Loop \u2013 system depozytowy opakowa\u0144 wielokrotnego u\u017cytku<\/a><\/blockquote><iframe class=\"wp-embedded-content\" sandbox=\"allow-scripts\" security=\"restricted\" style=\"position: absolute; clip: rect(1px, 1px, 1px, 1px);\" title=\"&#8222;Made4Loop \u2013 system depozytowy opakowa\u0144 wielokrotnego u\u017cytku&#8221; &#8212; Interzero Polska\" src=\"https:\/\/interzero.pl\/uslugi\/made4loop-system-depozytowy-opakowan-wielokrotnego-uzytku\/embed\/#?secret=eNDFRbKgrg#?secret=Edm1mol0vz\" data-secret=\"Edm1mol0vz\" width=\"361\" height=\"204\" frameborder=\"0\" marginwidth=\"0\" marginheight=\"0\" scrolling=\"no\"><\/iframe>"],"_oembed_time_cb0273886301be0514147a5433e05ebc":["1704445627"],"_yoast_wpseo_opengraph-title":["Nowa przestrze\u0144 dla innowacji: Interzero Plastics Innovations \u015bwi\u0119tuje przeprowadzk\u0119 do nowych, nowoczesnych laboratori\u00f3w i biur"],"_yoast_wpseo_opengraph-description":["Wysocy rang\u0105 go\u015bcie ze \u015bwiata biznesu i polityki zebrali si\u0119 w Lenart w S\u0142owenii, aby om\u00f3wi\u0107 rol\u0119 innowacji w gospodarce o obiegu zamkni\u0119tym."],"_yoast_wpseo_opengraph-image":["https:\/\/interzero.pl\/wp-content\/uploads\/sites\/12\/2024\/09\/DSC_3588-1024x683.jpg"],"_yoast_wpseo_opengraph-image-id":["16644"],"_yoast_wpseo_twitter-title":["Nowa przestrze\u0144 dla innowacji: Interzero Plastics Innovations \u015bwi\u0119tuje przeprowadzk\u0119 do nowych, nowoczesnych laboratori\u00f3w i biur"],"_yoast_wpseo_twitter-description":["Wysocy rang\u0105 go\u015bcie ze \u015bwiata biznesu i polityki zebrali si\u0119 w Lenart w S\u0142owenii, aby om\u00f3wi\u0107 rol\u0119 innowacji w gospodarce o obiegu zamkni\u0119tym."],"_yoast_wpseo_twitter-image":["https:\/\/interzero.pl\/wp-content\/uploads\/sites\/12\/2024\/09\/DSC_3588-1024x683.jpg"],"_yoast_wpseo_twitter-image-id":["16644"],"_wpb_post_custom_layout":["default"],"ao_post_optimize":["a:6:{s:16:\"ao_post_optimize\";s:2:\"on\";s:19:\"ao_post_js_optimize\";s:2:\"on\";s:20:\"ao_post_css_optimize\";s:2:\"on\";s:12:\"ao_post_ccss\";s:2:\"on\";s:16:\"ao_post_lazyload\";s:2:\"on\";s:15:\"ao_post_preload\";s:0:\"\";}"],"_cmplz_remote_scanned_post":["1"],"_wpb_vc_js_status":["true"],"_thumbnail_id":["16644"]},"yoast_head":"<!-- This site is optimized with the Yoast SEO plugin v26.4 - https:\/\/yoast.com\/wordpress\/plugins\/seo\/ -->\n<title>Nowa przestrze\u0144 dla innowacji: Interzero Plastics Innovations \u015bwi\u0119tuje przeprowadzk\u0119 do nowych, nowoczesnych laboratori\u00f3w i biur<\/title>\n<meta name=\"description\" content=\"Wysocy rang\u0105 go\u015bcie ze \u015bwiata biznesu i polityki zebrali si\u0119 w Lenart w S\u0142owenii, aby om\u00f3wi\u0107 rol\u0119 innowacji w gospodarce o obiegu zamkni\u0119tym.\" \/>\n<meta name=\"robots\" content=\"index, follow, max-snippet:-1, max-image-preview:large, max-video-preview:-1\" \/>\n<link rel=\"canonical\" href=\"https:\/\/interzero.pl\/en\/blog\/nowa-przestrzen-interzero-plastics-innovations\/\" \/>\n<meta property=\"og:locale\" content=\"en_GB\" \/>\n<meta property=\"og:type\" content=\"article\" \/>\n<meta property=\"og:title\" content=\"Nowa przestrze\u0144 dla innowacji: Interzero Plastics Innovations \u015bwi\u0119tuje przeprowadzk\u0119 do nowych, nowoczesnych laboratori\u00f3w i biur\" \/>\n<meta property=\"og:description\" content=\"Wysocy rang\u0105 go\u015bcie ze \u015bwiata biznesu i polityki zebrali si\u0119 w Lenart w S\u0142owenii, aby om\u00f3wi\u0107 rol\u0119 innowacji w gospodarce o obiegu zamkni\u0119tym.\" \/>\n<meta property=\"og:url\" content=\"https:\/\/interzero.pl\/en\/blog\/nowa-przestrzen-interzero-plastics-innovations\/\" \/>\n<meta property=\"og:site_name\" content=\"Interzero Polska\" \/>\n<meta property=\"article:publisher\" content=\"https:\/\/www.facebook.com\/InterzeroPolska\" \/>\n<meta property=\"article:published_time\" content=\"2024-09-25T09:22:00+00:00\" \/>\n<meta property=\"og:image\" content=\"https:\/\/interzero.pl\/wp-content\/uploads\/sites\/12\/2024\/09\/DSC_3588-1024x683.jpg\" \/>\n\t<meta property=\"og:image:width\" content=\"1024\" \/>\n\t<meta property=\"og:image:height\" content=\"683\" \/>\n\t<meta property=\"og:image:type\" content=\"image\/jpeg\" \/>\n<meta name=\"author\" content=\"zkaczmarczyk\" \/>\n<meta name=\"twitter:card\" content=\"summary_large_image\" \/>\n<meta name=\"twitter:title\" content=\"Nowa przestrze\u0144 dla innowacji: Interzero Plastics Innovations \u015bwi\u0119tuje przeprowadzk\u0119 do nowych, nowoczesnych laboratori\u00f3w i biur\" \/>\n<meta name=\"twitter:description\" content=\"Wysocy rang\u0105 go\u015bcie ze \u015bwiata biznesu i polityki zebrali si\u0119 w Lenart w S\u0142owenii, aby om\u00f3wi\u0107 rol\u0119 innowacji w gospodarce o obiegu zamkni\u0119tym.\" \/>\n<meta name=\"twitter:image\" content=\"https:\/\/interzero.pl\/wp-content\/uploads\/sites\/12\/2024\/09\/DSC_3588.jpg\" \/>\n<meta name=\"twitter:label1\" content=\"Written by\" \/>\n\t<meta name=\"twitter:data1\" content=\"zkaczmarczyk\" \/>\n\t<meta name=\"twitter:label2\" content=\"Estimated reading time\" \/>\n\t<meta name=\"twitter:data2\" content=\"2 minutes\" \/>\n<script type=\"application\/ld+json\" class=\"yoast-schema-graph\">{\"@context\":\"https:\/\/schema.org\",\"@graph\":[{\"@type\":\"Article\",\"@id\":\"https:\/\/interzero.pl\/blog\/nowa-przestrzen-interzero-plastics-innovations\/#article\",\"isPartOf\":{\"@id\":\"https:\/\/interzero.pl\/blog\/nowa-przestrzen-interzero-plastics-innovations\/\"},\"author\":{\"name\":\"zkaczmarczyk\",\"@id\":\"https:\/\/interzero.pl\/#\/schema\/person\/8af02f7e38778abdbe85489e9cf665d5\"},\"headline\":\"Nowa przestrze\u0144 dla innowacji: Interzero Plastics Innovations \u015bwi\u0119tuje przeprowadzk\u0119 do nowych, nowoczesnych laboratori\u00f3w i biur\",\"datePublished\":\"2024-09-25T09:22:00+00:00\",\"mainEntityOfPage\":{\"@id\":\"https:\/\/interzero.pl\/blog\/nowa-przestrzen-interzero-plastics-innovations\/\"},\"wordCount\":529,\"publisher\":{\"@id\":\"https:\/\/interzero.pl\/#organization\"},\"image\":{\"@id\":\"https:\/\/interzero.pl\/blog\/nowa-przestrzen-interzero-plastics-innovations\/#primaryimage\"},\"thumbnailUrl\":\"https:\/\/interzero.pl\/wp-content\/uploads\/sites\/12\/2024\/09\/DSC_3588.jpg\",\"articleSection\":[\"Bez kategorii\",\"Aktualno\u015bci\"],\"inLanguage\":\"en-GB\"},{\"@type\":\"WebPage\",\"@id\":\"https:\/\/interzero.pl\/blog\/nowa-przestrzen-interzero-plastics-innovations\/\",\"url\":\"https:\/\/interzero.pl\/blog\/nowa-przestrzen-interzero-plastics-innovations\/\",\"name\":\"Nowa przestrze\u0144 dla innowacji: Interzero Plastics Innovations \u015bwi\u0119tuje przeprowadzk\u0119 do nowych, nowoczesnych laboratori\u00f3w i biur\",\"isPartOf\":{\"@id\":\"https:\/\/interzero.pl\/#website\"},\"primaryImageOfPage\":{\"@id\":\"https:\/\/interzero.pl\/blog\/nowa-przestrzen-interzero-plastics-innovations\/#primaryimage\"},\"image\":{\"@id\":\"https:\/\/interzero.pl\/blog\/nowa-przestrzen-interzero-plastics-innovations\/#primaryimage\"},\"thumbnailUrl\":\"https:\/\/interzero.pl\/wp-content\/uploads\/sites\/12\/2024\/09\/DSC_3588.jpg\",\"datePublished\":\"2024-09-25T09:22:00+00:00\",\"description\":\"Wysocy rang\u0105 go\u015bcie ze \u015bwiata biznesu i polityki zebrali si\u0119 w Lenart w S\u0142owenii, aby om\u00f3wi\u0107 rol\u0119 innowacji w gospodarce o obiegu zamkni\u0119tym.\",\"breadcrumb\":{\"@id\":\"https:\/\/interzero.pl\/blog\/nowa-przestrzen-interzero-plastics-innovations\/#breadcrumb\"},\"inLanguage\":\"en-GB\",\"potentialAction\":[{\"@type\":\"ReadAction\",\"target\":[\"https:\/\/interzero.pl\/blog\/nowa-przestrzen-interzero-plastics-innovations\/\"]}]},{\"@type\":\"ImageObject\",\"inLanguage\":\"en-GB\",\"@id\":\"https:\/\/interzero.pl\/blog\/nowa-przestrzen-interzero-plastics-innovations\/#primaryimage\",\"url\":\"https:\/\/interzero.pl\/wp-content\/uploads\/sites\/12\/2024\/09\/DSC_3588.jpg\",\"contentUrl\":\"https:\/\/interzero.pl\/wp-content\/uploads\/sites\/12\/2024\/09\/DSC_3588.jpg\",\"width\":2500,\"height\":1667,\"caption\":\"Wysocy rang\u0105 go\u015bcie ze \u015bwiata biznesu i polityki zebrali si\u0119 w Lenart w S\u0142owenii, aby om\u00f3wi\u0107 rol\u0119 innowacji w gospodarce o obiegu zamkni\u0119tym.\"},{\"@type\":\"BreadcrumbList\",\"@id\":\"https:\/\/interzero.pl\/blog\/nowa-przestrzen-interzero-plastics-innovations\/#breadcrumb\",\"itemListElement\":[{\"@type\":\"ListItem\",\"position\":1,\"name\":\"Home\",\"item\":\"https:\/\/interzero.pl\/\"},{\"@type\":\"ListItem\",\"position\":2,\"name\":\"Nowa przestrze\u0144 dla innowacji: Interzero Plastics Innovations \u015bwi\u0119tuje przeprowadzk\u0119 do nowych, nowoczesnych laboratori\u00f3w i biur\"}]},{\"@type\":\"WebSite\",\"@id\":\"https:\/\/interzero.pl\/#website\",\"url\":\"https:\/\/interzero.pl\/\",\"name\":\"Interzero Polska | Rozwi\u0105zania dla \u015bwiata bez odpad\u00f3w\",\"description\":\"Dostarczamy innowacyjne i kompleksowe rozwi\u0105zania  w zakresie ochrony \u015brodowiska.\",\"publisher\":{\"@id\":\"https:\/\/interzero.pl\/#organization\"},\"potentialAction\":[{\"@type\":\"SearchAction\",\"target\":{\"@type\":\"EntryPoint\",\"urlTemplate\":\"https:\/\/interzero.pl\/?s={search_term_string}\"},\"query-input\":{\"@type\":\"PropertyValueSpecification\",\"valueRequired\":true,\"valueName\":\"search_term_string\"}}],\"inLanguage\":\"en-GB\"},{\"@type\":\"Organization\",\"@id\":\"https:\/\/interzero.pl\/#organization\",\"name\":\"Interzero Polska\",\"url\":\"https:\/\/interzero.pl\/\",\"logo\":{\"@type\":\"ImageObject\",\"inLanguage\":\"en-GB\",\"@id\":\"https:\/\/interzero.pl\/#\/schema\/logo\/image\/\",\"url\":\"https:\/\/interzero.pl\/wp-content\/uploads\/sites\/12\/2024\/07\/Interzero.png\",\"contentUrl\":\"https:\/\/interzero.pl\/wp-content\/uploads\/sites\/12\/2024\/07\/Interzero.png\",\"width\":1920,\"height\":1080,\"caption\":\"Interzero Polska\"},\"image\":{\"@id\":\"https:\/\/interzero.pl\/#\/schema\/logo\/image\/\"},\"sameAs\":[\"https:\/\/www.facebook.com\/InterzeroPolska\",\"https:\/\/www.linkedin.com\/company\/interzero-zero-waste-solutions\/\"]},{\"@type\":\"Person\",\"@id\":\"https:\/\/interzero.pl\/#\/schema\/person\/8af02f7e38778abdbe85489e9cf665d5\",\"name\":\"zkaczmarczyk\"}]}<\/script>\n<!-- \/ Yoast SEO plugin. -->","yoast_head_json":{"title":"New space for innovation: Interzero Plastics Innovations celebrates move to new state-of-the-art laboratories and offices","description":"High-ranking guests from the world of business and politics gathered in Lenart, Slovenia, to discuss the role of innovation in a circular economy.","robots":{"index":"index","follow":"follow","max-snippet":"max-snippet:-1","max-image-preview":"max-image-preview:large","max-video-preview":"max-video-preview:-1"},"canonical":"https:\/\/interzero.pl\/en\/blog\/nowa-przestrzen-interzero-plastics-innovations\/","og_locale":"en_GB","og_type":"article","og_title":"Nowa przestrze\u0144 dla innowacji: Interzero Plastics Innovations \u015bwi\u0119tuje przeprowadzk\u0119 do nowych, nowoczesnych laboratori\u00f3w i biur","og_description":"Wysocy rang\u0105 go\u015bcie ze \u015bwiata biznesu i polityki zebrali si\u0119 w Lenart w S\u0142owenii, aby om\u00f3wi\u0107 rol\u0119 innowacji w gospodarce o obiegu zamkni\u0119tym.","og_url":"https:\/\/interzero.pl\/en\/blog\/nowa-przestrzen-interzero-plastics-innovations\/","og_site_name":"Interzero Polska","article_publisher":"https:\/\/www.facebook.com\/InterzeroPolska","article_published_time":"2024-09-25T09:22:00+00:00","og_image":[{"width":1024,"height":683,"url":"https:\/\/interzero.pl\/wp-content\/uploads\/sites\/12\/2024\/09\/DSC_3588-1024x683.jpg","type":"image\/jpeg"}],"author":"zkaczmarczyk","twitter_card":"summary_large_image","twitter_title":"Nowa przestrze\u0144 dla innowacji: Interzero Plastics Innovations \u015bwi\u0119tuje przeprowadzk\u0119 do nowych, nowoczesnych laboratori\u00f3w i biur","twitter_description":"Wysocy rang\u0105 go\u015bcie ze \u015bwiata biznesu i polityki zebrali si\u0119 w Lenart w S\u0142owenii, aby om\u00f3wi\u0107 rol\u0119 innowacji w gospodarce o obiegu zamkni\u0119tym.","twitter_image":"https:\/\/interzero.pl\/wp-content\/uploads\/sites\/12\/2024\/09\/DSC_3588.jpg","twitter_misc":{"Written by":"zkaczmarczyk","Estimated reading time":"2 minutes"},"schema":{"@context":"https:\/\/schema.org","@graph":[{"@type":"Article","@id":"https:\/\/interzero.pl\/blog\/nowa-przestrzen-interzero-plastics-innovations\/#article","isPartOf":{"@id":"https:\/\/interzero.pl\/blog\/nowa-przestrzen-interzero-plastics-innovations\/"},"author":{"name":"zkaczmarczyk","@id":"https:\/\/interzero.pl\/#\/schema\/person\/8af02f7e38778abdbe85489e9cf665d5"},"headline":"Nowa przestrze\u0144 dla innowacji: Interzero Plastics Innovations \u015bwi\u0119tuje przeprowadzk\u0119 do nowych, nowoczesnych laboratori\u00f3w i biur","datePublished":"2024-09-25T09:22:00+00:00","mainEntityOfPage":{"@id":"https:\/\/interzero.pl\/blog\/nowa-przestrzen-interzero-plastics-innovations\/"},"wordCount":529,"publisher":{"@id":"https:\/\/interzero.pl\/#organization"},"image":{"@id":"https:\/\/interzero.pl\/blog\/nowa-przestrzen-interzero-plastics-innovations\/#primaryimage"},"thumbnailUrl":"https:\/\/interzero.pl\/wp-content\/uploads\/sites\/12\/2024\/09\/DSC_3588.jpg","articleSection":["Bez kategorii","Aktualno\u015bci"],"inLanguage":"en-GB"},{"@type":"WebPage","@id":"https:\/\/interzero.pl\/blog\/nowa-przestrzen-interzero-plastics-innovations\/","url":"https:\/\/interzero.pl\/blog\/nowa-przestrzen-interzero-plastics-innovations\/","name":"New space for innovation: Interzero Plastics Innovations celebrates move to new state-of-the-art laboratories and offices","isPartOf":{"@id":"https:\/\/interzero.pl\/#website"},"primaryImageOfPage":{"@id":"https:\/\/interzero.pl\/blog\/nowa-przestrzen-interzero-plastics-innovations\/#primaryimage"},"image":{"@id":"https:\/\/interzero.pl\/blog\/nowa-przestrzen-interzero-plastics-innovations\/#primaryimage"},"thumbnailUrl":"https:\/\/interzero.pl\/wp-content\/uploads\/sites\/12\/2024\/09\/DSC_3588.jpg","datePublished":"2024-09-25T09:22:00+00:00","description":"High-ranking guests from the world of business and politics gathered in Lenart, Slovenia, to discuss the role of innovation in a circular economy.","breadcrumb":{"@id":"https:\/\/interzero.pl\/blog\/nowa-przestrzen-interzero-plastics-innovations\/#breadcrumb"},"inLanguage":"en-GB","potentialAction":[{"@type":"ReadAction","target":["https:\/\/interzero.pl\/blog\/nowa-przestrzen-interzero-plastics-innovations\/"]}]},{"@type":"ImageObject","inLanguage":"en-GB","@id":"https:\/\/interzero.pl\/blog\/nowa-przestrzen-interzero-plastics-innovations\/#primaryimage","url":"https:\/\/interzero.pl\/wp-content\/uploads\/sites\/12\/2024\/09\/DSC_3588.jpg","contentUrl":"https:\/\/interzero.pl\/wp-content\/uploads\/sites\/12\/2024\/09\/DSC_3588.jpg","width":2500,"height":1667,"caption":"Wysocy rang\u0105 go\u015bcie ze \u015bwiata biznesu i polityki zebrali si\u0119 w Lenart w S\u0142owenii, aby om\u00f3wi\u0107 rol\u0119 innowacji w gospodarce o obiegu zamkni\u0119tym."},{"@type":"BreadcrumbList","@id":"https:\/\/interzero.pl\/blog\/nowa-przestrzen-interzero-plastics-innovations\/#breadcrumb","itemListElement":[{"@type":"ListItem","position":1,"name":"Home","item":"https:\/\/interzero.pl\/"},{"@type":"ListItem","position":2,"name":"Nowa przestrze\u0144 dla innowacji: Interzero Plastics Innovations \u015bwi\u0119tuje przeprowadzk\u0119 do nowych, nowoczesnych laboratori\u00f3w i biur"}]},{"@type":"WebSite","@id":"https:\/\/interzero.pl\/#website","url":"https:\/\/interzero.pl\/","name":"Interzero Polska | Solutions for a world without waste","description":"We provide innovative and comprehensive environmental solutions.","publisher":{"@id":"https:\/\/interzero.pl\/#organization"},"potentialAction":[{"@type":"SearchAction","target":{"@type":"EntryPoint","urlTemplate":"https:\/\/interzero.pl\/?s={search_term_string}"},"query-input":{"@type":"PropertyValueSpecification","valueRequired":true,"valueName":"search_term_string"}}],"inLanguage":"en-GB"},{"@type":"Organization","@id":"https:\/\/interzero.pl\/#organization","name":"Interzero Poland","url":"https:\/\/interzero.pl\/","logo":{"@type":"ImageObject","inLanguage":"en-GB","@id":"https:\/\/interzero.pl\/#\/schema\/logo\/image\/","url":"https:\/\/interzero.pl\/wp-content\/uploads\/sites\/12\/2024\/07\/Interzero.png","contentUrl":"https:\/\/interzero.pl\/wp-content\/uploads\/sites\/12\/2024\/07\/Interzero.png","width":1920,"height":1080,"caption":"Interzero Polska"},"image":{"@id":"https:\/\/interzero.pl\/#\/schema\/logo\/image\/"},"sameAs":["https:\/\/www.facebook.com\/InterzeroPolska","https:\/\/www.linkedin.com\/company\/interzero-zero-waste-solutions\/"]},{"@type":"Person","@id":"https:\/\/interzero.pl\/#\/schema\/person\/8af02f7e38778abdbe85489e9cf665d5","name":"zkaczmarczyk"}]}},"_links":{"self":[{"href":"https:\/\/interzero.pl\/en\/wp-json\/wp\/v2\/posts\/16641","targetHints":{"allow":["GET"]}}],"collection":[{"href":"https:\/\/interzero.pl\/en\/wp-json\/wp\/v2\/posts"}],"about":[{"href":"https:\/\/interzero.pl\/en\/wp-json\/wp\/v2\/types\/post"}],"author":[{"embeddable":true,"href":"https:\/\/interzero.pl\/en\/wp-json\/wp\/v2\/users\/28"}],"replies":[{"embeddable":true,"href":"https:\/\/interzero.pl\/en\/wp-json\/wp\/v2\/comments?post=16641"}],"version-history":[{"count":4,"href":"https:\/\/interzero.pl\/en\/wp-json\/wp\/v2\/posts\/16641\/revisions"}],"predecessor-version":[{"id":16651,"href":"https:\/\/interzero.pl\/en\/wp-json\/wp\/v2\/posts\/16641\/revisions\/16651"}],"wp:featuredmedia":[{"embeddable":true,"href":"https:\/\/interzero.pl\/en\/wp-json\/wp\/v2\/media\/16644"}],"wp:attachment":[{"href":"https:\/\/interzero.pl\/en\/wp-json\/wp\/v2\/media?parent=16641"}],"wp:term":[{"taxonomy":"category","embeddable":true,"href":"https:\/\/interzero.pl\/en\/wp-json\/wp\/v2\/categories?post=16641"},{"taxonomy":"post_tag","embeddable":true,"href":"https:\/\/interzero.pl\/en\/wp-json\/wp\/v2\/tags?post=16641"}],"curies":[{"name":"wp","href":"https:\/\/api.w.org\/{rel}","templated":true}]}}