{"id":16530,"date":"2024-09-13T11:51:03","date_gmt":"2024-09-13T09:51:03","guid":{"rendered":"https:\/\/interzero.pl\/?p=16530"},"modified":"2024-09-13T11:51:03","modified_gmt":"2024-09-13T09:51:03","slug":"awans-agaty-rys-na-czlonka-zarzadu-interzero","status":"publish","type":"post","link":"https:\/\/interzero.pl\/en\/blog\/awans-agaty-rys-na-czlonka-zarzadu-interzero\/","title":{"rendered":"Promotion of Agata Ry\u015b to the Management Board of Interzero"},"content":{"rendered":"<div class=\"wpb-content-wrapper\"><div data-parent=\"true\" class=\"vc_row row-container\" id=\"row-unique-0\"><div class=\"row limit-width row-parent\"><div class=\"wpb_row row-inner\"><div class=\"wpb_column pos-top pos-center align_center column_parent col-lg-6 single-internal-gutter\"><div class=\"uncol style-light\"  ><div class=\"uncoltable\"><div class=\"uncell no-block-padding\" ><div class=\"uncont\" ><div class=\"uncode-single-media  text-left\"><div class=\"single-wrapper\" style=\"max-width: 100%;\"><a class=\"single-media-link\" href=\"https:\/\/interzero.pl\/en\/o-firmie\/\"><div class=\"tmb tmb-light  tmb-media-first tmb-media-last tmb-content-overlay tmb-no-bg\"><div class=\"t-inside\"><div class=\"t-entry-visual\"><div class=\"t-entry-visual-tc\"><div class=\"uncode-single-media-wrapper\"><img decoding=\"async\" class=\"wp-image-16539\" src=\"https:\/\/interzero.pl\/wp-content\/uploads\/sites\/12\/2024\/09\/Agata-Rys-czlonek-zarzadu-interzero-1.jpg\" width=\"1600\" height=\"1080\" alt=\"Agata Ry&#347; cz&#322;onek zarz&#261;du interzero\" srcset=\"https:\/\/interzero.pl\/wp-content\/uploads\/sites\/12\/2024\/09\/Agata-Rys-czlonek-zarzadu-interzero-1.jpg 1600w, https:\/\/interzero.pl\/wp-content\/uploads\/sites\/12\/2024\/09\/Agata-Rys-czlonek-zarzadu-interzero-1-300x203.jpg 300w, https:\/\/interzero.pl\/wp-content\/uploads\/sites\/12\/2024\/09\/Agata-Rys-czlonek-zarzadu-interzero-1-1024x691.jpg 1024w, https:\/\/interzero.pl\/wp-content\/uploads\/sites\/12\/2024\/09\/Agata-Rys-czlonek-zarzadu-interzero-1-768x518.jpg 768w, https:\/\/interzero.pl\/wp-content\/uploads\/sites\/12\/2024\/09\/Agata-Rys-czlonek-zarzadu-interzero-1-1536x1037.jpg 1536w, https:\/\/interzero.pl\/wp-content\/uploads\/sites\/12\/2024\/09\/Agata-Rys-czlonek-zarzadu-interzero-1-350x236.jpg 350w, https:\/\/interzero.pl\/wp-content\/uploads\/sites\/12\/2024\/09\/Agata-Rys-czlonek-zarzadu-interzero-1-uai-258x174.jpg 258w, https:\/\/interzero.pl\/wp-content\/uploads\/sites\/12\/2024\/09\/Agata-Rys-czlonek-zarzadu-interzero-1-uai-1032x697.jpg 1032w, https:\/\/interzero.pl\/wp-content\/uploads\/sites\/12\/2024\/09\/Agata-Rys-czlonek-zarzadu-interzero-1-uai-516x348.jpg 516w, https:\/\/interzero.pl\/wp-content\/uploads\/sites\/12\/2024\/09\/Agata-Rys-czlonek-zarzadu-interzero-1-uai-1440x972.jpg 1440w, https:\/\/interzero.pl\/wp-content\/uploads\/sites\/12\/2024\/09\/Agata-Rys-czlonek-zarzadu-interzero-1-uai-720x486.jpg 720w\" sizes=\"(max-width: 1600px) 100vw, 1600px\" \/><\/div>\n\t\t\t\t\t<\/div>\n\t\t\t\t<\/div><\/div><\/div><\/a><\/div><\/div><\/div><\/div><\/div><\/div><\/div><div class=\"wpb_column pos-top pos-center align_left column_parent col-lg-6 single-internal-gutter\"><div class=\"uncol style-light\"  ><div class=\"uncoltable\"><div class=\"uncell no-block-padding\" ><div class=\"uncont\" ><div class=\"vc_custom_heading_wrap\"><div class=\"heading-text el-text\" ><\/p>\n<h1><strong>Promotion of Agata Ry\u015b to the Management Board of Interzero<\/strong><\/h1>\n<p>\n<\/div><div class=\"clear\"><\/div><\/div><div class=\"uncode_text_column\" ><p>We are pleased to announce the promotion of Agata Rys to the position of<strong> Member of the Management Board of Interzero<\/strong>, which took place in September 2024. Agata Ry\u015b, an experienced sales and environmental professional with over 20 years' experience in the industry, has spent the last five years in the role of <strong>Commercial Director<\/strong> at Interzero. During this time, she successfully managed the sales team and developed commercial strategies, contributing to the dynamic growth of the company.<\/p>\n<\/div><\/div><\/div><\/div><\/div><\/div><script id=\"script-row-unique-0\" data-row=\"script-row-unique-0\" type=\"text\/javascript\" class=\"vc_controls\">UNCODE.initRow(document.getElementById(\"row-unique-0\"));<\/script><\/div><\/div><\/div><div data-parent=\"true\" class=\"vc_row row-container\" id=\"row-unique-1\"><div class=\"row limit-width row-parent\"><div class=\"wpb_row row-inner\"><div class=\"wpb_column pos-middle pos-left align_left column_parent col-lg-12 single-internal-gutter\"><div class=\"uncol style-light\"  ><div class=\"uncoltable\"><div class=\"uncell no-block-padding\" ><div class=\"uncont\" ><div class=\"uncode_text_column\" ><p><em>\"I am extremely grateful for the trust the company has placed in me by entrusting me with the role of Board Member. It is a great honour and motivation for me to continue working towards our mutual success. As a Board Member, my priority will be to further strengthen relationships with our customers. I plan to introduce a more personalised approach to customer service to better respond to their needs and expectations. I will emphasise modern tools and technologies that will enable us to communicate faster and more effectively. I believe that through these actions we will build even stronger and more lasting relationships with our customers, which will contribute to the further development of our company. I would like to thank the entire team for their support and cooperation - together we can achieve even more!\"<\/em> - she said <a href=\"https:\/\/www.linkedin.com\/in\/agata-ry%C5%9B-91247017b?miniProfileUrn=urn%3Ali%3Afs_miniProfile%3AACoAACqa3B4BSqUxq9tAj54DVXNiN27nz575SIE&amp;lipi=urn%3Ali%3Apage%3Ad_flagship3_search_srp_all%3BzqnkXhUJQo6c59%2BAFxyKAQ%3D%3D\"><strong>Agata Ry\u015b<\/strong><\/a>.<\/p>\n<p><strong>We congratulate Agata Ry\u015b on her promotion and wish her continued success in her new role!<\/strong><\/p>\n<\/div><\/div><\/div><\/div><\/div><\/div><script id=\"script-row-unique-1\" data-row=\"script-row-unique-1\" type=\"text\/javascript\" class=\"vc_controls\">UNCODE.initRow(document.getElementById(\"row-unique-1\"));<\/script><\/div><\/div><\/div>\n<\/div>","protected":false},"excerpt":{"rendered":"<p>We are pleased to announce the promotion of Agata Ry\u015b to the position of Board Member of Interzero, effective September 2024. Agata Ry\u015b is an experienced sales and environmental professional with over 20 years of experience in the industry.<\/p>","protected":false},"author":28,"featured_media":16539,"comment_status":"closed","ping_status":"closed","sticky":false,"template":"","format":"standard","meta":{"_acf_changed":false,"inline_featured_image":false,"footnotes":""},"categories":[1,32],"tags":[],"class_list":["post-16530","post","type-post","status-publish","format-standard","has-post-thumbnail","hentry","category-bez-kategorii","category-aktualnosci"],"acf":[],"cp_meta_data":{"_wpml_media_featured":["1"],"_wpml_media_duplicate":["1"],"_edit_lock":["1726655979:23"],"_edit_last":["28"],"_uncode_specific_main_width":["a:2:{i:0;s:4:\"1200\";i:1;s:2:\"px\";}"],"_uncode_specific_menu_remove":["off"],"_uncode_specific_menu_opaque":["off"],"_uncode_specific_menu_no_shadow":["off"],"_uncode_blocks_list":["5704"],"_uncode_header_full_width":["on"],"_uncode_header_height":["a:2:{i:0;s:2:\"50\";i:1;s:1:\"%\";}"],"_uncode_header_title":["on"],"_uncode_header_title_custom":["off"],"_uncode_header_style":["dark"],"_uncode_header_content_width":["off"],"_uncode_header_custom_width":["100"],"_uncode_header_align":["left"],"_uncode_header_position":["header-center header-middle"],"_uncode_header_title_size":["h1"],"_uncode_header_title_italic":["off"],"_uncode_header_featured":["on"],"_uncode_header_background":["a:6:{s:16:\"background-color\";s:10:\"color-wayh\";s:17:\"background-repeat\";s:0:\"\";s:21:\"background-attachment\";s:0:\"\";s:19:\"background-position\";s:0:\"\";s:15:\"background-size\";s:0:\"\";s:16:\"background-image\";s:0:\"\";}"],"_uncode_header_parallax":["off"],"_uncode_header_overlay_color_alpha":["100"],"_uncode_header_scroll_opacity":["off"],"_uncode_header_scrolldown":["off"],"_uncode_specific_layout_width_custom":["a:2:{i:0;s:0:\"\";i:1;s:2:\"px\";}"],"_uncode_specific_media":["off"],"_uncode_specific_tags_align":["left"],"_uncode_sidebar_position":["sidebar_right"],"_uncode_sidebar_size":["4"],"_uncode_sidebar_sticky":["off"],"_uncode_sidebar_fill":["off"],"_uncode_specific_copy_hide":["off"],"_uncode_specific_footer_uparrow_hide":["off"],"_uncode_secondary_thumbnail_id":["0"],"_uncode_header_type":["header_uncodeblock"],"_uncode_menu_no_padding":["on"],"_uncode_menu_no_padding_mobile":["off"],"_wpb_vc_js_status":["true"],"cmplz_hide_cookiebanner":[""],"_wp_old_date":["2024-07-31"],"_uncode_fullpage_type":["curtain"],"_uncode_fullpage_opacity":["off"],"_uncode_scroll_dots":["off"],"_uncode_empty_dots":["off"],"_uncode_scroll_history":["off"],"_uncode_scroll_safe_padding":["on"],"_uncode_scroll_additional_padding":["0"],"_uncode_fullpage_mobile":["off"],"_uncode_scroll_snap":["off"],"_yoast_wpseo_content_score":["60"],"_yoast_wpseo_estimated-reading-time-minutes":["2"],"_yoast_wpseo_wordproof_timestamp":[""],"_yoast_wpseo_primary_category":[""],"_wpml_word_count":["{\"total\":238,\"to_translate\":{\"en\":238}}"],"_wpml_location_migration_done":["1"],"_wp_old_slug":["wez-udzial-w-szkoleniu-pt-ppwr-nowe-wyzwanie-dla-wprowadzajacych-produkty-w-opakowaniach"],"_oembed_e412b5d5f3f9cbaf4aaff94b08065643":["{{unknown}}"],"_oembed_85cb3688a0c607d1cc50c3c364b2971f":["{{unknown}}"],"_oembed_1305493e57dec6513bbd2a3f1fb38792":["{{unknown}}"],"_yoast_wpseo_metadesc":["Z przyjemno\u015bci\u0105 informujemy o awansie Agaty Ry\u015b na stanowisko Cz\u0142onka Zarz\u0105du Interzero. Agata Ry\u015b to do\u015bwiadczona specjalistka w dziedzinie sprzeda\u017cy i ochrony \u015brodowiska, z ponad 20-letnim do\u015bwiadczeniem w bran\u017cy."],"_yoast_wpseo_focuskw":["Agata Ry\u015b"],"_yoast_wpseo_title":["Awans Agaty Ry\u015b na Cz\u0142onka Zarz\u0105du Interzero"],"_yoast_wpseo_linkdex":["63"],"_oembed_7cda0e571b8f2d6dce543161cb847c65":["{{unknown}}"],"_oembed_cb0273886301be0514147a5433e05ebc":["<blockquote class=\"wp-embedded-content\" data-secret=\"Edm1mol0vz\"><a href=\"https:\/\/interzero.pl\/uslugi\/made4loop-system-depozytowy-opakowan-wielokrotnego-uzytku\/\">Made4Loop \u2013 system depozytowy opakowa\u0144 wielokrotnego u\u017cytku<\/a><\/blockquote><iframe class=\"wp-embedded-content\" sandbox=\"allow-scripts\" security=\"restricted\" style=\"position: absolute; clip: rect(1px, 1px, 1px, 1px);\" title=\"&#8222;Made4Loop \u2013 system depozytowy opakowa\u0144 wielokrotnego u\u017cytku&#8221; &#8212; Interzero Polska\" src=\"https:\/\/interzero.pl\/uslugi\/made4loop-system-depozytowy-opakowan-wielokrotnego-uzytku\/embed\/#?secret=eNDFRbKgrg#?secret=Edm1mol0vz\" data-secret=\"Edm1mol0vz\" width=\"361\" height=\"204\" frameborder=\"0\" marginwidth=\"0\" marginheight=\"0\" scrolling=\"no\"><\/iframe>"],"_oembed_time_cb0273886301be0514147a5433e05ebc":["1704445627"],"_yoast_wpseo_opengraph-title":["Awans Agaty Ry\u015b na Cz\u0142onka Zarz\u0105du Interzero"],"_yoast_wpseo_opengraph-description":["Z przyjemno\u015bci\u0105 informujemy o awansie Agaty Ry\u015b na stanowisko Cz\u0142onka Zarz\u0105du Interzero, kt\u00f3ry nast\u0105pi\u0142 we wrze\u015bniu 2024 roku. Agata Ry\u015b to do\u015bwiadczona specjalistka w dziedzinie sprzeda\u017cy i ochrony \u015brodowiska, z ponad 20-letnim do\u015bwiadczeniem w bran\u017cy."],"_yoast_wpseo_opengraph-image":["https:\/\/interzero.pl\/wp-content\/uploads\/sites\/12\/2024\/09\/Agata-Rys-czlonek-zarzadu-interzero-1024x691.jpg"],"_yoast_wpseo_opengraph-image-id":["16532"],"_yoast_wpseo_twitter-title":["Awans Agaty Ry\u015b na Cz\u0142onka Zarz\u0105du Interzero"],"_yoast_wpseo_twitter-description":["Z przyjemno\u015bci\u0105 informujemy o awansie Agaty Ry\u015b na stanowisko Cz\u0142onka Zarz\u0105du Interzero, kt\u00f3ry nast\u0105pi\u0142 we wrze\u015bniu 2024 roku. Agata Ry\u015b to do\u015bwiadczona specjalistka w dziedzinie sprzeda\u017cy i ochrony \u015brodowiska, z ponad 20-letnim do\u015bwiadczeniem w bran\u017cy."],"_yoast_wpseo_twitter-image":["https:\/\/interzero.pl\/wp-content\/uploads\/sites\/12\/2024\/09\/Agata-Rys-czlonek-zarzadu-interzero-1024x691.jpg"],"_yoast_wpseo_twitter-image-id":["16532"],"_wpb_post_custom_layout":["default"],"ao_post_optimize":["a:6:{s:16:\"ao_post_optimize\";s:2:\"on\";s:19:\"ao_post_js_optimize\";s:2:\"on\";s:20:\"ao_post_css_optimize\";s:2:\"on\";s:12:\"ao_post_ccss\";s:2:\"on\";s:16:\"ao_post_lazyload\";s:2:\"on\";s:15:\"ao_post_preload\";s:0:\"\";}"],"_cmplz_remote_scanned_post":["1"],"_uncode_featured_media":["16462"],"_thumbnail_id":["16539"],"_wpml_media_has_media":["1"]},"yoast_head":"<!-- This site is optimized with the Yoast SEO plugin v26.4 - https:\/\/yoast.com\/wordpress\/plugins\/seo\/ -->\n<title>Awans Agaty Ry\u015b na Cz\u0142onka Zarz\u0105du Interzero<\/title>\n<meta name=\"description\" content=\"Z przyjemno\u015bci\u0105 informujemy o awansie Agaty Ry\u015b na stanowisko Cz\u0142onka Zarz\u0105du Interzero. Agata Ry\u015b to do\u015bwiadczona specjalistka w dziedzinie sprzeda\u017cy i ochrony \u015brodowiska, z ponad 20-letnim do\u015bwiadczeniem w bran\u017cy.\" \/>\n<meta name=\"robots\" content=\"index, follow, max-snippet:-1, max-image-preview:large, max-video-preview:-1\" \/>\n<link rel=\"canonical\" href=\"https:\/\/interzero.pl\/en\/blog\/awans-agaty-rys-na-czlonka-zarzadu-interzero\/\" \/>\n<meta property=\"og:locale\" content=\"en_GB\" \/>\n<meta property=\"og:type\" content=\"article\" \/>\n<meta property=\"og:title\" content=\"Awans Agaty Ry\u015b na Cz\u0142onka Zarz\u0105du Interzero\" \/>\n<meta property=\"og:description\" content=\"Z przyjemno\u015bci\u0105 informujemy o awansie Agaty Ry\u015b na stanowisko Cz\u0142onka Zarz\u0105du Interzero, kt\u00f3ry nast\u0105pi\u0142 we wrze\u015bniu 2024 roku. Agata Ry\u015b to do\u015bwiadczona specjalistka w dziedzinie sprzeda\u017cy i ochrony \u015brodowiska, z ponad 20-letnim do\u015bwiadczeniem w bran\u017cy.\" \/>\n<meta property=\"og:url\" content=\"https:\/\/interzero.pl\/en\/blog\/awans-agaty-rys-na-czlonka-zarzadu-interzero\/\" \/>\n<meta property=\"og:site_name\" content=\"Interzero Polska\" \/>\n<meta property=\"article:publisher\" content=\"https:\/\/www.facebook.com\/InterzeroPolska\" \/>\n<meta property=\"article:published_time\" content=\"2024-09-13T09:51:03+00:00\" \/>\n<meta name=\"author\" content=\"zkaczmarczyk\" \/>\n<meta name=\"twitter:card\" content=\"summary_large_image\" \/>\n<meta name=\"twitter:title\" content=\"Awans Agaty Ry\u015b na Cz\u0142onka Zarz\u0105du Interzero\" \/>\n<meta name=\"twitter:description\" content=\"Z przyjemno\u015bci\u0105 informujemy o awansie Agaty Ry\u015b na stanowisko Cz\u0142onka Zarz\u0105du Interzero, kt\u00f3ry nast\u0105pi\u0142 we wrze\u015bniu 2024 roku. Agata Ry\u015b to do\u015bwiadczona specjalistka w dziedzinie sprzeda\u017cy i ochrony \u015brodowiska, z ponad 20-letnim do\u015bwiadczeniem w bran\u017cy.\" \/>\n<meta name=\"twitter:label1\" content=\"Written by\" \/>\n\t<meta name=\"twitter:data1\" content=\"zkaczmarczyk\" \/>\n\t<meta name=\"twitter:label2\" content=\"Estimated reading time\" \/>\n\t<meta name=\"twitter:data2\" content=\"2 minutes\" \/>\n<script type=\"application\/ld+json\" class=\"yoast-schema-graph\">{\"@context\":\"https:\/\/schema.org\",\"@graph\":[{\"@type\":\"Article\",\"@id\":\"https:\/\/interzero.pl\/blog\/awans-agaty-rys-na-czlonka-zarzadu-interzero\/#article\",\"isPartOf\":{\"@id\":\"https:\/\/interzero.pl\/blog\/awans-agaty-rys-na-czlonka-zarzadu-interzero\/\"},\"author\":{\"name\":\"zkaczmarczyk\",\"@id\":\"https:\/\/interzero.pl\/#\/schema\/person\/8af02f7e38778abdbe85489e9cf665d5\"},\"headline\":\"Awans Agaty Ry\u015b na Cz\u0142onka Zarz\u0105du Interzero\",\"datePublished\":\"2024-09-13T09:51:03+00:00\",\"mainEntityOfPage\":{\"@id\":\"https:\/\/interzero.pl\/blog\/awans-agaty-rys-na-czlonka-zarzadu-interzero\/\"},\"wordCount\":380,\"publisher\":{\"@id\":\"https:\/\/interzero.pl\/#organization\"},\"image\":{\"@id\":\"https:\/\/interzero.pl\/blog\/awans-agaty-rys-na-czlonka-zarzadu-interzero\/#primaryimage\"},\"thumbnailUrl\":\"https:\/\/interzero.pl\/wp-content\/uploads\/sites\/12\/2024\/09\/Agata-Rys-czlonek-zarzadu-interzero-1.jpg\",\"articleSection\":[\"Bez kategorii\",\"Aktualno\u015bci\"],\"inLanguage\":\"en-GB\"},{\"@type\":\"WebPage\",\"@id\":\"https:\/\/interzero.pl\/blog\/awans-agaty-rys-na-czlonka-zarzadu-interzero\/\",\"url\":\"https:\/\/interzero.pl\/blog\/awans-agaty-rys-na-czlonka-zarzadu-interzero\/\",\"name\":\"Awans Agaty Ry\u015b na Cz\u0142onka Zarz\u0105du Interzero\",\"isPartOf\":{\"@id\":\"https:\/\/interzero.pl\/#website\"},\"primaryImageOfPage\":{\"@id\":\"https:\/\/interzero.pl\/blog\/awans-agaty-rys-na-czlonka-zarzadu-interzero\/#primaryimage\"},\"image\":{\"@id\":\"https:\/\/interzero.pl\/blog\/awans-agaty-rys-na-czlonka-zarzadu-interzero\/#primaryimage\"},\"thumbnailUrl\":\"https:\/\/interzero.pl\/wp-content\/uploads\/sites\/12\/2024\/09\/Agata-Rys-czlonek-zarzadu-interzero-1.jpg\",\"datePublished\":\"2024-09-13T09:51:03+00:00\",\"description\":\"Z przyjemno\u015bci\u0105 informujemy o awansie Agaty Ry\u015b na stanowisko Cz\u0142onka Zarz\u0105du Interzero. Agata Ry\u015b to do\u015bwiadczona specjalistka w dziedzinie sprzeda\u017cy i ochrony \u015brodowiska, z ponad 20-letnim do\u015bwiadczeniem w bran\u017cy.\",\"breadcrumb\":{\"@id\":\"https:\/\/interzero.pl\/blog\/awans-agaty-rys-na-czlonka-zarzadu-interzero\/#breadcrumb\"},\"inLanguage\":\"en-GB\",\"potentialAction\":[{\"@type\":\"ReadAction\",\"target\":[\"https:\/\/interzero.pl\/blog\/awans-agaty-rys-na-czlonka-zarzadu-interzero\/\"]}]},{\"@type\":\"ImageObject\",\"inLanguage\":\"en-GB\",\"@id\":\"https:\/\/interzero.pl\/blog\/awans-agaty-rys-na-czlonka-zarzadu-interzero\/#primaryimage\",\"url\":\"https:\/\/interzero.pl\/wp-content\/uploads\/sites\/12\/2024\/09\/Agata-Rys-czlonek-zarzadu-interzero-1.jpg\",\"contentUrl\":\"https:\/\/interzero.pl\/wp-content\/uploads\/sites\/12\/2024\/09\/Agata-Rys-czlonek-zarzadu-interzero-1.jpg\",\"width\":1600,\"height\":1080,\"caption\":\"Agata Ry\u015b cz\u0142onek zarz\u0105du interzero\"},{\"@type\":\"BreadcrumbList\",\"@id\":\"https:\/\/interzero.pl\/blog\/awans-agaty-rys-na-czlonka-zarzadu-interzero\/#breadcrumb\",\"itemListElement\":[{\"@type\":\"ListItem\",\"position\":1,\"name\":\"Home\",\"item\":\"https:\/\/interzero.pl\/\"},{\"@type\":\"ListItem\",\"position\":2,\"name\":\"Awans Agaty Ry\u015b na Cz\u0142onka Zarz\u0105du Interzero\"}]},{\"@type\":\"WebSite\",\"@id\":\"https:\/\/interzero.pl\/#website\",\"url\":\"https:\/\/interzero.pl\/\",\"name\":\"Interzero Polska | Rozwi\u0105zania dla \u015bwiata bez odpad\u00f3w\",\"description\":\"Dostarczamy innowacyjne i kompleksowe rozwi\u0105zania  w zakresie ochrony \u015brodowiska.\",\"publisher\":{\"@id\":\"https:\/\/interzero.pl\/#organization\"},\"potentialAction\":[{\"@type\":\"SearchAction\",\"target\":{\"@type\":\"EntryPoint\",\"urlTemplate\":\"https:\/\/interzero.pl\/?s={search_term_string}\"},\"query-input\":{\"@type\":\"PropertyValueSpecification\",\"valueRequired\":true,\"valueName\":\"search_term_string\"}}],\"inLanguage\":\"en-GB\"},{\"@type\":\"Organization\",\"@id\":\"https:\/\/interzero.pl\/#organization\",\"name\":\"Interzero Polska\",\"url\":\"https:\/\/interzero.pl\/\",\"logo\":{\"@type\":\"ImageObject\",\"inLanguage\":\"en-GB\",\"@id\":\"https:\/\/interzero.pl\/#\/schema\/logo\/image\/\",\"url\":\"https:\/\/interzero.pl\/wp-content\/uploads\/sites\/12\/2024\/07\/Interzero.png\",\"contentUrl\":\"https:\/\/interzero.pl\/wp-content\/uploads\/sites\/12\/2024\/07\/Interzero.png\",\"width\":1920,\"height\":1080,\"caption\":\"Interzero Polska\"},\"image\":{\"@id\":\"https:\/\/interzero.pl\/#\/schema\/logo\/image\/\"},\"sameAs\":[\"https:\/\/www.facebook.com\/InterzeroPolska\",\"https:\/\/www.linkedin.com\/company\/interzero-zero-waste-solutions\/\"]},{\"@type\":\"Person\",\"@id\":\"https:\/\/interzero.pl\/#\/schema\/person\/8af02f7e38778abdbe85489e9cf665d5\",\"name\":\"zkaczmarczyk\"}]}<\/script>\n<!-- \/ Yoast SEO plugin. -->","yoast_head_json":{"title":"Promotion of Agata Ry\u015b to the Management Board of Interzero","description":"We are pleased to announce the promotion of Agata Ry\u015b to the position of Member of the Management Board of Interzero. Agata Ry\u015b is an experienced sales and environmental specialist with over 20 years of experience in the industry.","robots":{"index":"index","follow":"follow","max-snippet":"max-snippet:-1","max-image-preview":"max-image-preview:large","max-video-preview":"max-video-preview:-1"},"canonical":"https:\/\/interzero.pl\/en\/blog\/awans-agaty-rys-na-czlonka-zarzadu-interzero\/","og_locale":"en_GB","og_type":"article","og_title":"Awans Agaty Ry\u015b na Cz\u0142onka Zarz\u0105du Interzero","og_description":"Z przyjemno\u015bci\u0105 informujemy o awansie Agaty Ry\u015b na stanowisko Cz\u0142onka Zarz\u0105du Interzero, kt\u00f3ry nast\u0105pi\u0142 we wrze\u015bniu 2024 roku. Agata Ry\u015b to do\u015bwiadczona specjalistka w dziedzinie sprzeda\u017cy i ochrony \u015brodowiska, z ponad 20-letnim do\u015bwiadczeniem w bran\u017cy.","og_url":"https:\/\/interzero.pl\/en\/blog\/awans-agaty-rys-na-czlonka-zarzadu-interzero\/","og_site_name":"Interzero Polska","article_publisher":"https:\/\/www.facebook.com\/InterzeroPolska","article_published_time":"2024-09-13T09:51:03+00:00","author":"zkaczmarczyk","twitter_card":"summary_large_image","twitter_title":"Awans Agaty Ry\u015b na Cz\u0142onka Zarz\u0105du Interzero","twitter_description":"Z przyjemno\u015bci\u0105 informujemy o awansie Agaty Ry\u015b na stanowisko Cz\u0142onka Zarz\u0105du Interzero, kt\u00f3ry nast\u0105pi\u0142 we wrze\u015bniu 2024 roku. Agata Ry\u015b to do\u015bwiadczona specjalistka w dziedzinie sprzeda\u017cy i ochrony \u015brodowiska, z ponad 20-letnim do\u015bwiadczeniem w bran\u017cy.","twitter_misc":{"Written by":"zkaczmarczyk","Estimated reading time":"2 minutes"},"schema":{"@context":"https:\/\/schema.org","@graph":[{"@type":"Article","@id":"https:\/\/interzero.pl\/blog\/awans-agaty-rys-na-czlonka-zarzadu-interzero\/#article","isPartOf":{"@id":"https:\/\/interzero.pl\/blog\/awans-agaty-rys-na-czlonka-zarzadu-interzero\/"},"author":{"name":"zkaczmarczyk","@id":"https:\/\/interzero.pl\/#\/schema\/person\/8af02f7e38778abdbe85489e9cf665d5"},"headline":"Awans Agaty Ry\u015b na Cz\u0142onka Zarz\u0105du Interzero","datePublished":"2024-09-13T09:51:03+00:00","mainEntityOfPage":{"@id":"https:\/\/interzero.pl\/blog\/awans-agaty-rys-na-czlonka-zarzadu-interzero\/"},"wordCount":380,"publisher":{"@id":"https:\/\/interzero.pl\/#organization"},"image":{"@id":"https:\/\/interzero.pl\/blog\/awans-agaty-rys-na-czlonka-zarzadu-interzero\/#primaryimage"},"thumbnailUrl":"https:\/\/interzero.pl\/wp-content\/uploads\/sites\/12\/2024\/09\/Agata-Rys-czlonek-zarzadu-interzero-1.jpg","articleSection":["Bez kategorii","Aktualno\u015bci"],"inLanguage":"en-GB"},{"@type":"WebPage","@id":"https:\/\/interzero.pl\/blog\/awans-agaty-rys-na-czlonka-zarzadu-interzero\/","url":"https:\/\/interzero.pl\/blog\/awans-agaty-rys-na-czlonka-zarzadu-interzero\/","name":"Promotion of Agata Ry\u015b to the Management Board of Interzero","isPartOf":{"@id":"https:\/\/interzero.pl\/#website"},"primaryImageOfPage":{"@id":"https:\/\/interzero.pl\/blog\/awans-agaty-rys-na-czlonka-zarzadu-interzero\/#primaryimage"},"image":{"@id":"https:\/\/interzero.pl\/blog\/awans-agaty-rys-na-czlonka-zarzadu-interzero\/#primaryimage"},"thumbnailUrl":"https:\/\/interzero.pl\/wp-content\/uploads\/sites\/12\/2024\/09\/Agata-Rys-czlonek-zarzadu-interzero-1.jpg","datePublished":"2024-09-13T09:51:03+00:00","description":"We are pleased to announce the promotion of Agata Ry\u015b to the position of Member of the Management Board of Interzero. Agata Ry\u015b is an experienced sales and environmental specialist with over 20 years of experience in the industry.","breadcrumb":{"@id":"https:\/\/interzero.pl\/blog\/awans-agaty-rys-na-czlonka-zarzadu-interzero\/#breadcrumb"},"inLanguage":"en-GB","potentialAction":[{"@type":"ReadAction","target":["https:\/\/interzero.pl\/blog\/awans-agaty-rys-na-czlonka-zarzadu-interzero\/"]}]},{"@type":"ImageObject","inLanguage":"en-GB","@id":"https:\/\/interzero.pl\/blog\/awans-agaty-rys-na-czlonka-zarzadu-interzero\/#primaryimage","url":"https:\/\/interzero.pl\/wp-content\/uploads\/sites\/12\/2024\/09\/Agata-Rys-czlonek-zarzadu-interzero-1.jpg","contentUrl":"https:\/\/interzero.pl\/wp-content\/uploads\/sites\/12\/2024\/09\/Agata-Rys-czlonek-zarzadu-interzero-1.jpg","width":1600,"height":1080,"caption":"Agata Ry\u015b cz\u0142onek zarz\u0105du interzero"},{"@type":"BreadcrumbList","@id":"https:\/\/interzero.pl\/blog\/awans-agaty-rys-na-czlonka-zarzadu-interzero\/#breadcrumb","itemListElement":[{"@type":"ListItem","position":1,"name":"Home","item":"https:\/\/interzero.pl\/"},{"@type":"ListItem","position":2,"name":"Awans Agaty Ry\u015b na Cz\u0142onka Zarz\u0105du Interzero"}]},{"@type":"WebSite","@id":"https:\/\/interzero.pl\/#website","url":"https:\/\/interzero.pl\/","name":"Interzero Polska | Solutions for a world without waste","description":"We provide innovative and comprehensive environmental solutions.","publisher":{"@id":"https:\/\/interzero.pl\/#organization"},"potentialAction":[{"@type":"SearchAction","target":{"@type":"EntryPoint","urlTemplate":"https:\/\/interzero.pl\/?s={search_term_string}"},"query-input":{"@type":"PropertyValueSpecification","valueRequired":true,"valueName":"search_term_string"}}],"inLanguage":"en-GB"},{"@type":"Organization","@id":"https:\/\/interzero.pl\/#organization","name":"Interzero Poland","url":"https:\/\/interzero.pl\/","logo":{"@type":"ImageObject","inLanguage":"en-GB","@id":"https:\/\/interzero.pl\/#\/schema\/logo\/image\/","url":"https:\/\/interzero.pl\/wp-content\/uploads\/sites\/12\/2024\/07\/Interzero.png","contentUrl":"https:\/\/interzero.pl\/wp-content\/uploads\/sites\/12\/2024\/07\/Interzero.png","width":1920,"height":1080,"caption":"Interzero Polska"},"image":{"@id":"https:\/\/interzero.pl\/#\/schema\/logo\/image\/"},"sameAs":["https:\/\/www.facebook.com\/InterzeroPolska","https:\/\/www.linkedin.com\/company\/interzero-zero-waste-solutions\/"]},{"@type":"Person","@id":"https:\/\/interzero.pl\/#\/schema\/person\/8af02f7e38778abdbe85489e9cf665d5","name":"zkaczmarczyk"}]}},"_links":{"self":[{"href":"https:\/\/interzero.pl\/en\/wp-json\/wp\/v2\/posts\/16530","targetHints":{"allow":["GET"]}}],"collection":[{"href":"https:\/\/interzero.pl\/en\/wp-json\/wp\/v2\/posts"}],"about":[{"href":"https:\/\/interzero.pl\/en\/wp-json\/wp\/v2\/types\/post"}],"author":[{"embeddable":true,"href":"https:\/\/interzero.pl\/en\/wp-json\/wp\/v2\/users\/28"}],"replies":[{"embeddable":true,"href":"https:\/\/interzero.pl\/en\/wp-json\/wp\/v2\/comments?post=16530"}],"version-history":[{"count":8,"href":"https:\/\/interzero.pl\/en\/wp-json\/wp\/v2\/posts\/16530\/revisions"}],"predecessor-version":[{"id":16542,"href":"https:\/\/interzero.pl\/en\/wp-json\/wp\/v2\/posts\/16530\/revisions\/16542"}],"wp:featuredmedia":[{"embeddable":true,"href":"https:\/\/interzero.pl\/en\/wp-json\/wp\/v2\/media\/16539"}],"wp:attachment":[{"href":"https:\/\/interzero.pl\/en\/wp-json\/wp\/v2\/media?parent=16530"}],"wp:term":[{"taxonomy":"category","embeddable":true,"href":"https:\/\/interzero.pl\/en\/wp-json\/wp\/v2\/categories?post=16530"},{"taxonomy":"post_tag","embeddable":true,"href":"https:\/\/interzero.pl\/en\/wp-json\/wp\/v2\/tags?post=16530"}],"curies":[{"name":"wp","href":"https:\/\/api.w.org\/{rel}","templated":true}]}}