{"id":14393,"date":"2024-03-20T14:54:36","date_gmt":"2024-03-20T13:54:36","guid":{"rendered":"https:\/\/interzero.pl\/blog\/get-to-know-the-faces-of-waste-cooperation-between-interzero-and-the-wroclaw-literature-house\/"},"modified":"2024-05-17T08:26:15","modified_gmt":"2024-05-17T06:26:15","slug":"get-to-know-the-faces-of-waste-cooperation-between-interzero-and-the-wroclaw-literature-house","status":"publish","type":"post","link":"https:\/\/interzero.pl\/en\/blog\/get-to-know-the-faces-of-waste-cooperation-between-interzero-and-the-wroclaw-literature-house\/","title":{"rendered":"Get to know the faces of waste - Cooperation between Interzero and the Wroc\u0142aw Literature House"},"content":{"rendered":"<div class=\"wpb-content-wrapper\"><div data-parent=\"true\" class=\"vc_row row-container\" id=\"row-unique-0\"><div class=\"row limit-width row-parent\"><div class=\"wpb_row row-inner\"><div class=\"wpb_column pos-top pos-center align_left column_parent col-lg-6 single-internal-gutter\"><div class=\"uncol style-light\"  ><div class=\"uncoltable\"><div class=\"uncell no-block-padding\" ><div class=\"uncont\" ><div class=\"uncode-single-media  text-left\"><div class=\"single-wrapper\" style=\"max-width: 100%;\"><a class=\"single-media-link\" href=\"https:\/\/interzero.pl\/en\/uslugi\/edukacja-ekologiczna\/\" target=\"_blank\"><div class=\"tmb tmb-light  tmb-media-first tmb-media-last tmb-content-overlay tmb-no-bg\"><div class=\"t-inside\"><div class=\"t-entry-visual\"><div class=\"t-entry-visual-tc\"><div class=\"uncode-single-media-wrapper\"><img decoding=\"async\" class=\"wp-image-13300\" src=\"https:\/\/interzero.pl\/wp-content\/uploads\/sites\/12\/2024\/03\/wroclawski-dom-literatury-interzero-odpady.png\" width=\"1600\" height=\"1080\" alt=\"wroclawski dom literatury interzero odpady\" srcset=\"https:\/\/interzero.pl\/wp-content\/uploads\/sites\/12\/2024\/03\/wroclawski-dom-literatury-interzero-odpady.png 1600w, https:\/\/interzero.pl\/wp-content\/uploads\/sites\/12\/2024\/03\/wroclawski-dom-literatury-interzero-odpady-300x203.png 300w, https:\/\/interzero.pl\/wp-content\/uploads\/sites\/12\/2024\/03\/wroclawski-dom-literatury-interzero-odpady-1024x691.png 1024w, https:\/\/interzero.pl\/wp-content\/uploads\/sites\/12\/2024\/03\/wroclawski-dom-literatury-interzero-odpady-768x518.png 768w, https:\/\/interzero.pl\/wp-content\/uploads\/sites\/12\/2024\/03\/wroclawski-dom-literatury-interzero-odpady-1536x1037.png 1536w, https:\/\/interzero.pl\/wp-content\/uploads\/sites\/12\/2024\/03\/wroclawski-dom-literatury-interzero-odpady-350x236.png 350w\" sizes=\"(max-width: 1600px) 100vw, 1600px\" \/><\/div>\n\t\t\t\t\t<\/div>\n\t\t\t\t<\/div><\/div><\/div><\/a><\/div><\/div><\/div><\/div><\/div><\/div><\/div><div class=\"wpb_column pos-top pos-center align_left column_parent col-lg-6 single-internal-gutter\"><div class=\"uncol style-light\"  ><div class=\"uncoltable\"><div class=\"uncell no-block-padding\" ><div class=\"uncont\" ><div class=\"uncode_text_column\" ><\/p>\n<h3><strong>Get to know the faces of waste - Cooperation between Interzero and the Wroc\u0142aw Literature House<\/strong><\/h3>\n<p>The media increasingly raises the issue of waste, sometimes sparking heated discussions. Listening to the opinions of both Polish women and men, it turns out that many people express reluctance to segregate waste, question the effectiveness of recycling and doubt the possibility of introducing significant changes. People often wonder what impact they can really have and whether changes in their behaviour have a wider impact.<\/p>\n<p>Poland officially has one of the lowest rates of municipal waste generation per capita in Europe, but what does the situation actually look like in the long term? We encourage you to attend the events below to reflect on this together.<\/p>\n<\/div><\/div><\/div><\/div><\/div><\/div><script id=\"script-row-unique-0\" data-row=\"script-row-unique-0\" type=\"text\/javascript\" class=\"vc_controls\">UNCODE.initRow(document.getElementById(\"row-unique-0\"));<\/script><\/div><\/div><\/div><div data-parent=\"true\" class=\"vc_row row-container\" id=\"row-unique-1\"><div class=\"row limit-width row-parent\"><div class=\"wpb_row row-inner\"><div class=\"wpb_column pos-top pos-center align_left column_parent col-lg-12 single-internal-gutter\"><div class=\"uncol style-light\"  ><div class=\"uncoltable\"><div class=\"uncell no-block-padding\" ><div class=\"uncont\" ><div class=\"uncode_text_column\" ><\/p>\n<h4><strong>Faces of Disaster #11. A landscape with a view of waste - we invite you to listen to the conversation<\/strong><\/h4>\n<p>At the April meeting as part of the \"Facing a Disaster\" series, we will consider the state of waste management in Poland, who is responsible for waste and why we are talking about a waste crisis today. However, the most important goal of the discussion will be to try to answer the question of how to talk about waste and what language to use to inspire people to change attitudes, habits and take action to protect the environment in which we all live.<\/p>\n<p>The conversation will be attended by <strong>Katarzyna Blachowicz<\/strong> (expert in recycling, waste, sustainable development and circular economy) and Dr. hab. <strong>Tomasz Piekot<\/strong> (linguist, communicator from the University of Wroc\u0142aw). The meeting will be led by <strong>Patryk Strza\u0142kowski<\/strong> (journalist of Gazeta.pl).<\/p>\n<p><strong>Time:<\/strong> Wednesday, April 3, at 19.00<br \/>\n<strong>Places:<\/strong> Proza Club | Wroc\u0142aw House of Literature (Przej\u015bcie Garncarskie 2)<\/p>\n<p>Free entrance<\/p>\n<p>The meeting will be broadcast online. You will be able to watch them on the Facebook pages <a href=\"https:\/\/www.facebook.com\/WroclawskiDomLiteratury\">of the Wroc\u0142aw House of Literature<\/a> , <a href=\"https:\/\/www.facebook.com\/WroclawMiastoLiteraturyUNESCO\">Wroc\u0142aw UNESCO City of Literature<\/a> , <a href=\"https:\/\/www.facebook.com\/InterzeroPolska\">Interzero Poland<\/a> , <a href=\"https:\/\/www.facebook.com\/ekobezkantow\">Eco-friendly without the frills<\/a> and <a href=\"https:\/\/www.facebook.com\/klubproza\">Prose Club<\/a> .  <strong>Join the event today! Click <a href=\"https:\/\/www.facebook.com\/events\/935405527986180\/?ref=newsfeed&amp;locale=pl_PL\">here<\/a><\/strong><\/p>\n<\/div><div class=\"uncode_text_column\" ><p>\"Faces of Disaster\" is a series of discussions around the most urgent issues related to ecological disasters, where books are always the starting point. The aim of the project is to expand knowledge about climate change and human impact on the environment, raise ecological awareness and initiate conversations on activities related to the environment and climate protection. Invited authors, publicists, sociologists, activists, experts and observers of changes in the field of environmental protection give lectures, among others: on: depletion of drinking water resources and water conflicts, migration crises, appropriation of land, energy and raw materials, overproduction, food crisis and excessive consumption, as well as social and communication exclusion. The \"Faces of Disaster\" series is under the honorary patronage of the Mayor of Wroc\u0142aw, Jacek Sutryk.<\/p>\n<\/div><\/div><\/div><\/div><\/div><\/div><script id=\"script-row-unique-1\" data-row=\"script-row-unique-1\" type=\"text\/javascript\" class=\"vc_controls\">UNCODE.initRow(document.getElementById(\"row-unique-1\"));<\/script><\/div><\/div><\/div><div data-parent=\"true\" class=\"vc_row row-container\" id=\"row-unique-2\"><div class=\"row col-double-gutter limit-width row-parent\" data-height-ratio=\"25\"><div class=\"wpb_row row-inner\"><div class=\"wpb_column pos-middle pos-center align_left column_parent col-lg-4 single-internal-gutter\"><div class=\"uncol style-light\"  ><div class=\"uncoltable\"><div class=\"uncell no-block-padding\" ><div class=\"uncont\" ><div class=\"uncode-single-media  text-center\"><div class=\"single-wrapper\" style=\"max-width: 70%;\"><div class=\"tmb tmb-light  tmb-media-first tmb-media-last tmb-content-overlay tmb-no-bg\"><div class=\"t-inside\"><div class=\"t-entry-visual\"><div class=\"t-entry-visual-tc\"><div class=\"uncode-single-media-wrapper\"><img decoding=\"async\" class=\"wp-image-13256\" src=\"https:\/\/interzero.pl\/wp-content\/uploads\/sites\/12\/2024\/03\/ewa-grudzien-3.png\" width=\"1080\" height=\"1080\" alt=\"Katarzyna B&#322;achowicz\" srcset=\"https:\/\/interzero.pl\/wp-content\/uploads\/sites\/12\/2024\/03\/ewa-grudzien-3.png 1080w, https:\/\/interzero.pl\/wp-content\/uploads\/sites\/12\/2024\/03\/ewa-grudzien-3-300x300.png 300w, https:\/\/interzero.pl\/wp-content\/uploads\/sites\/12\/2024\/03\/ewa-grudzien-3-1024x1024.png 1024w, https:\/\/interzero.pl\/wp-content\/uploads\/sites\/12\/2024\/03\/ewa-grudzien-3-150x150.png 150w, https:\/\/interzero.pl\/wp-content\/uploads\/sites\/12\/2024\/03\/ewa-grudzien-3-768x768.png 768w, https:\/\/interzero.pl\/wp-content\/uploads\/sites\/12\/2024\/03\/ewa-grudzien-3-350x350.png 350w, https:\/\/interzero.pl\/wp-content\/uploads\/sites\/12\/2024\/03\/ewa-grudzien-3-348x348.png 348w\" sizes=\"(max-width: 1080px) 100vw, 1080px\" \/><\/div>\n\t\t\t\t\t<\/div>\n\t\t\t\t<\/div><\/div><\/div><\/div><\/div><div class=\"uncode_text_column text-small\" ><p><strong>Katarzyna Blachowicz<\/strong>  is the Vice-President of the Management Board of Centrum Cooperacji Recyklingu - not for profit system Sp. z o. o., a company coordinating the activities of the Waste Management and Recycling Cluster - National Key Cluster (since 2018). Coordinates, initiates, organises and supports within the Cluster, among others: activities to develop innovation, competitiveness and, above all, mutual business cooperation between companies and scientific institutions related to waste management and recycling. It coordinates the activities of the Recycling Academy, which provides comprehensive education for employees, management staff and other interested persons of companies and institutions related to the waste management, recycling and circular economy industries, as well as public education in this area.<\/p>\n<\/div><\/div><\/div><\/div><\/div><\/div><div class=\"wpb_column pos-top pos-center align_left column_parent col-lg-4 single-internal-gutter\"><div class=\"uncol style-light\"  ><div class=\"uncoltable\"><div class=\"uncell no-block-padding\" ><div class=\"uncont\" ><div class=\"uncode-single-media  text-center\"><div class=\"single-wrapper\" style=\"max-width: 70%;\"><div class=\"tmb tmb-light  tmb-media-first tmb-media-last tmb-content-overlay tmb-no-bg\"><div class=\"t-inside\"><div class=\"t-entry-visual\"><div class=\"t-entry-visual-tc\"><div class=\"uncode-single-media-wrapper\"><img decoding=\"async\" class=\"wp-image-13260\" src=\"https:\/\/interzero.pl\/wp-content\/uploads\/sites\/12\/2024\/03\/ewa-grudzien.png\" width=\"1080\" height=\"1080\" alt=\"dr hab. Tomasz Piekot\" srcset=\"https:\/\/interzero.pl\/wp-content\/uploads\/sites\/12\/2024\/03\/ewa-grudzien.png 1080w, https:\/\/interzero.pl\/wp-content\/uploads\/sites\/12\/2024\/03\/ewa-grudzien-300x300.png 300w, https:\/\/interzero.pl\/wp-content\/uploads\/sites\/12\/2024\/03\/ewa-grudzien-1024x1024.png 1024w, https:\/\/interzero.pl\/wp-content\/uploads\/sites\/12\/2024\/03\/ewa-grudzien-150x150.png 150w, https:\/\/interzero.pl\/wp-content\/uploads\/sites\/12\/2024\/03\/ewa-grudzien-768x768.png 768w, https:\/\/interzero.pl\/wp-content\/uploads\/sites\/12\/2024\/03\/ewa-grudzien-350x350.png 350w, https:\/\/interzero.pl\/wp-content\/uploads\/sites\/12\/2024\/03\/ewa-grudzien-348x348.png 348w\" sizes=\"(max-width: 1080px) 100vw, 1080px\" \/><\/div>\n\t\t\t\t\t<\/div>\n\t\t\t\t<\/div><\/div><\/div><\/div><\/div><div class=\"uncode_text_column text-small\" ><p><strong>Ph.D. Tomasz Piekot  <\/strong>is a linguist and communicaologist, interpersonal and social communication trainer, and academic teacher. Head and co-founder of the Simple Polish Workshop at the University of Wroc\u0142aw. Author of books on effective writing. Editor of the scientific journal \"Faces of Communication\".<\/p>\n<\/div><\/div><\/div><\/div><\/div><\/div><div class=\"wpb_column pos-top pos-center align_left column_parent col-lg-4 single-internal-gutter\"><div class=\"uncol style-light\"  ><div class=\"uncoltable\"><div class=\"uncell no-block-padding\" ><div class=\"uncont\" ><div class=\"uncode-single-media  text-center\"><div class=\"single-wrapper\" style=\"max-width: 70%;\"><div class=\"tmb tmb-light  tmb-media-first tmb-media-last tmb-content-overlay tmb-no-bg\"><div class=\"t-inside\"><div class=\"t-entry-visual\"><div class=\"t-entry-visual-tc\"><div class=\"uncode-single-media-wrapper\"><img decoding=\"async\" class=\"wp-image-13258\" src=\"https:\/\/interzero.pl\/wp-content\/uploads\/sites\/12\/2024\/03\/ewa-grudzien-2.png\" width=\"1080\" height=\"1080\" alt=\"Patryk Strza&#322;kowski\" srcset=\"https:\/\/interzero.pl\/wp-content\/uploads\/sites\/12\/2024\/03\/ewa-grudzien-2.png 1080w, https:\/\/interzero.pl\/wp-content\/uploads\/sites\/12\/2024\/03\/ewa-grudzien-2-300x300.png 300w, https:\/\/interzero.pl\/wp-content\/uploads\/sites\/12\/2024\/03\/ewa-grudzien-2-1024x1024.png 1024w, https:\/\/interzero.pl\/wp-content\/uploads\/sites\/12\/2024\/03\/ewa-grudzien-2-150x150.png 150w, https:\/\/interzero.pl\/wp-content\/uploads\/sites\/12\/2024\/03\/ewa-grudzien-2-768x768.png 768w, https:\/\/interzero.pl\/wp-content\/uploads\/sites\/12\/2024\/03\/ewa-grudzien-2-350x350.png 350w, https:\/\/interzero.pl\/wp-content\/uploads\/sites\/12\/2024\/03\/ewa-grudzien-2-348x348.png 348w\" sizes=\"(max-width: 1080px) 100vw, 1080px\" \/><\/div>\n\t\t\t\t\t<\/div>\n\t\t\t\t<\/div><\/div><\/div><\/div><\/div><div class=\"uncode_text_column text-small\" ><p><strong>Patryk Strza\u0142kowski<\/strong> has been a journalist at Gazeta.pl since 2015, where he is responsible for the inter-editorial Green Desk and the Zielona.Gazeta.pl website. He specializes in climate and environment as well as foreign topics. Author, among others, the Fridays for Climate series, reports from the Middle East and other parts of the world. Host of the programme Morning conversation of Gazeta.pl (formerly Zielony Poranek). A graduate of journalism at the Adam Mickiewicz University in Pozna\u0144 and the Polish School of Reportage. Member of the Oxford Climate Journalism Network. Winner of the \"Journalist for the Planet\" award granted as part of the Radio ZET award. Andrzej Woyciechowski in 2023.<\/p>\n<\/div><\/div><\/div><\/div><\/div><\/div><script id=\"script-row-unique-2\" data-row=\"script-row-unique-2\" type=\"text\/javascript\" class=\"vc_controls\">UNCODE.initRow(document.getElementById(\"row-unique-2\"));<\/script><\/div><\/div><\/div><div data-parent=\"true\" class=\"vc_row row-container\" id=\"row-unique-3\"><div class=\"row limit-width row-parent\"><div class=\"wpb_row row-inner\"><div class=\"wpb_column pos-top pos-center align_left column_parent col-lg-12 single-internal-gutter\"><div class=\"uncol style-light\"  ><div class=\"uncoltable\"><div class=\"uncell no-block-padding\" ><div class=\"uncont\" ><div class=\"divider-wrapper\"  >\n    <hr class=\"unseparator separator-no-padding\"  \/>\n<\/div>\n<div class=\"uncode_text_column\" ><\/p>\n<h4><strong>Faces of Garbage - we invite you to workshops for children with Kama Morawska<\/strong><\/h4>\n<p>During the workshops, we will consider the words used to refer to garbage, as well as how language affects our perception of reality. We will try to find the differences in the meaning of the words: RAW MATERIALS, WASTE processing, DON'T HAVE GARBAGE. Participants will also create a collage from unnecessary and unwanted books, newspapers, maps and papers promoting a zero-waste approach to used items.<\/p>\n<p><strong>Time:<\/strong> April 7, at 11.00-12.30<br \/>\n<strong>Places:<\/strong> Proza Club | Wroc\u0142aw House of Literature (Przej\u015bcie Garncarskie 2)<\/p>\n<p>We invite children aged 6-12 to participate.<\/p>\n<p>Registration for the event is required at <a href=\"mailto:info@literatura.wroclaw.pl\">info@literatura.wroclaw.pl<\/a> (registration is first come first served).<\/p>\n<p>The workshops will be led by <strong>Kama Morawska<\/strong> , a doctor of philosophy and author of the philosophical workshops for children \"Images of Philosophy\", which she has been running at Secret Completes since 2014. She wrote a philosophy book for children \"Philosophy at hand, so practice philosophy.\" She is constantly keenly interested in how and what little people think.<\/p>\n<p><strong>Join the event on FB <a href=\"https:\/\/www.facebook.com\/events\/408025615256237\/?ref=newsfeed&amp;locale=pl_PL\">HERE<\/a><\/strong><\/p>\n<p><a href=\"https:\/\/literatura.wroclaw.pl\/\"><strong>Please visit the website of the Wroc\u0142aw House of Literature for more information<\/strong><\/a><\/p>\n<\/div><\/div><\/div><\/div><\/div><\/div><script id=\"script-row-unique-3\" data-row=\"script-row-unique-3\" type=\"text\/javascript\" class=\"vc_controls\">UNCODE.initRow(document.getElementById(\"row-unique-3\"));<\/script><\/div><\/div><\/div><div data-parent=\"true\" class=\"vc_row row-container\" id=\"row-unique-4\"><div class=\"row limit-width row-parent\"><div class=\"wpb_row row-inner\"><div class=\"wpb_column pos-middle pos-center align_center column_parent col-lg-12 single-internal-gutter\"><div class=\"uncol style-light\"  ><div class=\"uncoltable\"><div class=\"uncell no-block-padding\" ><div class=\"uncont\" ><div class=\"un-media-gallery owl-carousel-wrapper\">\n\t\t\n\t\n\t<div class=\"owl-carousel-container owl-carousel-loading double-gutter\" >\n\t\t\t\t\t\t\t\t\t<div id=\"gallery-400371\" class=\"owl-carousel owl-element owl-valign-middle owl-height-auto\" data-navmobile=\"false\" data-navspeed=\"400\" data-autoplay=\"true\" data-timeout=\"3000\" data-stagepadding=\"0\" data-lg=\"2\" data-md=\"2\" data-sm=\"1\">\n<div class=\"tmb tmb-carousel tmb-iso-h4 tmb-light tmb-overlay-text-anim tmb-overlay-anim tmb-overlay-middle tmb-overlay-text-center tmb-image-anim tmb-bordered tmb-id-13270  tmb-media-first tmb-media-last tmb-content-overlay tmb-no-bg tmb-lightbox\" ><div class=\"t-inside no-anim\" ><div class=\"t-entry-visual\"><div class=\"t-entry-visual-tc\"><div class=\"t-entry-visual-cont\"><div class=\"dummy\" style=\"padding-top: 52.3%;\"><\/div><a href=\"https:\/\/interzero.pl\/wp-content\/uploads\/sites\/12\/2024\/03\/Oblicza_warsztaty_kwiecien_2024_baner_FB_1-jpg.webp\"  class=\"pushed\" data-active=\"1\" data-lbox=\"ilightbox_gallery-400371\" data-options=\"width:1200,height:628,thumbnail: 'https:\/\/interzero.pl\/wp-content\/uploads\/sites\/12\/2024\/03\/Oblicza_warsztaty_kwiecien_2024_baner_FB_1-300x157.webp'\" data-lb-index=\"0\"><div class=\"t-entry-visual-overlay\"><div class=\"t-entry-visual-overlay-in style-dark-bg\" style=\"opacity: 0.5;\"><\/div><\/div><img decoding=\"async\" class=\"wp-image-13270\" src=\"https:\/\/interzero.pl\/wp-content\/uploads\/sites\/12\/2024\/03\/Oblicza_warsztaty_kwiecien_2024_baner_FB_1-jpg.webp\" width=\"1200\" height=\"628\" alt=\"Oblicza_warsztaty_kwiecien_2024_baner\" srcset=\"https:\/\/interzero.pl\/wp-content\/uploads\/sites\/12\/2024\/03\/Oblicza_warsztaty_kwiecien_2024_baner_FB_1-jpg.webp 1200w, https:\/\/interzero.pl\/wp-content\/uploads\/sites\/12\/2024\/03\/Oblicza_warsztaty_kwiecien_2024_baner_FB_1-300x157.webp 300w, https:\/\/interzero.pl\/wp-content\/uploads\/sites\/12\/2024\/03\/Oblicza_warsztaty_kwiecien_2024_baner_FB_1-1024x536.webp 1024w, https:\/\/interzero.pl\/wp-content\/uploads\/sites\/12\/2024\/03\/Oblicza_warsztaty_kwiecien_2024_baner_FB_1-768x402.webp 768w, https:\/\/interzero.pl\/wp-content\/uploads\/sites\/12\/2024\/03\/Oblicza_warsztaty_kwiecien_2024_baner_FB_1-350x183.webp 350w\" sizes=\"(max-width: 1200px) 100vw, 1200px\" \/><\/a><\/div>\n\t\t\t\t\t<\/div>\n\t\t\t\t<\/div><\/div><\/div><div class=\"tmb tmb-carousel tmb-iso-h4 tmb-light tmb-overlay-text-anim tmb-overlay-anim tmb-overlay-middle tmb-overlay-text-center tmb-image-anim tmb-bordered tmb-id-13268  tmb-media-first tmb-media-last tmb-content-overlay tmb-no-bg tmb-lightbox\" ><div class=\"t-inside no-anim\" ><div class=\"t-entry-visual\"><div class=\"t-entry-visual-tc\"><div class=\"t-entry-visual-cont\"><div class=\"dummy\" style=\"padding-top: 52.3%;\"><\/div><a href=\"https:\/\/interzero.pl\/wp-content\/uploads\/sites\/12\/2024\/03\/OBLICZA_odpady_kwiecien_2024_baner_FB_2-jpg.webp\"  class=\"pushed\" data-active=\"1\" data-lbox=\"ilightbox_gallery-400371\" data-options=\"width:1200,height:628,thumbnail: 'https:\/\/interzero.pl\/wp-content\/uploads\/sites\/12\/2024\/03\/OBLICZA_odpady_kwiecien_2024_baner_FB_2-300x157.webp'\" data-lb-index=\"1\"><div class=\"t-entry-visual-overlay\"><div class=\"t-entry-visual-overlay-in style-dark-bg\" style=\"opacity: 0.5;\"><\/div><\/div><img decoding=\"async\" class=\"wp-image-13268\" src=\"https:\/\/interzero.pl\/wp-content\/uploads\/sites\/12\/2024\/03\/OBLICZA_odpady_kwiecien_2024_baner_FB_2-jpg.webp\" width=\"1200\" height=\"628\" alt=\"OBLICZA_odpady_kwiecien_2024_baner\" srcset=\"https:\/\/interzero.pl\/wp-content\/uploads\/sites\/12\/2024\/03\/OBLICZA_odpady_kwiecien_2024_baner_FB_2-jpg.webp 1200w, https:\/\/interzero.pl\/wp-content\/uploads\/sites\/12\/2024\/03\/OBLICZA_odpady_kwiecien_2024_baner_FB_2-300x157.webp 300w, https:\/\/interzero.pl\/wp-content\/uploads\/sites\/12\/2024\/03\/OBLICZA_odpady_kwiecien_2024_baner_FB_2-1024x536.webp 1024w, https:\/\/interzero.pl\/wp-content\/uploads\/sites\/12\/2024\/03\/OBLICZA_odpady_kwiecien_2024_baner_FB_2-768x402.webp 768w, https:\/\/interzero.pl\/wp-content\/uploads\/sites\/12\/2024\/03\/OBLICZA_odpady_kwiecien_2024_baner_FB_2-350x183.webp 350w\" sizes=\"(max-width: 1200px) 100vw, 1200px\" \/><\/a><\/div>\n\t\t\t\t\t<\/div>\n\t\t\t\t<\/div><\/div><\/div>\t\t\t<\/div>\n\t\t\t\t\t<\/div>\n\n\t\n\t\n\t\n<\/div>\n\n<\/div><\/div><\/div><\/div><\/div><script id=\"script-row-unique-4\" data-row=\"script-row-unique-4\" type=\"text\/javascript\" class=\"vc_controls\">UNCODE.initRow(document.getElementById(\"row-unique-4\"));<\/script><\/div><\/div><\/div>\n<\/div>","protected":false},"excerpt":{"rendered":"<p>The media increasingly raises the issue of waste, sometimes sparking heated discussions. Together with the Wroc\u0142aw House of Literature, we will delve deeper into this topic during the upcoming events! You will learn more from the entry.<\/p>","protected":false},"author":6,"featured_media":13300,"comment_status":"closed","ping_status":"closed","sticky":false,"template":"","format":"standard","meta":{"_acf_changed":false,"inline_featured_image":false,"footnotes":""},"categories":[82],"tags":[],"class_list":["post-14393","post","type-post","status-publish","format-standard","has-post-thumbnail","hentry","category-uncategorized"],"acf":[],"cp_meta_data":{"_yoast_wpseo_primary_category":[""],"_wpml_media_duplicate":["1"],"_wpml_media_featured":["1"],"_top_nav_excluded":[""],"_cms_nav_minihome":[""],"_yoast_wpseo_title":["Get to know the faces of waste \u2013 Cooperation between Interzero and the Wroc\u0142aw Literature House"],"_yoast_wpseo_metadesc":["We invite you to educational workshops for the youngest and to a meeting from the \"Faces of Disaster\" series, organized in cooperation with the Wroc\u0142aw Literature House."],"_yoast_wpseo_focuskw":["Wroc\u0142aw House of Literature"],"_yoast_wpseo_opengraph-description":["On March 13 at 1:00 p.m. there was a debate: Are we ready to implement the deposit system in Poland? Pawe\u0142 Sosnowski took part in the event."],"_yoast_wpseo_twitter-title":["Are we ready to implement a deposit system in Poland?"],"_yoast_wpseo_twitter-description":["On March 13 at 1:00 p.m. there was a debate: Are we ready to implement the deposit system in Poland? Pawe\u0142 Sosnowski took part in the event."],"_yoast_wpseo_opengraph-title":["Are we ready to implement a deposit system in Poland?"],"_thumbnail_id":["13300"],"_yoast_wpseo_opengraph-image":["https:\/\/interzero.pl\/wp-content\/uploads\/sites\/12\/2024\/03\/interzero-pawel-sosnowski-1024x691.png"],"_yoast_wpseo_twitter-image":["https:\/\/interzero.pl\/wp-content\/uploads\/sites\/12\/2024\/03\/interzero-pawel-sosnowski-1024x691.png"],"_uncode_secondary_thumbnail_id":["0"],"_uncode_header_height":["a:2:{i:0;s:2:\"50\";i:1;s:1:\"%\";}"],"_uncode_header_align":["left"],"_uncode_specific_menu_opaque":["off"],"_uncode_blocks_list":["5704"],"_uncode_header_title":["on"],"_uncode_header_style":["dark"],"_uncode_header_content_width":["off"],"_uncode_header_custom_width":["100"],"_uncode_header_position":["header-center header-middle"],"_uncode_header_title_size":["h1"],"_uncode_header_title_italic":["off"],"_uncode_header_title_custom":["off"],"_uncode_header_featured":["on"],"_uncode_header_parallax":["off"],"_uncode_header_overlay_color_alpha":["100"],"_uncode_header_scroll_opacity":["off"],"_uncode_header_scrolldown":["off"],"_uncode_sidebar_position":["sidebar_right"],"_uncode_sidebar_size":["4"],"_uncode_sidebar_fill":["off"],"_uncode_header_type":["header_uncodeblock"],"_uncode_header_full_width":["on"],"_uncode_specific_menu_no_shadow":["off"],"_uncode_header_background":["a:6:{s:16:\"background-color\";s:10:\"color-wayh\";s:17:\"background-repeat\";s:0:\"\";s:21:\"background-attachment\";s:0:\"\";s:19:\"background-position\";s:0:\"\";s:15:\"background-size\";s:0:\"\";s:16:\"background-image\";s:0:\"\";}"],"_uncode_sidebar_sticky":["off"],"_uncode_menu_no_padding":["on"],"_uncode_menu_no_padding_mobile":["off"],"_uncode_fullpage_type":["curtain"],"_uncode_fullpage_opacity":["off"],"_uncode_scroll_dots":["off"],"_uncode_empty_dots":["off"],"_uncode_scroll_history":["off"],"_uncode_scroll_safe_padding":["on"],"_uncode_scroll_additional_padding":["0"],"_uncode_fullpage_mobile":["off"],"_uncode_scroll_snap":["off"],"_uncode_specific_layout_width_custom":["a:2:{i:0;s:0:\"\";i:1;s:2:\"px\";}"],"_uncode_specific_media":["off"],"_uncode_specific_tags_align":["left"],"_last_translation_edit_mode":["translation-editor"],"_cmplz_remote_scanned_post":["1"],"_wpml_word_count":["{\"total\":1295,\"to_translate\":{\"pl\":1295}}"]},"yoast_head":"<!-- This site is optimized with the Yoast SEO plugin v26.4 - https:\/\/yoast.com\/wordpress\/plugins\/seo\/ -->\n<title>Get to know the faces of waste \u2013 Cooperation between Interzero and the Wroc\u0142aw Literature House<\/title>\n<meta name=\"description\" content=\"We invite you to educational workshops for the youngest and to a meeting from the &quot;Faces of Disaster&quot; series, organized in cooperation with the Wroc\u0142aw Literature House.\" \/>\n<meta name=\"robots\" content=\"index, follow, max-snippet:-1, max-image-preview:large, max-video-preview:-1\" \/>\n<link rel=\"canonical\" href=\"https:\/\/interzero.pl\/en\/blog\/get-to-know-the-faces-of-waste-cooperation-between-interzero-and-the-wroclaw-literature-house\/\" \/>\n<meta property=\"og:locale\" content=\"en_GB\" \/>\n<meta property=\"og:type\" content=\"article\" \/>\n<meta property=\"og:title\" content=\"Are we ready to implement a deposit system in Poland?\" \/>\n<meta property=\"og:description\" content=\"On March 13 at 1:00 p.m. there was a debate: Are we ready to implement the deposit system in Poland? Pawe\u0142 Sosnowski took part in the event.\" \/>\n<meta property=\"og:url\" content=\"https:\/\/interzero.pl\/en\/blog\/get-to-know-the-faces-of-waste-cooperation-between-interzero-and-the-wroclaw-literature-house\/\" \/>\n<meta property=\"og:site_name\" content=\"Interzero Polska\" \/>\n<meta property=\"article:publisher\" content=\"https:\/\/www.facebook.com\/InterzeroPolska\" \/>\n<meta property=\"article:author\" content=\"Wiertnicza 165\" \/>\n<meta property=\"article:published_time\" content=\"2024-03-20T13:54:36+00:00\" \/>\n<meta property=\"article:modified_time\" content=\"2024-05-17T06:26:15+00:00\" \/>\n<meta property=\"og:image\" content=\"https:\/\/interzero.pl\/wp-content\/uploads\/sites\/12\/2024\/03\/interzero-pawel-sosnowski-1024x691.png\" \/>\n<meta name=\"author\" content=\"Alicja Bre\u015b\" \/>\n<meta name=\"twitter:card\" content=\"summary_large_image\" \/>\n<meta name=\"twitter:title\" content=\"Are we ready to implement a deposit system in Poland?\" \/>\n<meta name=\"twitter:description\" content=\"On March 13 at 1:00 p.m. there was a debate: Are we ready to implement the deposit system in Poland? Pawe\u0142 Sosnowski took part in the event.\" \/>\n<meta name=\"twitter:image\" content=\"https:\/\/interzero.pl\/wp-content\/uploads\/sites\/12\/2024\/03\/interzero-pawel-sosnowski-1024x691.png\" \/>\n<meta name=\"twitter:label1\" content=\"Written by\" \/>\n\t<meta name=\"twitter:data1\" content=\"Alicja Bre\u015b\" \/>\n\t<meta name=\"twitter:label2\" content=\"Estimated reading time\" \/>\n\t<meta name=\"twitter:data2\" content=\"6 minutes\" \/>\n<script type=\"application\/ld+json\" class=\"yoast-schema-graph\">{\"@context\":\"https:\/\/schema.org\",\"@graph\":[{\"@type\":\"Article\",\"@id\":\"https:\/\/interzero.pl\/blog\/get-to-know-the-faces-of-waste-cooperation-between-interzero-and-the-wroclaw-literature-house\/#article\",\"isPartOf\":{\"@id\":\"https:\/\/interzero.pl\/blog\/get-to-know-the-faces-of-waste-cooperation-between-interzero-and-the-wroclaw-literature-house\/\"},\"author\":{\"name\":\"Alicja Bre\u015b\",\"@id\":\"https:\/\/interzero.pl\/#\/schema\/person\/bee6346cf79614311a93e78b72b564ef\"},\"headline\":\"Get to know the faces of waste \u2013 Cooperation between Interzero and the Wroc\u0142aw Literature House\",\"datePublished\":\"2024-03-20T13:54:36+00:00\",\"dateModified\":\"2024-05-17T06:26:15+00:00\",\"mainEntityOfPage\":{\"@id\":\"https:\/\/interzero.pl\/blog\/get-to-know-the-faces-of-waste-cooperation-between-interzero-and-the-wroclaw-literature-house\/\"},\"wordCount\":1287,\"publisher\":{\"@id\":\"https:\/\/interzero.pl\/#organization\"},\"image\":{\"@id\":\"https:\/\/interzero.pl\/blog\/get-to-know-the-faces-of-waste-cooperation-between-interzero-and-the-wroclaw-literature-house\/#primaryimage\"},\"thumbnailUrl\":\"https:\/\/interzero.pl\/wp-content\/uploads\/sites\/12\/2024\/03\/wroclawski-dom-literatury-interzero-odpady.png\",\"articleSection\":[\"Uncategorized\"],\"inLanguage\":\"en-GB\"},{\"@type\":\"WebPage\",\"@id\":\"https:\/\/interzero.pl\/blog\/get-to-know-the-faces-of-waste-cooperation-between-interzero-and-the-wroclaw-literature-house\/\",\"url\":\"https:\/\/interzero.pl\/blog\/get-to-know-the-faces-of-waste-cooperation-between-interzero-and-the-wroclaw-literature-house\/\",\"name\":\"Get to know the faces of waste \u2013 Cooperation between Interzero and the Wroc\u0142aw Literature House\",\"isPartOf\":{\"@id\":\"https:\/\/interzero.pl\/#website\"},\"primaryImageOfPage\":{\"@id\":\"https:\/\/interzero.pl\/blog\/get-to-know-the-faces-of-waste-cooperation-between-interzero-and-the-wroclaw-literature-house\/#primaryimage\"},\"image\":{\"@id\":\"https:\/\/interzero.pl\/blog\/get-to-know-the-faces-of-waste-cooperation-between-interzero-and-the-wroclaw-literature-house\/#primaryimage\"},\"thumbnailUrl\":\"https:\/\/interzero.pl\/wp-content\/uploads\/sites\/12\/2024\/03\/wroclawski-dom-literatury-interzero-odpady.png\",\"datePublished\":\"2024-03-20T13:54:36+00:00\",\"dateModified\":\"2024-05-17T06:26:15+00:00\",\"description\":\"We invite you to educational workshops for the youngest and to a meeting from the \\\"Faces of Disaster\\\" series, organized in cooperation with the Wroc\u0142aw Literature House.\",\"breadcrumb\":{\"@id\":\"https:\/\/interzero.pl\/blog\/get-to-know-the-faces-of-waste-cooperation-between-interzero-and-the-wroclaw-literature-house\/#breadcrumb\"},\"inLanguage\":\"en-GB\",\"potentialAction\":[{\"@type\":\"ReadAction\",\"target\":[\"https:\/\/interzero.pl\/blog\/get-to-know-the-faces-of-waste-cooperation-between-interzero-and-the-wroclaw-literature-house\/\"]}]},{\"@type\":\"ImageObject\",\"inLanguage\":\"en-GB\",\"@id\":\"https:\/\/interzero.pl\/blog\/get-to-know-the-faces-of-waste-cooperation-between-interzero-and-the-wroclaw-literature-house\/#primaryimage\",\"url\":\"https:\/\/interzero.pl\/wp-content\/uploads\/sites\/12\/2024\/03\/wroclawski-dom-literatury-interzero-odpady.png\",\"contentUrl\":\"https:\/\/interzero.pl\/wp-content\/uploads\/sites\/12\/2024\/03\/wroclawski-dom-literatury-interzero-odpady.png\",\"width\":1600,\"height\":1080,\"caption\":\"wroclawski dom literatury interzero odpady\"},{\"@type\":\"BreadcrumbList\",\"@id\":\"https:\/\/interzero.pl\/blog\/get-to-know-the-faces-of-waste-cooperation-between-interzero-and-the-wroclaw-literature-house\/#breadcrumb\",\"itemListElement\":[{\"@type\":\"ListItem\",\"position\":1,\"name\":\"Home\",\"item\":\"https:\/\/interzero.pl\/\"},{\"@type\":\"ListItem\",\"position\":2,\"name\":\"Get to know the faces of waste \u2013 Cooperation between Interzero and the Wroc\u0142aw Literature House\"}]},{\"@type\":\"WebSite\",\"@id\":\"https:\/\/interzero.pl\/#website\",\"url\":\"https:\/\/interzero.pl\/\",\"name\":\"Interzero Polska | Rozwi\u0105zania dla \u015bwiata bez odpad\u00f3w\",\"description\":\"Dostarczamy innowacyjne i kompleksowe rozwi\u0105zania  w zakresie ochrony \u015brodowiska.\",\"publisher\":{\"@id\":\"https:\/\/interzero.pl\/#organization\"},\"potentialAction\":[{\"@type\":\"SearchAction\",\"target\":{\"@type\":\"EntryPoint\",\"urlTemplate\":\"https:\/\/interzero.pl\/?s={search_term_string}\"},\"query-input\":{\"@type\":\"PropertyValueSpecification\",\"valueRequired\":true,\"valueName\":\"search_term_string\"}}],\"inLanguage\":\"en-GB\"},{\"@type\":\"Organization\",\"@id\":\"https:\/\/interzero.pl\/#organization\",\"name\":\"Interzero Polska\",\"url\":\"https:\/\/interzero.pl\/\",\"logo\":{\"@type\":\"ImageObject\",\"inLanguage\":\"en-GB\",\"@id\":\"https:\/\/interzero.pl\/#\/schema\/logo\/image\/\",\"url\":\"https:\/\/interzero.pl\/wp-content\/uploads\/sites\/12\/2024\/07\/Interzero.png\",\"contentUrl\":\"https:\/\/interzero.pl\/wp-content\/uploads\/sites\/12\/2024\/07\/Interzero.png\",\"width\":1920,\"height\":1080,\"caption\":\"Interzero Polska\"},\"image\":{\"@id\":\"https:\/\/interzero.pl\/#\/schema\/logo\/image\/\"},\"sameAs\":[\"https:\/\/www.facebook.com\/InterzeroPolska\",\"https:\/\/www.linkedin.com\/company\/interzero-zero-waste-solutions\/\"]},{\"@type\":\"Person\",\"@id\":\"https:\/\/interzero.pl\/#\/schema\/person\/bee6346cf79614311a93e78b72b564ef\",\"name\":\"Alicja Bre\u015b\",\"sameAs\":[\"Wiertnicza 165\"]}]}<\/script>\n<!-- \/ Yoast SEO plugin. -->","yoast_head_json":{"title":"Get to know the faces of waste - Cooperation between Interzero and the Wroc\u0142aw Literature House","description":"We invite you to educational workshops for the youngest and to a meeting from the \"Faces of Disaster\" series, organised in cooperation with the Wroc\u0142aw Literature House.","robots":{"index":"index","follow":"follow","max-snippet":"max-snippet:-1","max-image-preview":"max-image-preview:large","max-video-preview":"max-video-preview:-1"},"canonical":"https:\/\/interzero.pl\/en\/blog\/get-to-know-the-faces-of-waste-cooperation-between-interzero-and-the-wroclaw-literature-house\/","og_locale":"en_GB","og_type":"article","og_title":"Are we ready to implement a deposit system in Poland?","og_description":"On March 13 at 1:00 p.m. there was a debate: Are we ready to implement the deposit system in Poland? Pawe\u0142 Sosnowski took part in the event.","og_url":"https:\/\/interzero.pl\/en\/blog\/get-to-know-the-faces-of-waste-cooperation-between-interzero-and-the-wroclaw-literature-house\/","og_site_name":"Interzero Polska","article_publisher":"https:\/\/www.facebook.com\/InterzeroPolska","article_author":"Wiertnicza 165","article_published_time":"2024-03-20T13:54:36+00:00","article_modified_time":"2024-05-17T06:26:15+00:00","og_image":[{"url":"https:\/\/interzero.pl\/wp-content\/uploads\/sites\/12\/2024\/03\/interzero-pawel-sosnowski-1024x691.png","type":"","width":"","height":""}],"author":"Alicja Bre\u015b","twitter_card":"summary_large_image","twitter_title":"Are we ready to implement a deposit system in Poland?","twitter_description":"On March 13 at 1:00 p.m. there was a debate: Are we ready to implement the deposit system in Poland? Pawe\u0142 Sosnowski took part in the event.","twitter_image":"https:\/\/interzero.pl\/wp-content\/uploads\/sites\/12\/2024\/03\/interzero-pawel-sosnowski-1024x691.png","twitter_misc":{"Written by":"Alicja Bre\u015b","Estimated reading time":"6 minutes"},"schema":{"@context":"https:\/\/schema.org","@graph":[{"@type":"Article","@id":"https:\/\/interzero.pl\/blog\/get-to-know-the-faces-of-waste-cooperation-between-interzero-and-the-wroclaw-literature-house\/#article","isPartOf":{"@id":"https:\/\/interzero.pl\/blog\/get-to-know-the-faces-of-waste-cooperation-between-interzero-and-the-wroclaw-literature-house\/"},"author":{"name":"Alicja Bre\u015b","@id":"https:\/\/interzero.pl\/#\/schema\/person\/bee6346cf79614311a93e78b72b564ef"},"headline":"Get to know the faces of waste \u2013 Cooperation between Interzero and the Wroc\u0142aw Literature House","datePublished":"2024-03-20T13:54:36+00:00","dateModified":"2024-05-17T06:26:15+00:00","mainEntityOfPage":{"@id":"https:\/\/interzero.pl\/blog\/get-to-know-the-faces-of-waste-cooperation-between-interzero-and-the-wroclaw-literature-house\/"},"wordCount":1287,"publisher":{"@id":"https:\/\/interzero.pl\/#organization"},"image":{"@id":"https:\/\/interzero.pl\/blog\/get-to-know-the-faces-of-waste-cooperation-between-interzero-and-the-wroclaw-literature-house\/#primaryimage"},"thumbnailUrl":"https:\/\/interzero.pl\/wp-content\/uploads\/sites\/12\/2024\/03\/wroclawski-dom-literatury-interzero-odpady.png","articleSection":["Uncategorized"],"inLanguage":"en-GB"},{"@type":"WebPage","@id":"https:\/\/interzero.pl\/blog\/get-to-know-the-faces-of-waste-cooperation-between-interzero-and-the-wroclaw-literature-house\/","url":"https:\/\/interzero.pl\/blog\/get-to-know-the-faces-of-waste-cooperation-between-interzero-and-the-wroclaw-literature-house\/","name":"Get to know the faces of waste - Cooperation between Interzero and the Wroc\u0142aw Literature House","isPartOf":{"@id":"https:\/\/interzero.pl\/#website"},"primaryImageOfPage":{"@id":"https:\/\/interzero.pl\/blog\/get-to-know-the-faces-of-waste-cooperation-between-interzero-and-the-wroclaw-literature-house\/#primaryimage"},"image":{"@id":"https:\/\/interzero.pl\/blog\/get-to-know-the-faces-of-waste-cooperation-between-interzero-and-the-wroclaw-literature-house\/#primaryimage"},"thumbnailUrl":"https:\/\/interzero.pl\/wp-content\/uploads\/sites\/12\/2024\/03\/wroclawski-dom-literatury-interzero-odpady.png","datePublished":"2024-03-20T13:54:36+00:00","dateModified":"2024-05-17T06:26:15+00:00","description":"We invite you to educational workshops for the youngest and to a meeting from the \"Faces of Disaster\" series, organised in cooperation with the Wroc\u0142aw Literature House.","breadcrumb":{"@id":"https:\/\/interzero.pl\/blog\/get-to-know-the-faces-of-waste-cooperation-between-interzero-and-the-wroclaw-literature-house\/#breadcrumb"},"inLanguage":"en-GB","potentialAction":[{"@type":"ReadAction","target":["https:\/\/interzero.pl\/blog\/get-to-know-the-faces-of-waste-cooperation-between-interzero-and-the-wroclaw-literature-house\/"]}]},{"@type":"ImageObject","inLanguage":"en-GB","@id":"https:\/\/interzero.pl\/blog\/get-to-know-the-faces-of-waste-cooperation-between-interzero-and-the-wroclaw-literature-house\/#primaryimage","url":"https:\/\/interzero.pl\/wp-content\/uploads\/sites\/12\/2024\/03\/wroclawski-dom-literatury-interzero-odpady.png","contentUrl":"https:\/\/interzero.pl\/wp-content\/uploads\/sites\/12\/2024\/03\/wroclawski-dom-literatury-interzero-odpady.png","width":1600,"height":1080,"caption":"wroclawski dom literatury interzero odpady"},{"@type":"BreadcrumbList","@id":"https:\/\/interzero.pl\/blog\/get-to-know-the-faces-of-waste-cooperation-between-interzero-and-the-wroclaw-literature-house\/#breadcrumb","itemListElement":[{"@type":"ListItem","position":1,"name":"Home","item":"https:\/\/interzero.pl\/"},{"@type":"ListItem","position":2,"name":"Get to know the faces of waste \u2013 Cooperation between Interzero and the Wroc\u0142aw Literature House"}]},{"@type":"WebSite","@id":"https:\/\/interzero.pl\/#website","url":"https:\/\/interzero.pl\/","name":"Interzero Polska | Solutions for a world without waste","description":"We provide innovative and comprehensive environmental solutions.","publisher":{"@id":"https:\/\/interzero.pl\/#organization"},"potentialAction":[{"@type":"SearchAction","target":{"@type":"EntryPoint","urlTemplate":"https:\/\/interzero.pl\/?s={search_term_string}"},"query-input":{"@type":"PropertyValueSpecification","valueRequired":true,"valueName":"search_term_string"}}],"inLanguage":"en-GB"},{"@type":"Organization","@id":"https:\/\/interzero.pl\/#organization","name":"Interzero Poland","url":"https:\/\/interzero.pl\/","logo":{"@type":"ImageObject","inLanguage":"en-GB","@id":"https:\/\/interzero.pl\/#\/schema\/logo\/image\/","url":"https:\/\/interzero.pl\/wp-content\/uploads\/sites\/12\/2024\/07\/Interzero.png","contentUrl":"https:\/\/interzero.pl\/wp-content\/uploads\/sites\/12\/2024\/07\/Interzero.png","width":1920,"height":1080,"caption":"Interzero Polska"},"image":{"@id":"https:\/\/interzero.pl\/#\/schema\/logo\/image\/"},"sameAs":["https:\/\/www.facebook.com\/InterzeroPolska","https:\/\/www.linkedin.com\/company\/interzero-zero-waste-solutions\/"]},{"@type":"Person","@id":"https:\/\/interzero.pl\/#\/schema\/person\/bee6346cf79614311a93e78b72b564ef","name":"Alicja Bre\u015b","sameAs":["Wiertnicza 165"]}]}},"_links":{"self":[{"href":"https:\/\/interzero.pl\/en\/wp-json\/wp\/v2\/posts\/14393","targetHints":{"allow":["GET"]}}],"collection":[{"href":"https:\/\/interzero.pl\/en\/wp-json\/wp\/v2\/posts"}],"about":[{"href":"https:\/\/interzero.pl\/en\/wp-json\/wp\/v2\/types\/post"}],"author":[{"embeddable":true,"href":"https:\/\/interzero.pl\/en\/wp-json\/wp\/v2\/users\/6"}],"replies":[{"embeddable":true,"href":"https:\/\/interzero.pl\/en\/wp-json\/wp\/v2\/comments?post=14393"}],"version-history":[{"count":1,"href":"https:\/\/interzero.pl\/en\/wp-json\/wp\/v2\/posts\/14393\/revisions"}],"predecessor-version":[{"id":14407,"href":"https:\/\/interzero.pl\/en\/wp-json\/wp\/v2\/posts\/14393\/revisions\/14407"}],"wp:featuredmedia":[{"embeddable":true,"href":"https:\/\/interzero.pl\/en\/wp-json\/wp\/v2\/media\/13300"}],"wp:attachment":[{"href":"https:\/\/interzero.pl\/en\/wp-json\/wp\/v2\/media?parent=14393"}],"wp:term":[{"taxonomy":"category","embeddable":true,"href":"https:\/\/interzero.pl\/en\/wp-json\/wp\/v2\/categories?post=14393"},{"taxonomy":"post_tag","embeddable":true,"href":"https:\/\/interzero.pl\/en\/wp-json\/wp\/v2\/tags?post=14393"}],"curies":[{"name":"wp","href":"https:\/\/api.w.org\/{rel}","templated":true}]}}