{"id":14350,"date":"2024-04-15T16:44:47","date_gmt":"2024-04-15T14:44:47","guid":{"rendered":"https:\/\/interzero.pl\/blog\/your-childs-eco-wardrobe-workshops-with-maria-sadowska\/"},"modified":"2024-05-17T08:26:15","modified_gmt":"2024-05-17T06:26:15","slug":"your-childs-eco-wardrobe-workshops-with-maria-sadowska","status":"publish","type":"post","link":"https:\/\/interzero.pl\/en\/blog\/your-childs-eco-wardrobe-workshops-with-maria-sadowska\/","title":{"rendered":"Your child's eco-wardrobe - Workshops with Maria Sadowska"},"content":{"rendered":"<div class=\"wpb-content-wrapper\"><div data-parent=\"true\" class=\"vc_row row-container\" id=\"row-unique-0\"><div class=\"row limit-width row-parent\"><div class=\"wpb_row row-inner\"><div class=\"wpb_column pos-top pos-center align_left column_parent col-lg-6 single-internal-gutter\"><div class=\"uncol style-light\"  ><div class=\"uncoltable\"><div class=\"uncell no-block-padding\" ><div class=\"uncont\" ><div class=\"uncode-single-media  text-left\"><div class=\"single-wrapper\" style=\"max-width: 100%;\"><a class=\"single-media-link\" href=\"https:\/\/punktzwrotny.com\/\" target=\"_blank\"><div class=\"tmb tmb-light  tmb-media-first tmb-media-last tmb-content-overlay tmb-no-bg\"><div class=\"t-inside\"><div class=\"t-entry-visual\"><div class=\"t-entry-visual-tc\"><div class=\"uncode-single-media-wrapper\"><img decoding=\"async\" class=\"wp-image-13562\" src=\"https:\/\/interzero.pl\/wp-content\/uploads\/sites\/12\/2024\/04\/punkt-zwrotny-maria-sadowska.png\" width=\"1920\" height=\"1440\" alt=\"warsztaty w punkcie zwrotnym z Mari&#261; Sadowsk&#261;\" srcset=\"https:\/\/interzero.pl\/wp-content\/uploads\/sites\/12\/2024\/04\/punkt-zwrotny-maria-sadowska.png 1920w, https:\/\/interzero.pl\/wp-content\/uploads\/sites\/12\/2024\/04\/punkt-zwrotny-maria-sadowska-300x225.png 300w, https:\/\/interzero.pl\/wp-content\/uploads\/sites\/12\/2024\/04\/punkt-zwrotny-maria-sadowska-1024x768.png 1024w, https:\/\/interzero.pl\/wp-content\/uploads\/sites\/12\/2024\/04\/punkt-zwrotny-maria-sadowska-768x576.png 768w, https:\/\/interzero.pl\/wp-content\/uploads\/sites\/12\/2024\/04\/punkt-zwrotny-maria-sadowska-1536x1152.png 1536w, https:\/\/interzero.pl\/wp-content\/uploads\/sites\/12\/2024\/04\/punkt-zwrotny-maria-sadowska-350x263.png 350w\" sizes=\"(max-width: 1920px) 100vw, 1920px\" \/><\/div>\n\t\t\t\t\t<\/div>\n\t\t\t\t<\/div><\/div><\/div><\/a><\/div><\/div><div class=\"uncode-single-media  text-left\"><div class=\"single-wrapper\" style=\"max-width: 100%;\"><div class=\"tmb tmb-light  tmb-media-first tmb-media-last tmb-content-overlay tmb-no-bg\"><div class=\"t-inside\"><div class=\"t-entry-visual\"><div class=\"t-entry-visual-tc\"><div class=\"uncode-single-media-wrapper\"><img decoding=\"async\" class=\"wp-image-13567\" src=\"https:\/\/interzero.pl\/wp-content\/uploads\/sites\/12\/2024\/04\/dzieci_5-jpg.webp\" width=\"2048\" height=\"1365\" alt=\"warsztaty w punkcie zwrotnym z Mari&#261; Sadowsk&#261;\" srcset=\"https:\/\/interzero.pl\/wp-content\/uploads\/sites\/12\/2024\/04\/dzieci_5-jpg.webp 2048w, https:\/\/interzero.pl\/wp-content\/uploads\/sites\/12\/2024\/04\/dzieci_5-300x200.webp 300w, https:\/\/interzero.pl\/wp-content\/uploads\/sites\/12\/2024\/04\/dzieci_5-1024x683.webp 1024w, https:\/\/interzero.pl\/wp-content\/uploads\/sites\/12\/2024\/04\/dzieci_5-768x512.webp 768w, https:\/\/interzero.pl\/wp-content\/uploads\/sites\/12\/2024\/04\/dzieci_5-1536x1024.webp 1536w, https:\/\/interzero.pl\/wp-content\/uploads\/sites\/12\/2024\/04\/dzieci_5-350x233.webp 350w\" sizes=\"(max-width: 2048px) 100vw, 2048px\" \/><\/div>\n\t\t\t\t\t<\/div>\n\t\t\t\t<\/div><\/div><\/div><\/div><\/div><div class=\"uncode-single-media  text-left\"><div class=\"single-wrapper\" style=\"max-width: 100%;\"><div class=\"tmb tmb-light  tmb-media-first tmb-media-last tmb-content-overlay tmb-no-bg\"><div class=\"t-inside\"><div class=\"t-entry-visual\"><div class=\"t-entry-visual-tc\"><div class=\"uncode-single-media-wrapper\"><img decoding=\"async\" class=\"wp-image-13565\" src=\"https:\/\/interzero.pl\/wp-content\/uploads\/sites\/12\/2024\/04\/dzieci_3-jpg.webp\" width=\"2048\" height=\"1365\" alt=\"warsztaty w punkcie zwrotnym z Mari&#261; Sadowsk&#261;\" srcset=\"https:\/\/interzero.pl\/wp-content\/uploads\/sites\/12\/2024\/04\/dzieci_3-jpg.webp 2048w, https:\/\/interzero.pl\/wp-content\/uploads\/sites\/12\/2024\/04\/dzieci_3-300x200.webp 300w, https:\/\/interzero.pl\/wp-content\/uploads\/sites\/12\/2024\/04\/dzieci_3-1024x683.webp 1024w, https:\/\/interzero.pl\/wp-content\/uploads\/sites\/12\/2024\/04\/dzieci_3-768x512.webp 768w, https:\/\/interzero.pl\/wp-content\/uploads\/sites\/12\/2024\/04\/dzieci_3-1536x1024.webp 1536w, https:\/\/interzero.pl\/wp-content\/uploads\/sites\/12\/2024\/04\/dzieci_3-350x233.webp 350w\" sizes=\"(max-width: 2048px) 100vw, 2048px\" \/><\/div>\n\t\t\t\t\t<\/div>\n\t\t\t\t<\/div><\/div><\/div><\/div><\/div><\/div><\/div><\/div><\/div><\/div><div class=\"wpb_column pos-top pos-center align_left column_parent col-lg-6 single-internal-gutter\"><div class=\"uncol style-light\"  ><div class=\"uncoltable\"><div class=\"uncell no-block-padding\" ><div class=\"uncont\" ><div class=\"uncode_text_column\" ><\/p>\n<h3><strong>Your child's eco-wardrobe - Workshops with Maria Sadowska<\/strong><\/h3>\n<p>Circular fashion is an approach to fashion that focuses on reducing waste, sustainable use of resources and minimising environmental impact. Unlike the traditional \"linear\" model - where products are made, used and eventually thrown away - in the circular model we aim to extend the life cycle of products by repairing, reusing, processing and recycling.<\/p>\n<p>Circular fashion can also be used in the context of parenting and children's wardrobe, which is why we are organising, together with <a href=\"https:\/\/punktzwrotny.com\/\"><strong>Turning Point,<\/strong><\/a> a meeting with <a href=\"https:\/\/www.linkedin.com\/in\/maria-sadowska-a96839a1?miniProfileUrn=urn%3Ali%3Afs_miniProfile%3AACoAABWopdIBFYh-xUtkN2oOm7RW4PSMZrQs5wE&amp;lipi=urn%3Ali%3Apage%3Ad_flagship3_search_srp_all%3BAxSylckETiqjR5OBpoqzSw%3D%3D\"><strong>Maria Sadowska<\/strong><\/a> - an expert in sustainable, circular and quality fashion, organiser of circular fairs and workshops, project manager, second-circulation stylist and mother of two children \" circular generation.<\/p>\n<p>As part of the meeting that will take place now  <a href=\"https:\/\/punktzwrotny.com\/zapisy-wydarzenia\/\"><strong>April 21 at 10:00<\/strong> <\/a>you will learn how:<\/p>\n<p>- build a child's wardrobe in the second cycle,<br \/>\n- choose children's clothes made of natural materials \/ what to pay attention to,<br \/>\n- read clothes labels,<br \/>\n- complete outfits,<br \/>\n- take care of the clothes in the children's wardrobe,<br \/>\n- watch out for chemicals in clothes<br \/>\n- and where to look for second-hand clothes of very good quality.<\/p>\n<p>The meeting will also be an opportunity to exchange clothes. We encourage you to bring both your own and your children's clothes. Anything that does not find a new owner can be thrown into the Clothes <a href=\"https:\/\/ubraniadooddania.pl\/\"><strong>to Donate<\/strong><\/a> campaign box.<\/p>\n<p>We invite you to the event with your children - animators will be waiting for them, who will ensure good fun and give the workshop participants a moment to breathe.<\/p>\n<p>Introducing fashion circularity into a children's wardrobe can bring many benefits, both for the environment and for the parents' wallet. Moreover, it teaches children the value of a balanced life and care for the environment from an early age.<\/p>\n<p><strong>Sign up for the event <a href=\"https:\/\/punktzwrotny.com\/zapisy-wydarzenia\/\">HERE<\/a><\/strong><\/p>\n<p><strong>You can learn more about our cooperation with Point Turning Point and the project concept <a href=\"https:\/\/interzero.pl\/en\/blog\/a-new-initiative-by-interzero-and-mama-projekt-the-turning-point-educational-center-in-fashion-and-the-fight-against-greenwashing\/\">HERE<\/a> <\/strong><\/p>\n<\/div><\/div><\/div><\/div><\/div><\/div><script id=\"script-row-unique-0\" data-row=\"script-row-unique-0\" type=\"text\/javascript\" class=\"vc_controls\">UNCODE.initRow(document.getElementById(\"row-unique-0\"));<\/script><\/div><\/div><\/div><div data-parent=\"true\" class=\"vc_row row-container\" id=\"row-unique-1\"><div class=\"row limit-width row-parent\"><div class=\"wpb_row row-inner\"><div class=\"wpb_column pos-top pos-center align_left column_parent col-lg-12 single-internal-gutter\"><div class=\"uncol style-light\"  ><div class=\"uncoltable\"><div class=\"uncell no-block-padding\" ><div class=\"uncont\" ><\/div><\/div><\/div><\/div><\/div><script id=\"script-row-unique-1\" data-row=\"script-row-unique-1\" type=\"text\/javascript\" class=\"vc_controls\">UNCODE.initRow(document.getElementById(\"row-unique-1\"));<\/script><\/div><\/div><\/div>\n<\/div>","protected":false},"excerpt":{"rendered":"<p>We invite you to the meeting \"Your child's eco-wardrobe\" - workshops with Maria Sadowska at the Turning Point! The event will take place on April 21 at 10:00 a.m. Registration required.  <\/p>","protected":false},"author":6,"featured_media":13562,"comment_status":"closed","ping_status":"closed","sticky":false,"template":"","format":"standard","meta":{"_acf_changed":false,"inline_featured_image":false,"footnotes":""},"categories":[82],"tags":[],"class_list":["post-14350","post","type-post","status-publish","format-standard","has-post-thumbnail","hentry","category-uncategorized"],"acf":[],"cp_meta_data":{"_yoast_wpseo_primary_category":[""],"_wpml_media_duplicate":["1"],"_wpml_media_featured":["1"],"_top_nav_excluded":[""],"_cms_nav_minihome":[""],"_yoast_wpseo_title":["Your child's eco-wardrobe \u2013 Workshops with Maria Sadowska %%sep%% %%sitename%%"],"_yoast_wpseo_metadesc":["We invite you to the meeting \"Your child's eco-wardrobe\" - workshops with Maria Sadowska at the Turning Point! April 21 at 10:00."],"_yoast_wpseo_focuskw":["textiles"],"_yoast_wpseo_opengraph-description":["We invite you to the meeting \"Your child's eco-wardrobe\" - workshops with Maria Sadowska at the Turning Point! April 21 at 10:00."],"_yoast_wpseo_twitter-title":["Your child's eco-wardrobe \u2013 Workshops with Maria Sadowska"],"_yoast_wpseo_twitter-description":["We invite you to the meeting \"Your child's eco-wardrobe\" - workshops with Maria Sadowska at the Turning Point! April 21 at 10:00."],"_yoast_wpseo_opengraph-title":["Your child's eco-wardrobe \u2013 Workshops with Maria Sadowska"],"_thumbnail_id":["13562"],"_yoast_wpseo_opengraph-image":["https:\/\/interzero.pl\/wp-content\/uploads\/sites\/12\/2024\/04\/punkt-zwrotny-maria-sadowska-1024x768.png"],"_yoast_wpseo_twitter-image":["https:\/\/interzero.pl\/wp-content\/uploads\/sites\/12\/2024\/04\/punkt-zwrotny-maria-sadowska-1024x768.png"],"_uncode_secondary_thumbnail_id":["0"],"_uncode_featured_media":["13558"],"_uncode_header_height":["a:2:{i:0;s:2:\"50\";i:1;s:1:\"%\";}"],"_uncode_header_align":["left"],"_uncode_specific_menu_opaque":["off"],"_uncode_blocks_list":["5704"],"_uncode_header_title":["on"],"_uncode_header_style":["dark"],"_uncode_header_content_width":["off"],"_uncode_header_custom_width":["100"],"_uncode_header_position":["header-center header-middle"],"_uncode_header_title_size":["h1"],"_uncode_header_title_italic":["off"],"_uncode_header_title_custom":["off"],"_uncode_header_featured":["on"],"_uncode_header_parallax":["off"],"_uncode_header_overlay_color_alpha":["100"],"_uncode_header_scroll_opacity":["off"],"_uncode_header_scrolldown":["off"],"_uncode_sidebar_position":["sidebar_right"],"_uncode_sidebar_size":["4"],"_uncode_sidebar_fill":["off"],"_uncode_header_type":["header_uncodeblock"],"_uncode_header_full_width":["on"],"_uncode_specific_menu_no_shadow":["off"],"_uncode_header_background":["a:6:{s:16:\"background-color\";s:10:\"color-wayh\";s:17:\"background-repeat\";s:0:\"\";s:21:\"background-attachment\";s:0:\"\";s:19:\"background-position\";s:0:\"\";s:15:\"background-size\";s:0:\"\";s:16:\"background-image\";s:0:\"\";}"],"_uncode_sidebar_sticky":["off"],"_uncode_menu_no_padding":["on"],"_uncode_menu_no_padding_mobile":["off"],"_uncode_fullpage_type":["curtain"],"_uncode_fullpage_opacity":["off"],"_uncode_scroll_dots":["off"],"_uncode_empty_dots":["off"],"_uncode_scroll_history":["off"],"_uncode_scroll_safe_padding":["on"],"_uncode_scroll_additional_padding":["0"],"_uncode_fullpage_mobile":["off"],"_uncode_scroll_snap":["off"],"_uncode_specific_layout_width_custom":["a:2:{i:0;s:0:\"\";i:1;s:2:\"px\";}"],"_uncode_specific_media":["off"],"_uncode_specific_tags_align":["left"],"_last_translation_edit_mode":["translation-editor"],"_cmplz_remote_scanned_post":["1"],"_wpml_word_count":["{\"total\":495,\"to_translate\":{\"pl\":495}}"]},"yoast_head":"<!-- This site is optimized with the Yoast SEO plugin v26.4 - https:\/\/yoast.com\/wordpress\/plugins\/seo\/ -->\n<title>Your child&#039;s eco-wardrobe \u2013 Workshops with Maria Sadowska - Interzero Polska<\/title>\n<meta name=\"description\" content=\"We invite you to the meeting &quot;Your child&#039;s eco-wardrobe&quot; - workshops with Maria Sadowska at the Turning Point! April 21 at 10:00.\" \/>\n<meta name=\"robots\" content=\"index, follow, max-snippet:-1, max-image-preview:large, max-video-preview:-1\" \/>\n<link rel=\"canonical\" href=\"https:\/\/interzero.pl\/en\/blog\/your-childs-eco-wardrobe-workshops-with-maria-sadowska\/\" \/>\n<meta property=\"og:locale\" content=\"en_GB\" \/>\n<meta property=\"og:type\" content=\"article\" \/>\n<meta property=\"og:title\" content=\"Your child&#039;s eco-wardrobe \u2013 Workshops with Maria Sadowska\" \/>\n<meta property=\"og:description\" content=\"We invite you to the meeting &quot;Your child&#039;s eco-wardrobe&quot; - workshops with Maria Sadowska at the Turning Point! April 21 at 10:00.\" \/>\n<meta property=\"og:url\" content=\"https:\/\/interzero.pl\/en\/blog\/your-childs-eco-wardrobe-workshops-with-maria-sadowska\/\" \/>\n<meta property=\"og:site_name\" content=\"Interzero Polska\" \/>\n<meta property=\"article:publisher\" content=\"https:\/\/www.facebook.com\/InterzeroPolska\" \/>\n<meta property=\"article:author\" content=\"Wiertnicza 165\" \/>\n<meta property=\"article:published_time\" content=\"2024-04-15T14:44:47+00:00\" \/>\n<meta property=\"article:modified_time\" content=\"2024-05-17T06:26:15+00:00\" \/>\n<meta property=\"og:image\" content=\"https:\/\/interzero.pl\/wp-content\/uploads\/sites\/12\/2024\/04\/punkt-zwrotny-maria-sadowska-1024x768.png\" \/>\n<meta name=\"author\" content=\"Alicja Bre\u015b\" \/>\n<meta name=\"twitter:card\" content=\"summary_large_image\" \/>\n<meta name=\"twitter:title\" content=\"Your child&#039;s eco-wardrobe \u2013 Workshops with Maria Sadowska\" \/>\n<meta name=\"twitter:description\" content=\"We invite you to the meeting &quot;Your child&#039;s eco-wardrobe&quot; - workshops with Maria Sadowska at the Turning Point! April 21 at 10:00.\" \/>\n<meta name=\"twitter:image\" content=\"https:\/\/interzero.pl\/wp-content\/uploads\/sites\/12\/2024\/04\/punkt-zwrotny-maria-sadowska-1024x768.png\" \/>\n<meta name=\"twitter:label1\" content=\"Written by\" \/>\n\t<meta name=\"twitter:data1\" content=\"Alicja Bre\u015b\" \/>\n\t<meta name=\"twitter:label2\" content=\"Estimated reading time\" \/>\n\t<meta name=\"twitter:data2\" content=\"2 minutes\" \/>\n<script type=\"application\/ld+json\" class=\"yoast-schema-graph\">{\"@context\":\"https:\/\/schema.org\",\"@graph\":[{\"@type\":\"Article\",\"@id\":\"https:\/\/interzero.pl\/blog\/your-childs-eco-wardrobe-workshops-with-maria-sadowska\/#article\",\"isPartOf\":{\"@id\":\"https:\/\/interzero.pl\/blog\/your-childs-eco-wardrobe-workshops-with-maria-sadowska\/\"},\"author\":{\"name\":\"Alicja Bre\u015b\",\"@id\":\"https:\/\/interzero.pl\/#\/schema\/person\/bee6346cf79614311a93e78b72b564ef\"},\"headline\":\"Your child&#8217;s eco-wardrobe \u2013 Workshops with Maria Sadowska\",\"datePublished\":\"2024-04-15T14:44:47+00:00\",\"dateModified\":\"2024-05-17T06:26:15+00:00\",\"mainEntityOfPage\":{\"@id\":\"https:\/\/interzero.pl\/blog\/your-childs-eco-wardrobe-workshops-with-maria-sadowska\/\"},\"wordCount\":418,\"publisher\":{\"@id\":\"https:\/\/interzero.pl\/#organization\"},\"image\":{\"@id\":\"https:\/\/interzero.pl\/blog\/your-childs-eco-wardrobe-workshops-with-maria-sadowska\/#primaryimage\"},\"thumbnailUrl\":\"https:\/\/interzero.pl\/wp-content\/uploads\/sites\/12\/2024\/04\/punkt-zwrotny-maria-sadowska.png\",\"articleSection\":[\"Uncategorized\"],\"inLanguage\":\"en-GB\"},{\"@type\":\"WebPage\",\"@id\":\"https:\/\/interzero.pl\/blog\/your-childs-eco-wardrobe-workshops-with-maria-sadowska\/\",\"url\":\"https:\/\/interzero.pl\/blog\/your-childs-eco-wardrobe-workshops-with-maria-sadowska\/\",\"name\":\"Your child's eco-wardrobe \u2013 Workshops with Maria Sadowska - Interzero Polska\",\"isPartOf\":{\"@id\":\"https:\/\/interzero.pl\/#website\"},\"primaryImageOfPage\":{\"@id\":\"https:\/\/interzero.pl\/blog\/your-childs-eco-wardrobe-workshops-with-maria-sadowska\/#primaryimage\"},\"image\":{\"@id\":\"https:\/\/interzero.pl\/blog\/your-childs-eco-wardrobe-workshops-with-maria-sadowska\/#primaryimage\"},\"thumbnailUrl\":\"https:\/\/interzero.pl\/wp-content\/uploads\/sites\/12\/2024\/04\/punkt-zwrotny-maria-sadowska.png\",\"datePublished\":\"2024-04-15T14:44:47+00:00\",\"dateModified\":\"2024-05-17T06:26:15+00:00\",\"description\":\"We invite you to the meeting \\\"Your child's eco-wardrobe\\\" - workshops with Maria Sadowska at the Turning Point! April 21 at 10:00.\",\"breadcrumb\":{\"@id\":\"https:\/\/interzero.pl\/blog\/your-childs-eco-wardrobe-workshops-with-maria-sadowska\/#breadcrumb\"},\"inLanguage\":\"en-GB\",\"potentialAction\":[{\"@type\":\"ReadAction\",\"target\":[\"https:\/\/interzero.pl\/blog\/your-childs-eco-wardrobe-workshops-with-maria-sadowska\/\"]}]},{\"@type\":\"ImageObject\",\"inLanguage\":\"en-GB\",\"@id\":\"https:\/\/interzero.pl\/blog\/your-childs-eco-wardrobe-workshops-with-maria-sadowska\/#primaryimage\",\"url\":\"https:\/\/interzero.pl\/wp-content\/uploads\/sites\/12\/2024\/04\/punkt-zwrotny-maria-sadowska.png\",\"contentUrl\":\"https:\/\/interzero.pl\/wp-content\/uploads\/sites\/12\/2024\/04\/punkt-zwrotny-maria-sadowska.png\",\"width\":1920,\"height\":1440,\"caption\":\"warsztaty w punkcie zwrotnym z Mari\u0105 Sadowsk\u0105\"},{\"@type\":\"BreadcrumbList\",\"@id\":\"https:\/\/interzero.pl\/blog\/your-childs-eco-wardrobe-workshops-with-maria-sadowska\/#breadcrumb\",\"itemListElement\":[{\"@type\":\"ListItem\",\"position\":1,\"name\":\"Home\",\"item\":\"https:\/\/interzero.pl\/\"},{\"@type\":\"ListItem\",\"position\":2,\"name\":\"Your child&#8217;s eco-wardrobe \u2013 Workshops with Maria Sadowska\"}]},{\"@type\":\"WebSite\",\"@id\":\"https:\/\/interzero.pl\/#website\",\"url\":\"https:\/\/interzero.pl\/\",\"name\":\"Interzero Polska | Rozwi\u0105zania dla \u015bwiata bez odpad\u00f3w\",\"description\":\"Dostarczamy innowacyjne i kompleksowe rozwi\u0105zania  w zakresie ochrony \u015brodowiska.\",\"publisher\":{\"@id\":\"https:\/\/interzero.pl\/#organization\"},\"potentialAction\":[{\"@type\":\"SearchAction\",\"target\":{\"@type\":\"EntryPoint\",\"urlTemplate\":\"https:\/\/interzero.pl\/?s={search_term_string}\"},\"query-input\":{\"@type\":\"PropertyValueSpecification\",\"valueRequired\":true,\"valueName\":\"search_term_string\"}}],\"inLanguage\":\"en-GB\"},{\"@type\":\"Organization\",\"@id\":\"https:\/\/interzero.pl\/#organization\",\"name\":\"Interzero Polska\",\"url\":\"https:\/\/interzero.pl\/\",\"logo\":{\"@type\":\"ImageObject\",\"inLanguage\":\"en-GB\",\"@id\":\"https:\/\/interzero.pl\/#\/schema\/logo\/image\/\",\"url\":\"https:\/\/interzero.pl\/wp-content\/uploads\/sites\/12\/2024\/07\/Interzero.png\",\"contentUrl\":\"https:\/\/interzero.pl\/wp-content\/uploads\/sites\/12\/2024\/07\/Interzero.png\",\"width\":1920,\"height\":1080,\"caption\":\"Interzero Polska\"},\"image\":{\"@id\":\"https:\/\/interzero.pl\/#\/schema\/logo\/image\/\"},\"sameAs\":[\"https:\/\/www.facebook.com\/InterzeroPolska\",\"https:\/\/www.linkedin.com\/company\/interzero-zero-waste-solutions\/\"]},{\"@type\":\"Person\",\"@id\":\"https:\/\/interzero.pl\/#\/schema\/person\/bee6346cf79614311a93e78b72b564ef\",\"name\":\"Alicja Bre\u015b\",\"sameAs\":[\"Wiertnicza 165\"]}]}<\/script>\n<!-- \/ Yoast SEO plugin. -->","yoast_head_json":{"title":"Your child's eco-wardrobe - Workshops with Maria Sadowska - Interzero Polska","description":"We invite you to the meeting \"Your child's eco-wardrobe\" - workshops with Maria Sadowska at the Turning Point! April 21 at 10:00.","robots":{"index":"index","follow":"follow","max-snippet":"max-snippet:-1","max-image-preview":"max-image-preview:large","max-video-preview":"max-video-preview:-1"},"canonical":"https:\/\/interzero.pl\/en\/blog\/your-childs-eco-wardrobe-workshops-with-maria-sadowska\/","og_locale":"en_GB","og_type":"article","og_title":"Your child's eco-wardrobe \u2013 Workshops with Maria Sadowska","og_description":"We invite you to the meeting \"Your child's eco-wardrobe\" - workshops with Maria Sadowska at the Turning Point! April 21 at 10:00.","og_url":"https:\/\/interzero.pl\/en\/blog\/your-childs-eco-wardrobe-workshops-with-maria-sadowska\/","og_site_name":"Interzero Polska","article_publisher":"https:\/\/www.facebook.com\/InterzeroPolska","article_author":"Wiertnicza 165","article_published_time":"2024-04-15T14:44:47+00:00","article_modified_time":"2024-05-17T06:26:15+00:00","og_image":[{"url":"https:\/\/interzero.pl\/wp-content\/uploads\/sites\/12\/2024\/04\/punkt-zwrotny-maria-sadowska-1024x768.png","type":"","width":"","height":""}],"author":"Alicja Bre\u015b","twitter_card":"summary_large_image","twitter_title":"Your child's eco-wardrobe \u2013 Workshops with Maria Sadowska","twitter_description":"We invite you to the meeting \"Your child's eco-wardrobe\" - workshops with Maria Sadowska at the Turning Point! April 21 at 10:00.","twitter_image":"https:\/\/interzero.pl\/wp-content\/uploads\/sites\/12\/2024\/04\/punkt-zwrotny-maria-sadowska-1024x768.png","twitter_misc":{"Written by":"Alicja Bre\u015b","Estimated reading time":"2 minutes"},"schema":{"@context":"https:\/\/schema.org","@graph":[{"@type":"Article","@id":"https:\/\/interzero.pl\/blog\/your-childs-eco-wardrobe-workshops-with-maria-sadowska\/#article","isPartOf":{"@id":"https:\/\/interzero.pl\/blog\/your-childs-eco-wardrobe-workshops-with-maria-sadowska\/"},"author":{"name":"Alicja Bre\u015b","@id":"https:\/\/interzero.pl\/#\/schema\/person\/bee6346cf79614311a93e78b72b564ef"},"headline":"Your child&#8217;s eco-wardrobe \u2013 Workshops with Maria Sadowska","datePublished":"2024-04-15T14:44:47+00:00","dateModified":"2024-05-17T06:26:15+00:00","mainEntityOfPage":{"@id":"https:\/\/interzero.pl\/blog\/your-childs-eco-wardrobe-workshops-with-maria-sadowska\/"},"wordCount":418,"publisher":{"@id":"https:\/\/interzero.pl\/#organization"},"image":{"@id":"https:\/\/interzero.pl\/blog\/your-childs-eco-wardrobe-workshops-with-maria-sadowska\/#primaryimage"},"thumbnailUrl":"https:\/\/interzero.pl\/wp-content\/uploads\/sites\/12\/2024\/04\/punkt-zwrotny-maria-sadowska.png","articleSection":["Uncategorized"],"inLanguage":"en-GB"},{"@type":"WebPage","@id":"https:\/\/interzero.pl\/blog\/your-childs-eco-wardrobe-workshops-with-maria-sadowska\/","url":"https:\/\/interzero.pl\/blog\/your-childs-eco-wardrobe-workshops-with-maria-sadowska\/","name":"Your child's eco-wardrobe - Workshops with Maria Sadowska - Interzero Polska","isPartOf":{"@id":"https:\/\/interzero.pl\/#website"},"primaryImageOfPage":{"@id":"https:\/\/interzero.pl\/blog\/your-childs-eco-wardrobe-workshops-with-maria-sadowska\/#primaryimage"},"image":{"@id":"https:\/\/interzero.pl\/blog\/your-childs-eco-wardrobe-workshops-with-maria-sadowska\/#primaryimage"},"thumbnailUrl":"https:\/\/interzero.pl\/wp-content\/uploads\/sites\/12\/2024\/04\/punkt-zwrotny-maria-sadowska.png","datePublished":"2024-04-15T14:44:47+00:00","dateModified":"2024-05-17T06:26:15+00:00","description":"We invite you to the meeting \"Your child's eco-wardrobe\" - workshops with Maria Sadowska at the Turning Point! April 21 at 10:00.","breadcrumb":{"@id":"https:\/\/interzero.pl\/blog\/your-childs-eco-wardrobe-workshops-with-maria-sadowska\/#breadcrumb"},"inLanguage":"en-GB","potentialAction":[{"@type":"ReadAction","target":["https:\/\/interzero.pl\/blog\/your-childs-eco-wardrobe-workshops-with-maria-sadowska\/"]}]},{"@type":"ImageObject","inLanguage":"en-GB","@id":"https:\/\/interzero.pl\/blog\/your-childs-eco-wardrobe-workshops-with-maria-sadowska\/#primaryimage","url":"https:\/\/interzero.pl\/wp-content\/uploads\/sites\/12\/2024\/04\/punkt-zwrotny-maria-sadowska.png","contentUrl":"https:\/\/interzero.pl\/wp-content\/uploads\/sites\/12\/2024\/04\/punkt-zwrotny-maria-sadowska.png","width":1920,"height":1440,"caption":"warsztaty w punkcie zwrotnym z Mari\u0105 Sadowsk\u0105"},{"@type":"BreadcrumbList","@id":"https:\/\/interzero.pl\/blog\/your-childs-eco-wardrobe-workshops-with-maria-sadowska\/#breadcrumb","itemListElement":[{"@type":"ListItem","position":1,"name":"Home","item":"https:\/\/interzero.pl\/"},{"@type":"ListItem","position":2,"name":"Your child&#8217;s eco-wardrobe \u2013 Workshops with Maria Sadowska"}]},{"@type":"WebSite","@id":"https:\/\/interzero.pl\/#website","url":"https:\/\/interzero.pl\/","name":"Interzero Polska | Solutions for a world without waste","description":"We provide innovative and comprehensive environmental solutions.","publisher":{"@id":"https:\/\/interzero.pl\/#organization"},"potentialAction":[{"@type":"SearchAction","target":{"@type":"EntryPoint","urlTemplate":"https:\/\/interzero.pl\/?s={search_term_string}"},"query-input":{"@type":"PropertyValueSpecification","valueRequired":true,"valueName":"search_term_string"}}],"inLanguage":"en-GB"},{"@type":"Organization","@id":"https:\/\/interzero.pl\/#organization","name":"Interzero Poland","url":"https:\/\/interzero.pl\/","logo":{"@type":"ImageObject","inLanguage":"en-GB","@id":"https:\/\/interzero.pl\/#\/schema\/logo\/image\/","url":"https:\/\/interzero.pl\/wp-content\/uploads\/sites\/12\/2024\/07\/Interzero.png","contentUrl":"https:\/\/interzero.pl\/wp-content\/uploads\/sites\/12\/2024\/07\/Interzero.png","width":1920,"height":1080,"caption":"Interzero Polska"},"image":{"@id":"https:\/\/interzero.pl\/#\/schema\/logo\/image\/"},"sameAs":["https:\/\/www.facebook.com\/InterzeroPolska","https:\/\/www.linkedin.com\/company\/interzero-zero-waste-solutions\/"]},{"@type":"Person","@id":"https:\/\/interzero.pl\/#\/schema\/person\/bee6346cf79614311a93e78b72b564ef","name":"Alicja Bre\u015b","sameAs":["Wiertnicza 165"]}]}},"_links":{"self":[{"href":"https:\/\/interzero.pl\/en\/wp-json\/wp\/v2\/posts\/14350","targetHints":{"allow":["GET"]}}],"collection":[{"href":"https:\/\/interzero.pl\/en\/wp-json\/wp\/v2\/posts"}],"about":[{"href":"https:\/\/interzero.pl\/en\/wp-json\/wp\/v2\/types\/post"}],"author":[{"embeddable":true,"href":"https:\/\/interzero.pl\/en\/wp-json\/wp\/v2\/users\/6"}],"replies":[{"embeddable":true,"href":"https:\/\/interzero.pl\/en\/wp-json\/wp\/v2\/comments?post=14350"}],"version-history":[{"count":1,"href":"https:\/\/interzero.pl\/en\/wp-json\/wp\/v2\/posts\/14350\/revisions"}],"predecessor-version":[{"id":14365,"href":"https:\/\/interzero.pl\/en\/wp-json\/wp\/v2\/posts\/14350\/revisions\/14365"}],"wp:featuredmedia":[{"embeddable":true,"href":"https:\/\/interzero.pl\/en\/wp-json\/wp\/v2\/media\/13562"}],"wp:attachment":[{"href":"https:\/\/interzero.pl\/en\/wp-json\/wp\/v2\/media?parent=14350"}],"wp:term":[{"taxonomy":"category","embeddable":true,"href":"https:\/\/interzero.pl\/en\/wp-json\/wp\/v2\/categories?post=14350"},{"taxonomy":"post_tag","embeddable":true,"href":"https:\/\/interzero.pl\/en\/wp-json\/wp\/v2\/tags?post=14350"}],"curies":[{"name":"wp","href":"https:\/\/api.w.org\/{rel}","templated":true}]}}