{"id":14347,"date":"2024-05-14T12:46:35","date_gmt":"2024-05-14T10:46:35","guid":{"rendered":"https:\/\/interzero.pl\/blog\/integration-trip-of-the-interzero-team-on-may-16-17-2024\/"},"modified":"2024-05-17T08:26:15","modified_gmt":"2024-05-17T06:26:15","slug":"integration-trip-of-the-interzero-team-on-may-16-17-2024","status":"publish","type":"post","link":"https:\/\/interzero.pl\/en\/blog\/integration-trip-of-the-interzero-team-on-may-16-17-2024\/","title":{"rendered":"Integration trip of the Interzero team on May 16-17, 2024."},"content":{"rendered":"<div class=\"wpb-content-wrapper\"><div data-parent=\"true\" class=\"vc_row row-container\" id=\"row-unique-0\"><div class=\"row limit-width row-parent\"><div class=\"wpb_row row-inner\"><div class=\"wpb_column pos-top pos-center align_left column_parent col-lg-6 single-internal-gutter\"><div class=\"uncol style-light\"  ><div class=\"uncoltable\"><div class=\"uncell no-block-padding\" ><div class=\"uncont\" ><div class=\"uncode-single-media  text-left\"><div class=\"single-wrapper\" style=\"max-width: 100%;\"><a class=\"single-media-link\" href=\"https:\/\/punktzwrotny.com\/\" target=\"_blank\"><div class=\"tmb tmb-light  tmb-media-first tmb-media-last tmb-content-overlay tmb-no-bg\"><div class=\"t-inside\"><div class=\"t-entry-visual\"><div class=\"t-entry-visual-tc\"><div class=\"uncode-single-media-wrapper\"><img decoding=\"async\" class=\"wp-image-14131\" src=\"https:\/\/interzero.pl\/wp-content\/uploads\/sites\/12\/2024\/05\/integracja-interzero-biura-nieczynne-jpg.webp\" width=\"1600\" height=\"1080\" alt=\"trzy u&#347;miechni&#281;te osoby w trakcie integracji pracowniczej\" srcset=\"https:\/\/interzero.pl\/wp-content\/uploads\/sites\/12\/2024\/05\/integracja-interzero-biura-nieczynne-jpg.webp 1600w, https:\/\/interzero.pl\/wp-content\/uploads\/sites\/12\/2024\/05\/integracja-interzero-biura-nieczynne-300x203.webp 300w, https:\/\/interzero.pl\/wp-content\/uploads\/sites\/12\/2024\/05\/integracja-interzero-biura-nieczynne-1024x691.webp 1024w, https:\/\/interzero.pl\/wp-content\/uploads\/sites\/12\/2024\/05\/integracja-interzero-biura-nieczynne-768x518.webp 768w, https:\/\/interzero.pl\/wp-content\/uploads\/sites\/12\/2024\/05\/integracja-interzero-biura-nieczynne-1536x1037.webp 1536w, https:\/\/interzero.pl\/wp-content\/uploads\/sites\/12\/2024\/05\/integracja-interzero-biura-nieczynne-350x236.webp 350w\" sizes=\"(max-width: 1600px) 100vw, 1600px\" \/><\/div>\n\t\t\t\t\t<\/div>\n\t\t\t\t<\/div><\/div><\/div><\/a><\/div><\/div><\/div><\/div><\/div><\/div><\/div><div class=\"wpb_column pos-top pos-center align_left column_parent col-lg-6 single-internal-gutter\"><div class=\"uncol style-light\"  ><div class=\"uncoltable\"><div class=\"uncell no-block-padding\" ><div class=\"uncont\" ><div class=\"vc_custom_heading_wrap\"><div class=\"heading-text el-text\" ><h1 class=\"h3\" ><span><strong>Integration trip of the Interzero team on May 16-17, 2024.<\/strong><\/span><\/h1><\/div><div class=\"clear\"><\/div><\/div><div class=\"uncode_text_column\" ><p>Ladies and Gentlemen,<\/p>\n<p>We would like to inform you that due to the integration of the Interzero team, <strong>on May 16-17 this year.<\/strong> our branches in Warsaw, Krakow, \u0141\u00f3d\u017a and Katowice <strong>will be closed<\/strong> , and contact with our employees will be difficult.<\/p>\n<p>We return to work on Monday, May 20. We sincerely apologise for any inconvenience.<\/p>\n<p>Team Interzero<\/p>\n<\/div><\/div><\/div><\/div><\/div><\/div><script id=\"script-row-unique-0\" data-row=\"script-row-unique-0\" type=\"text\/javascript\" class=\"vc_controls\">UNCODE.initRow(document.getElementById(\"row-unique-0\"));<\/script><\/div><\/div><\/div><div data-parent=\"true\" class=\"vc_row row-container\" id=\"row-unique-1\"><div class=\"row limit-width row-parent\"><div class=\"wpb_row row-inner\"><div class=\"wpb_column pos-top pos-center align_left column_parent col-lg-12 single-internal-gutter\"><div class=\"uncol style-light\"  ><div class=\"uncoltable\"><div class=\"uncell no-block-padding\" ><div class=\"uncont\" ><\/div><\/div><\/div><\/div><\/div><script id=\"script-row-unique-1\" data-row=\"script-row-unique-1\" type=\"text\/javascript\" class=\"vc_controls\">UNCODE.initRow(document.getElementById(\"row-unique-1\"));<\/script><\/div><\/div><\/div>\n<\/div>","protected":false},"excerpt":{"rendered":"<p>We would like to inform you that due to the integration of the Interzero team, on May 16-17 this year. our branches in Warsaw, Krakow, \u0141\u00f3d\u017a and Katowice will be closed, and contact with our employees will be difficult. We return to work on Monday, May 20. We sincerely apologise for any inconvenience.<\/p>","protected":false},"author":6,"featured_media":14131,"comment_status":"closed","ping_status":"closed","sticky":false,"template":"","format":"standard","meta":{"_acf_changed":false,"inline_featured_image":false,"footnotes":""},"categories":[82],"tags":[],"class_list":["post-14347","post","type-post","status-publish","format-standard","has-post-thumbnail","hentry","category-uncategorized"],"acf":[],"cp_meta_data":{"_yoast_wpseo_primary_category":[""],"_wpml_media_duplicate":["1"],"_wpml_media_featured":["1"],"_top_nav_excluded":[""],"_cms_nav_minihome":[""],"_yoast_wpseo_title":["Integration trip of the Interzero team on May 16-17, 2024."],"_yoast_wpseo_metadesc":["Due to the integration of the Interzero team, on May 16-17 this year. our branches in Warsaw, Krakow, \u0141\u00f3d\u017a and Katowice will be closed."],"_yoast_wpseo_focuskw":["Integration trip"],"_yoast_wpseo_opengraph-description":["Due to the integration of the Interzero team, on May 16-17 this year. our branches in Warsaw, Krakow, \u0141\u00f3d\u017a and Katowice will be closed."],"_yoast_wpseo_twitter-title":["Integration trip of the Interzero team on May 16-17, 2024."],"_yoast_wpseo_twitter-description":["Due to the integration of the Interzero team, on May 16-17 this year. our branches in Warsaw, Krakow, \u0141\u00f3d\u017a and Katowice will be closed."],"_yoast_wpseo_opengraph-title":["Integration trip of the Interzero team on May 16-17, 2024."],"_thumbnail_id":["14131"],"_yoast_wpseo_opengraph-image":["https:\/\/interzero.pl\/wp-content\/uploads\/sites\/12\/2024\/05\/integracja-interzero-biura-nieczynne-1024x691.webp"],"_yoast_wpseo_twitter-image":["https:\/\/interzero.pl\/wp-content\/uploads\/sites\/12\/2024\/05\/integracja-interzero-biura-nieczynne-1024x691.webp"],"_uncode_secondary_thumbnail_id":["0"],"_uncode_featured_media":["14131"],"_uncode_header_height":["a:2:{i:0;s:2:\"50\";i:1;s:1:\"%\";}"],"_uncode_header_align":["left"],"_uncode_specific_menu_opaque":["off"],"_uncode_blocks_list":["5704"],"_uncode_header_title":["on"],"_uncode_header_style":["dark"],"_uncode_header_content_width":["off"],"_uncode_header_custom_width":["100"],"_uncode_header_position":["header-center header-middle"],"_uncode_header_title_size":["h1"],"_uncode_header_title_italic":["off"],"_uncode_header_title_custom":["off"],"_uncode_header_featured":["on"],"_uncode_header_parallax":["off"],"_uncode_header_overlay_color_alpha":["100"],"_uncode_header_scroll_opacity":["off"],"_uncode_header_scrolldown":["off"],"_uncode_sidebar_position":["sidebar_right"],"_uncode_sidebar_size":["4"],"_uncode_sidebar_fill":["off"],"_uncode_header_type":["header_uncodeblock"],"_uncode_header_full_width":["on"],"_uncode_specific_menu_no_shadow":["off"],"_uncode_header_background":["a:6:{s:16:\"background-color\";s:10:\"color-wayh\";s:17:\"background-repeat\";s:0:\"\";s:21:\"background-attachment\";s:0:\"\";s:19:\"background-position\";s:0:\"\";s:15:\"background-size\";s:0:\"\";s:16:\"background-image\";s:0:\"\";}"],"_uncode_sidebar_sticky":["off"],"_uncode_menu_no_padding":["on"],"_uncode_menu_no_padding_mobile":["off"],"_uncode_fullpage_type":["curtain"],"_uncode_fullpage_opacity":["off"],"_uncode_scroll_dots":["off"],"_uncode_empty_dots":["off"],"_uncode_scroll_history":["off"],"_uncode_scroll_safe_padding":["on"],"_uncode_scroll_additional_padding":["0"],"_uncode_fullpage_mobile":["off"],"_uncode_scroll_snap":["off"],"_uncode_specific_layout_width_custom":["a:2:{i:0;s:0:\"\";i:1;s:2:\"px\";}"],"_uncode_specific_media":["off"],"_uncode_specific_tags_align":["left"],"_last_translation_edit_mode":["translation-editor"],"_cmplz_remote_scanned_post":["1"],"_wpml_word_count":["{\"total\":271,\"to_translate\":{\"pl\":271}}"]},"yoast_head":"<!-- This site is optimized with the Yoast SEO plugin v26.4 - https:\/\/yoast.com\/wordpress\/plugins\/seo\/ -->\n<title>Integration trip of the Interzero team on May 16-17, 2024.<\/title>\n<meta name=\"description\" content=\"Due to the integration of the Interzero team, on May 16-17 this year. our branches in Warsaw, Krakow, \u0141\u00f3d\u017a and Katowice will be closed.\" \/>\n<meta name=\"robots\" content=\"index, follow, max-snippet:-1, max-image-preview:large, max-video-preview:-1\" \/>\n<link rel=\"canonical\" href=\"https:\/\/interzero.pl\/en\/blog\/integration-trip-of-the-interzero-team-on-may-16-17-2024\/\" \/>\n<meta property=\"og:locale\" content=\"en_GB\" \/>\n<meta property=\"og:type\" content=\"article\" \/>\n<meta property=\"og:title\" content=\"Integration trip of the Interzero team on May 16-17, 2024.\" \/>\n<meta property=\"og:description\" content=\"Due to the integration of the Interzero team, on May 16-17 this year. our branches in Warsaw, Krakow, \u0141\u00f3d\u017a and Katowice will be closed.\" \/>\n<meta property=\"og:url\" content=\"https:\/\/interzero.pl\/en\/blog\/integration-trip-of-the-interzero-team-on-may-16-17-2024\/\" \/>\n<meta property=\"og:site_name\" content=\"Interzero Polska\" \/>\n<meta property=\"article:publisher\" content=\"https:\/\/www.facebook.com\/InterzeroPolska\" \/>\n<meta property=\"article:author\" content=\"Wiertnicza 165\" \/>\n<meta property=\"article:published_time\" content=\"2024-05-14T10:46:35+00:00\" \/>\n<meta property=\"article:modified_time\" content=\"2024-05-17T06:26:15+00:00\" \/>\n<meta property=\"og:image\" content=\"https:\/\/interzero.pl\/wp-content\/uploads\/sites\/12\/2024\/05\/integracja-interzero-biura-nieczynne-1024x691.webp\" \/>\n<meta name=\"author\" content=\"Alicja Bre\u015b\" \/>\n<meta name=\"twitter:card\" content=\"summary_large_image\" \/>\n<meta name=\"twitter:title\" content=\"Integration trip of the Interzero team on May 16-17, 2024.\" \/>\n<meta name=\"twitter:description\" content=\"Due to the integration of the Interzero team, on May 16-17 this year. our branches in Warsaw, Krakow, \u0141\u00f3d\u017a and Katowice will be closed.\" \/>\n<meta name=\"twitter:image\" content=\"https:\/\/interzero.pl\/wp-content\/uploads\/sites\/12\/2024\/05\/integracja-interzero-biura-nieczynne-1024x691.webp\" \/>\n<meta name=\"twitter:label1\" content=\"Written by\" \/>\n\t<meta name=\"twitter:data1\" content=\"Alicja Bre\u015b\" \/>\n\t<meta name=\"twitter:label2\" content=\"Estimated reading time\" \/>\n\t<meta name=\"twitter:data2\" content=\"1 minute\" \/>\n<script type=\"application\/ld+json\" class=\"yoast-schema-graph\">{\"@context\":\"https:\/\/schema.org\",\"@graph\":[{\"@type\":\"Article\",\"@id\":\"https:\/\/interzero.pl\/blog\/integration-trip-of-the-interzero-team-on-may-16-17-2024\/#article\",\"isPartOf\":{\"@id\":\"https:\/\/interzero.pl\/blog\/integration-trip-of-the-interzero-team-on-may-16-17-2024\/\"},\"author\":{\"name\":\"Alicja Bre\u015b\",\"@id\":\"https:\/\/interzero.pl\/#\/schema\/person\/bee6346cf79614311a93e78b72b564ef\"},\"headline\":\"Integration trip of the Interzero team on May 16-17, 2024.\",\"datePublished\":\"2024-05-14T10:46:35+00:00\",\"dateModified\":\"2024-05-17T06:26:15+00:00\",\"mainEntityOfPage\":{\"@id\":\"https:\/\/interzero.pl\/blog\/integration-trip-of-the-interzero-team-on-may-16-17-2024\/\"},\"wordCount\":143,\"publisher\":{\"@id\":\"https:\/\/interzero.pl\/#organization\"},\"image\":{\"@id\":\"https:\/\/interzero.pl\/blog\/integration-trip-of-the-interzero-team-on-may-16-17-2024\/#primaryimage\"},\"thumbnailUrl\":\"https:\/\/interzero.pl\/wp-content\/uploads\/sites\/12\/2024\/05\/integracja-interzero-biura-nieczynne-jpg.webp\",\"articleSection\":[\"Uncategorized\"],\"inLanguage\":\"en-GB\"},{\"@type\":\"WebPage\",\"@id\":\"https:\/\/interzero.pl\/blog\/integration-trip-of-the-interzero-team-on-may-16-17-2024\/\",\"url\":\"https:\/\/interzero.pl\/blog\/integration-trip-of-the-interzero-team-on-may-16-17-2024\/\",\"name\":\"Integration trip of the Interzero team on May 16-17, 2024.\",\"isPartOf\":{\"@id\":\"https:\/\/interzero.pl\/#website\"},\"primaryImageOfPage\":{\"@id\":\"https:\/\/interzero.pl\/blog\/integration-trip-of-the-interzero-team-on-may-16-17-2024\/#primaryimage\"},\"image\":{\"@id\":\"https:\/\/interzero.pl\/blog\/integration-trip-of-the-interzero-team-on-may-16-17-2024\/#primaryimage\"},\"thumbnailUrl\":\"https:\/\/interzero.pl\/wp-content\/uploads\/sites\/12\/2024\/05\/integracja-interzero-biura-nieczynne-jpg.webp\",\"datePublished\":\"2024-05-14T10:46:35+00:00\",\"dateModified\":\"2024-05-17T06:26:15+00:00\",\"description\":\"Due to the integration of the Interzero team, on May 16-17 this year. our branches in Warsaw, Krakow, \u0141\u00f3d\u017a and Katowice will be closed.\",\"breadcrumb\":{\"@id\":\"https:\/\/interzero.pl\/blog\/integration-trip-of-the-interzero-team-on-may-16-17-2024\/#breadcrumb\"},\"inLanguage\":\"en-GB\",\"potentialAction\":[{\"@type\":\"ReadAction\",\"target\":[\"https:\/\/interzero.pl\/blog\/integration-trip-of-the-interzero-team-on-may-16-17-2024\/\"]}]},{\"@type\":\"ImageObject\",\"inLanguage\":\"en-GB\",\"@id\":\"https:\/\/interzero.pl\/blog\/integration-trip-of-the-interzero-team-on-may-16-17-2024\/#primaryimage\",\"url\":\"https:\/\/interzero.pl\/wp-content\/uploads\/sites\/12\/2024\/05\/integracja-interzero-biura-nieczynne-jpg.webp\",\"contentUrl\":\"https:\/\/interzero.pl\/wp-content\/uploads\/sites\/12\/2024\/05\/integracja-interzero-biura-nieczynne-jpg.webp\",\"width\":1600,\"height\":1080,\"caption\":\"trzy u\u015bmiechni\u0119te osoby w trakcie integracji pracowniczej\"},{\"@type\":\"BreadcrumbList\",\"@id\":\"https:\/\/interzero.pl\/blog\/integration-trip-of-the-interzero-team-on-may-16-17-2024\/#breadcrumb\",\"itemListElement\":[{\"@type\":\"ListItem\",\"position\":1,\"name\":\"Home\",\"item\":\"https:\/\/interzero.pl\/\"},{\"@type\":\"ListItem\",\"position\":2,\"name\":\"Integration trip of the Interzero team on May 16-17, 2024.\"}]},{\"@type\":\"WebSite\",\"@id\":\"https:\/\/interzero.pl\/#website\",\"url\":\"https:\/\/interzero.pl\/\",\"name\":\"Interzero Polska | Rozwi\u0105zania dla \u015bwiata bez odpad\u00f3w\",\"description\":\"Dostarczamy innowacyjne i kompleksowe rozwi\u0105zania  w zakresie ochrony \u015brodowiska.\",\"publisher\":{\"@id\":\"https:\/\/interzero.pl\/#organization\"},\"potentialAction\":[{\"@type\":\"SearchAction\",\"target\":{\"@type\":\"EntryPoint\",\"urlTemplate\":\"https:\/\/interzero.pl\/?s={search_term_string}\"},\"query-input\":{\"@type\":\"PropertyValueSpecification\",\"valueRequired\":true,\"valueName\":\"search_term_string\"}}],\"inLanguage\":\"en-GB\"},{\"@type\":\"Organization\",\"@id\":\"https:\/\/interzero.pl\/#organization\",\"name\":\"Interzero Polska\",\"url\":\"https:\/\/interzero.pl\/\",\"logo\":{\"@type\":\"ImageObject\",\"inLanguage\":\"en-GB\",\"@id\":\"https:\/\/interzero.pl\/#\/schema\/logo\/image\/\",\"url\":\"https:\/\/interzero.pl\/wp-content\/uploads\/sites\/12\/2024\/07\/Interzero.png\",\"contentUrl\":\"https:\/\/interzero.pl\/wp-content\/uploads\/sites\/12\/2024\/07\/Interzero.png\",\"width\":1920,\"height\":1080,\"caption\":\"Interzero Polska\"},\"image\":{\"@id\":\"https:\/\/interzero.pl\/#\/schema\/logo\/image\/\"},\"sameAs\":[\"https:\/\/www.facebook.com\/InterzeroPolska\",\"https:\/\/www.linkedin.com\/company\/interzero-zero-waste-solutions\/\"]},{\"@type\":\"Person\",\"@id\":\"https:\/\/interzero.pl\/#\/schema\/person\/bee6346cf79614311a93e78b72b564ef\",\"name\":\"Alicja Bre\u015b\",\"sameAs\":[\"Wiertnicza 165\"]}]}<\/script>\n<!-- \/ Yoast SEO plugin. -->","yoast_head_json":{"title":"Integration trip of the Interzero team on May 16-17, 2024.","description":"Due to the integration of the Interzero team, on May 16-17 this year. our branches in Warsaw, Krakow, \u0141\u00f3d\u017a and Katowice will be closed.","robots":{"index":"index","follow":"follow","max-snippet":"max-snippet:-1","max-image-preview":"max-image-preview:large","max-video-preview":"max-video-preview:-1"},"canonical":"https:\/\/interzero.pl\/en\/blog\/integration-trip-of-the-interzero-team-on-may-16-17-2024\/","og_locale":"en_GB","og_type":"article","og_title":"Integration trip of the Interzero team on May 16-17, 2024.","og_description":"Due to the integration of the Interzero team, on May 16-17 this year. our branches in Warsaw, Krakow, \u0141\u00f3d\u017a and Katowice will be closed.","og_url":"https:\/\/interzero.pl\/en\/blog\/integration-trip-of-the-interzero-team-on-may-16-17-2024\/","og_site_name":"Interzero Polska","article_publisher":"https:\/\/www.facebook.com\/InterzeroPolska","article_author":"Wiertnicza 165","article_published_time":"2024-05-14T10:46:35+00:00","article_modified_time":"2024-05-17T06:26:15+00:00","og_image":[{"url":"https:\/\/interzero.pl\/wp-content\/uploads\/sites\/12\/2024\/05\/integracja-interzero-biura-nieczynne-1024x691.webp","type":"","width":"","height":""}],"author":"Alicja Bre\u015b","twitter_card":"summary_large_image","twitter_title":"Integration trip of the Interzero team on May 16-17, 2024.","twitter_description":"Due to the integration of the Interzero team, on May 16-17 this year. our branches in Warsaw, Krakow, \u0141\u00f3d\u017a and Katowice will be closed.","twitter_image":"https:\/\/interzero.pl\/wp-content\/uploads\/sites\/12\/2024\/05\/integracja-interzero-biura-nieczynne-1024x691.webp","twitter_misc":{"Written by":"Alicja Bre\u015b","Estimated reading time":"1 minute"},"schema":{"@context":"https:\/\/schema.org","@graph":[{"@type":"Article","@id":"https:\/\/interzero.pl\/blog\/integration-trip-of-the-interzero-team-on-may-16-17-2024\/#article","isPartOf":{"@id":"https:\/\/interzero.pl\/blog\/integration-trip-of-the-interzero-team-on-may-16-17-2024\/"},"author":{"name":"Alicja Bre\u015b","@id":"https:\/\/interzero.pl\/#\/schema\/person\/bee6346cf79614311a93e78b72b564ef"},"headline":"Integration trip of the Interzero team on May 16-17, 2024.","datePublished":"2024-05-14T10:46:35+00:00","dateModified":"2024-05-17T06:26:15+00:00","mainEntityOfPage":{"@id":"https:\/\/interzero.pl\/blog\/integration-trip-of-the-interzero-team-on-may-16-17-2024\/"},"wordCount":143,"publisher":{"@id":"https:\/\/interzero.pl\/#organization"},"image":{"@id":"https:\/\/interzero.pl\/blog\/integration-trip-of-the-interzero-team-on-may-16-17-2024\/#primaryimage"},"thumbnailUrl":"https:\/\/interzero.pl\/wp-content\/uploads\/sites\/12\/2024\/05\/integracja-interzero-biura-nieczynne-jpg.webp","articleSection":["Uncategorized"],"inLanguage":"en-GB"},{"@type":"WebPage","@id":"https:\/\/interzero.pl\/blog\/integration-trip-of-the-interzero-team-on-may-16-17-2024\/","url":"https:\/\/interzero.pl\/blog\/integration-trip-of-the-interzero-team-on-may-16-17-2024\/","name":"Integration trip of the Interzero team on May 16-17, 2024.","isPartOf":{"@id":"https:\/\/interzero.pl\/#website"},"primaryImageOfPage":{"@id":"https:\/\/interzero.pl\/blog\/integration-trip-of-the-interzero-team-on-may-16-17-2024\/#primaryimage"},"image":{"@id":"https:\/\/interzero.pl\/blog\/integration-trip-of-the-interzero-team-on-may-16-17-2024\/#primaryimage"},"thumbnailUrl":"https:\/\/interzero.pl\/wp-content\/uploads\/sites\/12\/2024\/05\/integracja-interzero-biura-nieczynne-jpg.webp","datePublished":"2024-05-14T10:46:35+00:00","dateModified":"2024-05-17T06:26:15+00:00","description":"Due to the integration of the Interzero team, on May 16-17 this year. our branches in Warsaw, Krakow, \u0141\u00f3d\u017a and Katowice will be closed.","breadcrumb":{"@id":"https:\/\/interzero.pl\/blog\/integration-trip-of-the-interzero-team-on-may-16-17-2024\/#breadcrumb"},"inLanguage":"en-GB","potentialAction":[{"@type":"ReadAction","target":["https:\/\/interzero.pl\/blog\/integration-trip-of-the-interzero-team-on-may-16-17-2024\/"]}]},{"@type":"ImageObject","inLanguage":"en-GB","@id":"https:\/\/interzero.pl\/blog\/integration-trip-of-the-interzero-team-on-may-16-17-2024\/#primaryimage","url":"https:\/\/interzero.pl\/wp-content\/uploads\/sites\/12\/2024\/05\/integracja-interzero-biura-nieczynne-jpg.webp","contentUrl":"https:\/\/interzero.pl\/wp-content\/uploads\/sites\/12\/2024\/05\/integracja-interzero-biura-nieczynne-jpg.webp","width":1600,"height":1080,"caption":"trzy u\u015bmiechni\u0119te osoby w trakcie integracji pracowniczej"},{"@type":"BreadcrumbList","@id":"https:\/\/interzero.pl\/blog\/integration-trip-of-the-interzero-team-on-may-16-17-2024\/#breadcrumb","itemListElement":[{"@type":"ListItem","position":1,"name":"Home","item":"https:\/\/interzero.pl\/"},{"@type":"ListItem","position":2,"name":"Integration trip of the Interzero team on May 16-17, 2024."}]},{"@type":"WebSite","@id":"https:\/\/interzero.pl\/#website","url":"https:\/\/interzero.pl\/","name":"Interzero Polska | Solutions for a world without waste","description":"We provide innovative and comprehensive environmental solutions.","publisher":{"@id":"https:\/\/interzero.pl\/#organization"},"potentialAction":[{"@type":"SearchAction","target":{"@type":"EntryPoint","urlTemplate":"https:\/\/interzero.pl\/?s={search_term_string}"},"query-input":{"@type":"PropertyValueSpecification","valueRequired":true,"valueName":"search_term_string"}}],"inLanguage":"en-GB"},{"@type":"Organization","@id":"https:\/\/interzero.pl\/#organization","name":"Interzero Poland","url":"https:\/\/interzero.pl\/","logo":{"@type":"ImageObject","inLanguage":"en-GB","@id":"https:\/\/interzero.pl\/#\/schema\/logo\/image\/","url":"https:\/\/interzero.pl\/wp-content\/uploads\/sites\/12\/2024\/07\/Interzero.png","contentUrl":"https:\/\/interzero.pl\/wp-content\/uploads\/sites\/12\/2024\/07\/Interzero.png","width":1920,"height":1080,"caption":"Interzero Polska"},"image":{"@id":"https:\/\/interzero.pl\/#\/schema\/logo\/image\/"},"sameAs":["https:\/\/www.facebook.com\/InterzeroPolska","https:\/\/www.linkedin.com\/company\/interzero-zero-waste-solutions\/"]},{"@type":"Person","@id":"https:\/\/interzero.pl\/#\/schema\/person\/bee6346cf79614311a93e78b72b564ef","name":"Alicja Bre\u015b","sameAs":["Wiertnicza 165"]}]}},"_links":{"self":[{"href":"https:\/\/interzero.pl\/en\/wp-json\/wp\/v2\/posts\/14347","targetHints":{"allow":["GET"]}}],"collection":[{"href":"https:\/\/interzero.pl\/en\/wp-json\/wp\/v2\/posts"}],"about":[{"href":"https:\/\/interzero.pl\/en\/wp-json\/wp\/v2\/types\/post"}],"author":[{"embeddable":true,"href":"https:\/\/interzero.pl\/en\/wp-json\/wp\/v2\/users\/6"}],"replies":[{"embeddable":true,"href":"https:\/\/interzero.pl\/en\/wp-json\/wp\/v2\/comments?post=14347"}],"version-history":[{"count":1,"href":"https:\/\/interzero.pl\/en\/wp-json\/wp\/v2\/posts\/14347\/revisions"}],"predecessor-version":[{"id":14358,"href":"https:\/\/interzero.pl\/en\/wp-json\/wp\/v2\/posts\/14347\/revisions\/14358"}],"wp:featuredmedia":[{"embeddable":true,"href":"https:\/\/interzero.pl\/en\/wp-json\/wp\/v2\/media\/14131"}],"wp:attachment":[{"href":"https:\/\/interzero.pl\/en\/wp-json\/wp\/v2\/media?parent=14347"}],"wp:term":[{"taxonomy":"category","embeddable":true,"href":"https:\/\/interzero.pl\/en\/wp-json\/wp\/v2\/categories?post=14347"},{"taxonomy":"post_tag","embeddable":true,"href":"https:\/\/interzero.pl\/en\/wp-json\/wp\/v2\/tags?post=14347"}],"curies":[{"name":"wp","href":"https:\/\/api.w.org\/{rel}","templated":true}]}}