{"id":13081,"date":"2024-03-05T10:33:32","date_gmt":"2024-03-05T09:33:32","guid":{"rendered":"https:\/\/interzero.pl\/?p=13081"},"modified":"2024-03-05T10:36:16","modified_gmt":"2024-03-05T09:36:16","slug":"odpowiedzialny-jak-producent-czyli-w-oczekiwaniu-na-rewolucje-debata-mycompany-polska","status":"publish","type":"post","link":"https:\/\/interzero.pl\/en\/blog\/odpowiedzialny-jak-producent-czyli-w-oczekiwaniu-na-rewolucje-debata-mycompany-polska\/","title":{"rendered":"Responsible as a producer or in anticipation of a revolution - MyCompany Poland debate"},"content":{"rendered":"<div class=\"wpb-content-wrapper\"><div data-parent=\"true\" class=\"vc_row row-container\" id=\"row-unique-0\"><div class=\"row limit-width row-parent\"><div class=\"wpb_row row-inner\"><div class=\"wpb_column pos-top pos-center align_left column_parent col-lg-6 single-internal-gutter\"><div class=\"uncol style-light\"  ><div class=\"uncoltable\"><div class=\"uncell no-block-padding\" ><div class=\"uncont\" ><div class=\"uncode-single-media  text-left\"><div class=\"single-wrapper\" style=\"max-width: 100%;\"><a class=\"single-media-link\" href=\"http:\/\/systemkaucyjny.pioiro.pl\"><div class=\"tmb tmb-light  tmb-media-first tmb-media-last tmb-content-overlay tmb-no-bg\"><div class=\"t-inside\"><div class=\"t-entry-visual\"><div class=\"t-entry-visual-tc\"><div class=\"uncode-single-media-wrapper\"><img decoding=\"async\" class=\"wp-image-13092\" src=\"https:\/\/interzero.pl\/wp-content\/uploads\/sites\/12\/2024\/03\/przemyslaw-kuna-mycompany.png\" width=\"1600\" height=\"1080\" alt=\"Przemys&#322;aw Kuna w debacie MyCompany Polska\" srcset=\"https:\/\/interzero.pl\/wp-content\/uploads\/sites\/12\/2024\/03\/przemyslaw-kuna-mycompany.png 1600w, https:\/\/interzero.pl\/wp-content\/uploads\/sites\/12\/2024\/03\/przemyslaw-kuna-mycompany-300x203.png 300w, https:\/\/interzero.pl\/wp-content\/uploads\/sites\/12\/2024\/03\/przemyslaw-kuna-mycompany-1024x691.png 1024w, https:\/\/interzero.pl\/wp-content\/uploads\/sites\/12\/2024\/03\/przemyslaw-kuna-mycompany-768x518.png 768w, https:\/\/interzero.pl\/wp-content\/uploads\/sites\/12\/2024\/03\/przemyslaw-kuna-mycompany-1536x1037.png 1536w, https:\/\/interzero.pl\/wp-content\/uploads\/sites\/12\/2024\/03\/przemyslaw-kuna-mycompany-350x236.png 350w\" sizes=\"(max-width: 1600px) 100vw, 1600px\" \/><\/div>\n\t\t\t\t\t<\/div>\n\t\t\t\t<\/div><\/div><\/div><\/a><\/div><\/div><\/div><\/div><\/div><\/div><\/div><div class=\"wpb_column pos-top pos-center align_left column_parent col-lg-6 single-internal-gutter\"><div class=\"uncol style-light\"  ><div class=\"uncoltable\"><div class=\"uncell no-block-padding\" ><div class=\"uncont\" ><div class=\"uncode_text_column\" ><\/p>\n<h3><strong>Responsible as a producer or in anticipation of a revolution - MyCompany Poland debate<\/strong><\/h3>\n<p><strong>Why is Extended Producer Responsibility an important topic for bail scheme participants? What role will municipalities play in the system? What will the PPWR directive change? These and other questions were answered by participants in the MyCompany Poland debate, in which Interzero was represented by Przemys\u0142aw Kuna, Managing Director at Interzero.<\/strong><\/p>\n<p>Last week, the debate 'Responsible as a Producer, or Awaiting a Revolution' took place, featuring Przemys\u0142aw Kuna, Managing Director at Interzero, Krzysztof Baczynski, President of the Board of the Association of Employers of the Packaging and Products in Packaging Industry EKO-PAK and Artur Lobocki, Board Member of the RECAL Aluminium Packaging Recovery Foundation.<\/p>\n<p>Participants in the debate leaned into issues related to the enactment of a deposit system in Poland from 2025, as well as the new packaging collection levels dictated by the transposition of the PPWR Directive. It was noted that the new deposit fees pose a high risk to the market in view of the low level of secondary material recovery in Poland. Attention was also drawn to the low awareness of waste recycling among Poles. The experts stressed the important role of municipalities in the system and about the legitimacy of penalties and product fees.<\/p>\n<p>We encourage you to read the entire material <a href=\"https:\/\/www.youtube.com\/watch?v=N2yR44ojYjM&amp;ab_channel=MyCompanyPolska\">HERE<\/a>.<\/p>\n<p><strong>Interzero Poland and the Polish Chamber of Packaging Recovery and Recycling will create a representative entity for companies in the deposit system - find out more here: <a href=\"https:\/\/systemkaucyjny.pioiro.pl\/\">https:\/\/systemkaucyjny.pioiro.pl\/<\/a>.<\/strong><\/p>\n<\/div><\/div><\/div><\/div><\/div><\/div><script id=\"script-row-unique-0\" data-row=\"script-row-unique-0\" type=\"text\/javascript\" class=\"vc_controls\">UNCODE.initRow(document.getElementById(\"row-unique-0\"));<\/script><\/div><\/div><\/div><div data-parent=\"true\" class=\"vc_row row-container\" id=\"row-unique-1\"><div class=\"row limit-width row-parent\"><div class=\"wpb_row row-inner\"><div class=\"wpb_column pos-top pos-center align_left column_parent col-lg-12 single-internal-gutter\"><div class=\"uncol style-light\"  ><div class=\"uncoltable\"><div class=\"uncell no-block-padding\" ><div class=\"uncont\" ><\/div><\/div><\/div><\/div><\/div><script id=\"script-row-unique-1\" data-row=\"script-row-unique-1\" type=\"text\/javascript\" class=\"vc_controls\">UNCODE.initRow(document.getElementById(\"row-unique-1\"));<\/script><\/div><\/div><\/div>\n<\/div>","protected":false},"excerpt":{"rendered":"<p>Why is Extended Producer Responsibility an important topic for bail scheme participants? What role will municipalities play in the system? What will the PPWR directive change? These and other questions were answered by participants in the MyCompany Poland debate, in which Interzero was represented by Przemys\u0142aw Kuna, Managing Director.<\/p>","protected":false},"author":6,"featured_media":13092,"comment_status":"closed","ping_status":"closed","sticky":false,"template":"","format":"standard","meta":{"_acf_changed":false,"inline_featured_image":false,"footnotes":""},"categories":[1,32],"tags":[],"class_list":["post-13081","post","type-post","status-publish","format-standard","has-post-thumbnail","hentry","category-bez-kategorii","category-aktualnosci"],"acf":[],"cp_meta_data":{"_wpml_media_featured":["1"],"_wpml_media_duplicate":["1"],"_edit_lock":["1709631396:6"],"_edit_last":["6"],"_uncode_specific_main_width":["a:2:{i:0;s:4:\"1200\";i:1;s:2:\"px\";}"],"_uncode_specific_menu_remove":["off"],"_uncode_specific_menu_opaque":["off"],"_uncode_specific_menu_no_shadow":["off"],"_uncode_blocks_list":["5704"],"_uncode_header_full_width":["on"],"_uncode_header_height":["a:2:{i:0;s:2:\"50\";i:1;s:1:\"%\";}"],"_uncode_header_title":["on"],"_uncode_header_title_custom":["off"],"_uncode_header_style":["dark"],"_uncode_header_content_width":["off"],"_uncode_header_custom_width":["100"],"_uncode_header_align":["left"],"_uncode_header_position":["header-center header-middle"],"_uncode_header_title_size":["h1"],"_uncode_header_title_italic":["off"],"_uncode_header_featured":["on"],"_uncode_header_background":["a:6:{s:16:\"background-color\";s:10:\"color-wayh\";s:17:\"background-repeat\";s:0:\"\";s:21:\"background-attachment\";s:0:\"\";s:19:\"background-position\";s:0:\"\";s:15:\"background-size\";s:0:\"\";s:16:\"background-image\";s:0:\"\";}"],"_uncode_header_parallax":["off"],"_uncode_header_overlay_color_alpha":["100"],"_uncode_header_scroll_opacity":["off"],"_uncode_header_scrolldown":["off"],"_uncode_specific_layout_width_custom":["a:2:{i:0;s:0:\"\";i:1;s:2:\"px\";}"],"_uncode_specific_media":["off"],"_uncode_specific_tags_align":["left"],"_uncode_sidebar_position":["sidebar_right"],"_uncode_sidebar_size":["4"],"_uncode_sidebar_sticky":["off"],"_uncode_sidebar_fill":["off"],"_uncode_specific_copy_hide":["off"],"_uncode_specific_footer_uparrow_hide":["off"],"_uncode_secondary_thumbnail_id":["0"],"_uncode_header_type":["header_uncodeblock"],"_uncode_menu_no_padding":["on"],"_uncode_menu_no_padding_mobile":["off"],"_wpb_vc_js_status":["true"],"cmplz_hide_cookiebanner":[""],"_wp_old_date":["2023-02-15"],"_uncode_fullpage_type":["curtain"],"_uncode_fullpage_opacity":["off"],"_uncode_scroll_dots":["off"],"_uncode_empty_dots":["off"],"_uncode_scroll_history":["off"],"_uncode_scroll_safe_padding":["on"],"_uncode_scroll_additional_padding":["0"],"_uncode_fullpage_mobile":["off"],"_uncode_scroll_snap":["off"],"_yoast_wpseo_content_score":["60"],"_yoast_wpseo_estimated-reading-time-minutes":["2"],"_yoast_wpseo_wordproof_timestamp":[""],"_yoast_wpseo_primary_category":[""],"_wpml_word_count":["{\"total\":360,\"to_translate\":{\"en\":155}}"],"_wpml_location_migration_done":["1"],"_wp_old_slug":["ekologiczne-opakowanie-twojego-produktu-made-for-recykling-i-pieluszki-bambiboo"],"_oembed_e412b5d5f3f9cbaf4aaff94b08065643":["{{unknown}}"],"_oembed_85cb3688a0c607d1cc50c3c364b2971f":["{{unknown}}"],"_oembed_1305493e57dec6513bbd2a3f1fb38792":["{{unknown}}"],"_yoast_wpseo_metadesc":["Zapraszamy do zapoznania si\u0119 z materia\u0142em z debaty MyCompany Polska, w kt\u00f3rej Interzero reprezentowa\u0142 Przemys\u0142aw Kuna, Dyrektor Zarz\u0105dzaj\u0105cy."],"_yoast_wpseo_focuskw":["system kaucyjny"],"_yoast_wpseo_title":["Odpowiedzialny jak producent, czyli w oczekiwaniu na rewolucj\u0119 | %%sitename%%"],"_yoast_wpseo_linkdex":["49"],"_oembed_7cda0e571b8f2d6dce543161cb847c65":["{{unknown}}"],"_oembed_cb0273886301be0514147a5433e05ebc":["<blockquote class=\"wp-embedded-content\" data-secret=\"Edm1mol0vz\"><a href=\"https:\/\/interzero.pl\/uslugi\/made4loop-system-depozytowy-opakowan-wielokrotnego-uzytku\/\">Made4Loop \u2013 system depozytowy opakowa\u0144 wielokrotnego u\u017cytku<\/a><\/blockquote><iframe class=\"wp-embedded-content\" sandbox=\"allow-scripts\" security=\"restricted\" style=\"position: absolute; clip: rect(1px, 1px, 1px, 1px);\" title=\"&#8222;Made4Loop \u2013 system depozytowy opakowa\u0144 wielokrotnego u\u017cytku&#8221; &#8212; Interzero Polska\" src=\"https:\/\/interzero.pl\/uslugi\/made4loop-system-depozytowy-opakowan-wielokrotnego-uzytku\/embed\/#?secret=eNDFRbKgrg#?secret=Edm1mol0vz\" data-secret=\"Edm1mol0vz\" width=\"361\" height=\"204\" frameborder=\"0\" marginwidth=\"0\" marginheight=\"0\" scrolling=\"no\"><\/iframe>"],"_oembed_time_cb0273886301be0514147a5433e05ebc":["1704445627"],"_yoast_wpseo_opengraph-title":["Odpowiedzialny jak producent, czyli w oczekiwaniu na rewolucj\u0119 | Interzero"],"_yoast_wpseo_opengraph-description":["Zapraszamy do zapoznania si\u0119 z materia\u0142em z debaty MyCompany Polska, w kt\u00f3rej Interzero reprezentowa\u0142 Przemys\u0142aw Kuna, Dyrektor Zarz\u0105dzaj\u0105cy w Interzero Polska."],"_yoast_wpseo_opengraph-image":["https:\/\/interzero.pl\/wp-content\/uploads\/sites\/12\/2024\/03\/przemyslaw-kuna-mycompany-1024x691.png"],"_yoast_wpseo_opengraph-image-id":["13092"],"_yoast_wpseo_twitter-title":["Odpowiedzialny jak producent, czyli w oczekiwaniu na rewolucj\u0119 | Interzero"],"_yoast_wpseo_twitter-description":["Zapraszamy do zapoznania si\u0119 z materia\u0142em z debaty MyCompany Polska, w kt\u00f3rej Interzero reprezentowa\u0142 Przemys\u0142aw Kuna, Dyrektor Zarz\u0105dzaj\u0105cy w Interzero Polska."],"_yoast_wpseo_twitter-image":["https:\/\/interzero.pl\/wp-content\/uploads\/sites\/12\/2024\/03\/przemyslaw-kuna-mycompany-1024x691.png"],"_yoast_wpseo_twitter-image-id":["13092"],"_thumbnail_id":["13092"],"ao_post_optimize":["a:6:{s:16:\"ao_post_optimize\";s:2:\"on\";s:19:\"ao_post_js_optimize\";s:2:\"on\";s:20:\"ao_post_css_optimize\";s:2:\"on\";s:12:\"ao_post_ccss\";s:2:\"on\";s:16:\"ao_post_lazyload\";s:2:\"on\";s:15:\"ao_post_preload\";s:0:\"\";}"],"_oembed_15c6222e34971a29fc0df28b2f19e125":["<blockquote class=\"wp-embedded-content\" data-secret=\"OlzscckdkC\"><a href=\"https:\/\/machines.interzero.pl\/\">Ekourz\u0105dzenia Interzero<\/a><\/blockquote><iframe class=\"wp-embedded-content\" sandbox=\"allow-scripts\" security=\"restricted\" style=\"position: absolute; clip: rect(1px, 1px, 1px, 1px);\" title=\"&#8222;Ekourz\u0105dzenia Interzero&#8221; &#8212; Ekourz\u0105dzenia Interzero\" src=\"https:\/\/machines.interzero.pl\/embed\/#?secret=lAlRvDwKk3#?secret=OlzscckdkC\" data-secret=\"OlzscckdkC\" width=\"600\" height=\"338\" frameborder=\"0\" marginwidth=\"0\" marginheight=\"0\" scrolling=\"no\"><\/iframe>"],"_oembed_time_15c6222e34971a29fc0df28b2f19e125":["1708427916"],"_wpb_post_custom_layout":["default"],"_cmplz_remote_scanned_post":["1"]},"yoast_head":"<!-- This site is optimized with the Yoast SEO plugin v26.4 - https:\/\/yoast.com\/wordpress\/plugins\/seo\/ -->\n<title>Odpowiedzialny jak producent, czyli w oczekiwaniu na rewolucj\u0119 | Interzero Polska<\/title>\n<meta name=\"description\" content=\"Zapraszamy do zapoznania si\u0119 z materia\u0142em z debaty MyCompany Polska, w kt\u00f3rej Interzero reprezentowa\u0142 Przemys\u0142aw Kuna, Dyrektor Zarz\u0105dzaj\u0105cy.\" \/>\n<meta name=\"robots\" content=\"index, follow, max-snippet:-1, max-image-preview:large, max-video-preview:-1\" \/>\n<link rel=\"canonical\" href=\"https:\/\/interzero.pl\/en\/blog\/odpowiedzialny-jak-producent-czyli-w-oczekiwaniu-na-rewolucje-debata-mycompany-polska\/\" \/>\n<meta property=\"og:locale\" content=\"en_GB\" \/>\n<meta property=\"og:type\" content=\"article\" \/>\n<meta property=\"og:title\" content=\"Odpowiedzialny jak producent, czyli w oczekiwaniu na rewolucj\u0119 | Interzero\" \/>\n<meta property=\"og:description\" content=\"Zapraszamy do zapoznania si\u0119 z materia\u0142em z debaty MyCompany Polska, w kt\u00f3rej Interzero reprezentowa\u0142 Przemys\u0142aw Kuna, Dyrektor Zarz\u0105dzaj\u0105cy w Interzero Polska.\" \/>\n<meta property=\"og:url\" content=\"https:\/\/interzero.pl\/en\/blog\/odpowiedzialny-jak-producent-czyli-w-oczekiwaniu-na-rewolucje-debata-mycompany-polska\/\" \/>\n<meta property=\"og:site_name\" content=\"Interzero Polska\" \/>\n<meta property=\"article:publisher\" content=\"https:\/\/www.facebook.com\/InterzeroPolska\" \/>\n<meta property=\"article:author\" content=\"Wiertnicza 165\" \/>\n<meta property=\"article:published_time\" content=\"2024-03-05T09:33:32+00:00\" \/>\n<meta property=\"article:modified_time\" content=\"2024-03-05T09:36:16+00:00\" \/>\n<meta property=\"og:image\" content=\"https:\/\/interzero.pl\/wp-content\/uploads\/sites\/12\/2024\/03\/przemyslaw-kuna-mycompany.png\" \/>\n\t<meta property=\"og:image:width\" content=\"1600\" \/>\n\t<meta property=\"og:image:height\" content=\"1080\" \/>\n\t<meta property=\"og:image:type\" content=\"image\/png\" \/>\n<meta name=\"author\" content=\"Alicja Bre\u015b\" \/>\n<meta name=\"twitter:card\" content=\"summary_large_image\" \/>\n<meta name=\"twitter:title\" content=\"Odpowiedzialny jak producent, czyli w oczekiwaniu na rewolucj\u0119 | Interzero\" \/>\n<meta name=\"twitter:description\" content=\"Zapraszamy do zapoznania si\u0119 z materia\u0142em z debaty MyCompany Polska, w kt\u00f3rej Interzero reprezentowa\u0142 Przemys\u0142aw Kuna, Dyrektor Zarz\u0105dzaj\u0105cy w Interzero Polska.\" \/>\n<meta name=\"twitter:image\" content=\"https:\/\/interzero.pl\/wp-content\/uploads\/sites\/12\/2024\/03\/przemyslaw-kuna-mycompany.png\" \/>\n<meta name=\"twitter:label1\" content=\"Written by\" \/>\n\t<meta name=\"twitter:data1\" content=\"Alicja Bre\u015b\" \/>\n\t<meta name=\"twitter:label2\" content=\"Estimated reading time\" \/>\n\t<meta name=\"twitter:data2\" content=\"2 minutes\" \/>\n<script type=\"application\/ld+json\" class=\"yoast-schema-graph\">{\"@context\":\"https:\/\/schema.org\",\"@graph\":[{\"@type\":\"Article\",\"@id\":\"https:\/\/interzero.pl\/blog\/odpowiedzialny-jak-producent-czyli-w-oczekiwaniu-na-rewolucje-debata-mycompany-polska\/#article\",\"isPartOf\":{\"@id\":\"https:\/\/interzero.pl\/blog\/odpowiedzialny-jak-producent-czyli-w-oczekiwaniu-na-rewolucje-debata-mycompany-polska\/\"},\"author\":{\"name\":\"Alicja Bre\u015b\",\"@id\":\"https:\/\/interzero.pl\/#\/schema\/person\/bee6346cf79614311a93e78b72b564ef\"},\"headline\":\"Odpowiedzialny jak producent, czyli w oczekiwaniu na rewolucj\u0119 \u2013 debata MyCompany Polska\",\"datePublished\":\"2024-03-05T09:33:32+00:00\",\"dateModified\":\"2024-03-05T09:36:16+00:00\",\"mainEntityOfPage\":{\"@id\":\"https:\/\/interzero.pl\/blog\/odpowiedzialny-jak-producent-czyli-w-oczekiwaniu-na-rewolucje-debata-mycompany-polska\/\"},\"wordCount\":311,\"publisher\":{\"@id\":\"https:\/\/interzero.pl\/#organization\"},\"image\":{\"@id\":\"https:\/\/interzero.pl\/blog\/odpowiedzialny-jak-producent-czyli-w-oczekiwaniu-na-rewolucje-debata-mycompany-polska\/#primaryimage\"},\"thumbnailUrl\":\"https:\/\/interzero.pl\/wp-content\/uploads\/sites\/12\/2024\/03\/przemyslaw-kuna-mycompany.png\",\"articleSection\":[\"Bez kategorii\",\"Aktualno\u015bci\"],\"inLanguage\":\"en-GB\"},{\"@type\":\"WebPage\",\"@id\":\"https:\/\/interzero.pl\/blog\/odpowiedzialny-jak-producent-czyli-w-oczekiwaniu-na-rewolucje-debata-mycompany-polska\/\",\"url\":\"https:\/\/interzero.pl\/blog\/odpowiedzialny-jak-producent-czyli-w-oczekiwaniu-na-rewolucje-debata-mycompany-polska\/\",\"name\":\"Odpowiedzialny jak producent, czyli w oczekiwaniu na rewolucj\u0119 | Interzero Polska\",\"isPartOf\":{\"@id\":\"https:\/\/interzero.pl\/#website\"},\"primaryImageOfPage\":{\"@id\":\"https:\/\/interzero.pl\/blog\/odpowiedzialny-jak-producent-czyli-w-oczekiwaniu-na-rewolucje-debata-mycompany-polska\/#primaryimage\"},\"image\":{\"@id\":\"https:\/\/interzero.pl\/blog\/odpowiedzialny-jak-producent-czyli-w-oczekiwaniu-na-rewolucje-debata-mycompany-polska\/#primaryimage\"},\"thumbnailUrl\":\"https:\/\/interzero.pl\/wp-content\/uploads\/sites\/12\/2024\/03\/przemyslaw-kuna-mycompany.png\",\"datePublished\":\"2024-03-05T09:33:32+00:00\",\"dateModified\":\"2024-03-05T09:36:16+00:00\",\"description\":\"Zapraszamy do zapoznania si\u0119 z materia\u0142em z debaty MyCompany Polska, w kt\u00f3rej Interzero reprezentowa\u0142 Przemys\u0142aw Kuna, Dyrektor Zarz\u0105dzaj\u0105cy.\",\"breadcrumb\":{\"@id\":\"https:\/\/interzero.pl\/blog\/odpowiedzialny-jak-producent-czyli-w-oczekiwaniu-na-rewolucje-debata-mycompany-polska\/#breadcrumb\"},\"inLanguage\":\"en-GB\",\"potentialAction\":[{\"@type\":\"ReadAction\",\"target\":[\"https:\/\/interzero.pl\/blog\/odpowiedzialny-jak-producent-czyli-w-oczekiwaniu-na-rewolucje-debata-mycompany-polska\/\"]}]},{\"@type\":\"ImageObject\",\"inLanguage\":\"en-GB\",\"@id\":\"https:\/\/interzero.pl\/blog\/odpowiedzialny-jak-producent-czyli-w-oczekiwaniu-na-rewolucje-debata-mycompany-polska\/#primaryimage\",\"url\":\"https:\/\/interzero.pl\/wp-content\/uploads\/sites\/12\/2024\/03\/przemyslaw-kuna-mycompany.png\",\"contentUrl\":\"https:\/\/interzero.pl\/wp-content\/uploads\/sites\/12\/2024\/03\/przemyslaw-kuna-mycompany.png\",\"width\":1600,\"height\":1080,\"caption\":\"Przemys\u0142aw Kuna w debacie MyCompany Polska\"},{\"@type\":\"BreadcrumbList\",\"@id\":\"https:\/\/interzero.pl\/blog\/odpowiedzialny-jak-producent-czyli-w-oczekiwaniu-na-rewolucje-debata-mycompany-polska\/#breadcrumb\",\"itemListElement\":[{\"@type\":\"ListItem\",\"position\":1,\"name\":\"Home\",\"item\":\"https:\/\/interzero.pl\/\"},{\"@type\":\"ListItem\",\"position\":2,\"name\":\"Odpowiedzialny jak producent, czyli w oczekiwaniu na rewolucj\u0119 \u2013 debata MyCompany Polska\"}]},{\"@type\":\"WebSite\",\"@id\":\"https:\/\/interzero.pl\/#website\",\"url\":\"https:\/\/interzero.pl\/\",\"name\":\"Interzero Polska | Rozwi\u0105zania dla \u015bwiata bez odpad\u00f3w\",\"description\":\"Dostarczamy innowacyjne i kompleksowe rozwi\u0105zania  w zakresie ochrony \u015brodowiska.\",\"publisher\":{\"@id\":\"https:\/\/interzero.pl\/#organization\"},\"potentialAction\":[{\"@type\":\"SearchAction\",\"target\":{\"@type\":\"EntryPoint\",\"urlTemplate\":\"https:\/\/interzero.pl\/?s={search_term_string}\"},\"query-input\":{\"@type\":\"PropertyValueSpecification\",\"valueRequired\":true,\"valueName\":\"search_term_string\"}}],\"inLanguage\":\"en-GB\"},{\"@type\":\"Organization\",\"@id\":\"https:\/\/interzero.pl\/#organization\",\"name\":\"Interzero Polska\",\"url\":\"https:\/\/interzero.pl\/\",\"logo\":{\"@type\":\"ImageObject\",\"inLanguage\":\"en-GB\",\"@id\":\"https:\/\/interzero.pl\/#\/schema\/logo\/image\/\",\"url\":\"https:\/\/interzero.pl\/wp-content\/uploads\/sites\/12\/2024\/07\/Interzero.png\",\"contentUrl\":\"https:\/\/interzero.pl\/wp-content\/uploads\/sites\/12\/2024\/07\/Interzero.png\",\"width\":1920,\"height\":1080,\"caption\":\"Interzero Polska\"},\"image\":{\"@id\":\"https:\/\/interzero.pl\/#\/schema\/logo\/image\/\"},\"sameAs\":[\"https:\/\/www.facebook.com\/InterzeroPolska\",\"https:\/\/www.linkedin.com\/company\/interzero-zero-waste-solutions\/\"]},{\"@type\":\"Person\",\"@id\":\"https:\/\/interzero.pl\/#\/schema\/person\/bee6346cf79614311a93e78b72b564ef\",\"name\":\"Alicja Bre\u015b\",\"sameAs\":[\"Wiertnicza 165\"]}]}<\/script>\n<!-- \/ Yoast SEO plugin. -->","yoast_head_json":{"title":"Responsible as a producer or in anticipation of a revolution | Interzero Polska","description":"We invite you to read the material from the MyCompany Poland debate, in which Interzero was represented by Przemys\u0142aw Kuna, Managing Director.","robots":{"index":"index","follow":"follow","max-snippet":"max-snippet:-1","max-image-preview":"max-image-preview:large","max-video-preview":"max-video-preview:-1"},"canonical":"https:\/\/interzero.pl\/en\/blog\/odpowiedzialny-jak-producent-czyli-w-oczekiwaniu-na-rewolucje-debata-mycompany-polska\/","og_locale":"en_GB","og_type":"article","og_title":"Odpowiedzialny jak producent, czyli w oczekiwaniu na rewolucj\u0119 | Interzero","og_description":"Zapraszamy do zapoznania si\u0119 z materia\u0142em z debaty MyCompany Polska, w kt\u00f3rej Interzero reprezentowa\u0142 Przemys\u0142aw Kuna, Dyrektor Zarz\u0105dzaj\u0105cy w Interzero Polska.","og_url":"https:\/\/interzero.pl\/en\/blog\/odpowiedzialny-jak-producent-czyli-w-oczekiwaniu-na-rewolucje-debata-mycompany-polska\/","og_site_name":"Interzero Polska","article_publisher":"https:\/\/www.facebook.com\/InterzeroPolska","article_author":"Wiertnicza 165","article_published_time":"2024-03-05T09:33:32+00:00","article_modified_time":"2024-03-05T09:36:16+00:00","og_image":[{"width":1600,"height":1080,"url":"https:\/\/interzero.pl\/wp-content\/uploads\/sites\/12\/2024\/03\/przemyslaw-kuna-mycompany.png","type":"image\/png"}],"author":"Alicja Bre\u015b","twitter_card":"summary_large_image","twitter_title":"Odpowiedzialny jak producent, czyli w oczekiwaniu na rewolucj\u0119 | Interzero","twitter_description":"Zapraszamy do zapoznania si\u0119 z materia\u0142em z debaty MyCompany Polska, w kt\u00f3rej Interzero reprezentowa\u0142 Przemys\u0142aw Kuna, Dyrektor Zarz\u0105dzaj\u0105cy w Interzero Polska.","twitter_image":"https:\/\/interzero.pl\/wp-content\/uploads\/sites\/12\/2024\/03\/przemyslaw-kuna-mycompany.png","twitter_misc":{"Written by":"Alicja Bre\u015b","Estimated reading time":"2 minutes"},"schema":{"@context":"https:\/\/schema.org","@graph":[{"@type":"Article","@id":"https:\/\/interzero.pl\/blog\/odpowiedzialny-jak-producent-czyli-w-oczekiwaniu-na-rewolucje-debata-mycompany-polska\/#article","isPartOf":{"@id":"https:\/\/interzero.pl\/blog\/odpowiedzialny-jak-producent-czyli-w-oczekiwaniu-na-rewolucje-debata-mycompany-polska\/"},"author":{"name":"Alicja Bre\u015b","@id":"https:\/\/interzero.pl\/#\/schema\/person\/bee6346cf79614311a93e78b72b564ef"},"headline":"Odpowiedzialny jak producent, czyli w oczekiwaniu na rewolucj\u0119 \u2013 debata MyCompany Polska","datePublished":"2024-03-05T09:33:32+00:00","dateModified":"2024-03-05T09:36:16+00:00","mainEntityOfPage":{"@id":"https:\/\/interzero.pl\/blog\/odpowiedzialny-jak-producent-czyli-w-oczekiwaniu-na-rewolucje-debata-mycompany-polska\/"},"wordCount":311,"publisher":{"@id":"https:\/\/interzero.pl\/#organization"},"image":{"@id":"https:\/\/interzero.pl\/blog\/odpowiedzialny-jak-producent-czyli-w-oczekiwaniu-na-rewolucje-debata-mycompany-polska\/#primaryimage"},"thumbnailUrl":"https:\/\/interzero.pl\/wp-content\/uploads\/sites\/12\/2024\/03\/przemyslaw-kuna-mycompany.png","articleSection":["Bez kategorii","Aktualno\u015bci"],"inLanguage":"en-GB"},{"@type":"WebPage","@id":"https:\/\/interzero.pl\/blog\/odpowiedzialny-jak-producent-czyli-w-oczekiwaniu-na-rewolucje-debata-mycompany-polska\/","url":"https:\/\/interzero.pl\/blog\/odpowiedzialny-jak-producent-czyli-w-oczekiwaniu-na-rewolucje-debata-mycompany-polska\/","name":"Responsible as a producer or in anticipation of a revolution | Interzero Polska","isPartOf":{"@id":"https:\/\/interzero.pl\/#website"},"primaryImageOfPage":{"@id":"https:\/\/interzero.pl\/blog\/odpowiedzialny-jak-producent-czyli-w-oczekiwaniu-na-rewolucje-debata-mycompany-polska\/#primaryimage"},"image":{"@id":"https:\/\/interzero.pl\/blog\/odpowiedzialny-jak-producent-czyli-w-oczekiwaniu-na-rewolucje-debata-mycompany-polska\/#primaryimage"},"thumbnailUrl":"https:\/\/interzero.pl\/wp-content\/uploads\/sites\/12\/2024\/03\/przemyslaw-kuna-mycompany.png","datePublished":"2024-03-05T09:33:32+00:00","dateModified":"2024-03-05T09:36:16+00:00","description":"We invite you to read the material from the MyCompany Poland debate, in which Interzero was represented by Przemys\u0142aw Kuna, Managing Director.","breadcrumb":{"@id":"https:\/\/interzero.pl\/blog\/odpowiedzialny-jak-producent-czyli-w-oczekiwaniu-na-rewolucje-debata-mycompany-polska\/#breadcrumb"},"inLanguage":"en-GB","potentialAction":[{"@type":"ReadAction","target":["https:\/\/interzero.pl\/blog\/odpowiedzialny-jak-producent-czyli-w-oczekiwaniu-na-rewolucje-debata-mycompany-polska\/"]}]},{"@type":"ImageObject","inLanguage":"en-GB","@id":"https:\/\/interzero.pl\/blog\/odpowiedzialny-jak-producent-czyli-w-oczekiwaniu-na-rewolucje-debata-mycompany-polska\/#primaryimage","url":"https:\/\/interzero.pl\/wp-content\/uploads\/sites\/12\/2024\/03\/przemyslaw-kuna-mycompany.png","contentUrl":"https:\/\/interzero.pl\/wp-content\/uploads\/sites\/12\/2024\/03\/przemyslaw-kuna-mycompany.png","width":1600,"height":1080,"caption":"Przemys\u0142aw Kuna w debacie MyCompany Polska"},{"@type":"BreadcrumbList","@id":"https:\/\/interzero.pl\/blog\/odpowiedzialny-jak-producent-czyli-w-oczekiwaniu-na-rewolucje-debata-mycompany-polska\/#breadcrumb","itemListElement":[{"@type":"ListItem","position":1,"name":"Home","item":"https:\/\/interzero.pl\/"},{"@type":"ListItem","position":2,"name":"Odpowiedzialny jak producent, czyli w oczekiwaniu na rewolucj\u0119 \u2013 debata MyCompany Polska"}]},{"@type":"WebSite","@id":"https:\/\/interzero.pl\/#website","url":"https:\/\/interzero.pl\/","name":"Interzero Polska | Solutions for a world without waste","description":"We provide innovative and comprehensive environmental solutions.","publisher":{"@id":"https:\/\/interzero.pl\/#organization"},"potentialAction":[{"@type":"SearchAction","target":{"@type":"EntryPoint","urlTemplate":"https:\/\/interzero.pl\/?s={search_term_string}"},"query-input":{"@type":"PropertyValueSpecification","valueRequired":true,"valueName":"search_term_string"}}],"inLanguage":"en-GB"},{"@type":"Organization","@id":"https:\/\/interzero.pl\/#organization","name":"Interzero Poland","url":"https:\/\/interzero.pl\/","logo":{"@type":"ImageObject","inLanguage":"en-GB","@id":"https:\/\/interzero.pl\/#\/schema\/logo\/image\/","url":"https:\/\/interzero.pl\/wp-content\/uploads\/sites\/12\/2024\/07\/Interzero.png","contentUrl":"https:\/\/interzero.pl\/wp-content\/uploads\/sites\/12\/2024\/07\/Interzero.png","width":1920,"height":1080,"caption":"Interzero Polska"},"image":{"@id":"https:\/\/interzero.pl\/#\/schema\/logo\/image\/"},"sameAs":["https:\/\/www.facebook.com\/InterzeroPolska","https:\/\/www.linkedin.com\/company\/interzero-zero-waste-solutions\/"]},{"@type":"Person","@id":"https:\/\/interzero.pl\/#\/schema\/person\/bee6346cf79614311a93e78b72b564ef","name":"Alicja Bre\u015b","sameAs":["Wiertnicza 165"]}]}},"_links":{"self":[{"href":"https:\/\/interzero.pl\/en\/wp-json\/wp\/v2\/posts\/13081","targetHints":{"allow":["GET"]}}],"collection":[{"href":"https:\/\/interzero.pl\/en\/wp-json\/wp\/v2\/posts"}],"about":[{"href":"https:\/\/interzero.pl\/en\/wp-json\/wp\/v2\/types\/post"}],"author":[{"embeddable":true,"href":"https:\/\/interzero.pl\/en\/wp-json\/wp\/v2\/users\/6"}],"replies":[{"embeddable":true,"href":"https:\/\/interzero.pl\/en\/wp-json\/wp\/v2\/comments?post=13081"}],"version-history":[{"count":7,"href":"https:\/\/interzero.pl\/en\/wp-json\/wp\/v2\/posts\/13081\/revisions"}],"predecessor-version":[{"id":13098,"href":"https:\/\/interzero.pl\/en\/wp-json\/wp\/v2\/posts\/13081\/revisions\/13098"}],"wp:featuredmedia":[{"embeddable":true,"href":"https:\/\/interzero.pl\/en\/wp-json\/wp\/v2\/media\/13092"}],"wp:attachment":[{"href":"https:\/\/interzero.pl\/en\/wp-json\/wp\/v2\/media?parent=13081"}],"wp:term":[{"taxonomy":"category","embeddable":true,"href":"https:\/\/interzero.pl\/en\/wp-json\/wp\/v2\/categories?post=13081"},{"taxonomy":"post_tag","embeddable":true,"href":"https:\/\/interzero.pl\/en\/wp-json\/wp\/v2\/tags?post=13081"}],"curies":[{"name":"wp","href":"https:\/\/api.w.org\/{rel}","templated":true}]}}