{"id":12895,"date":"2024-02-18T12:25:55","date_gmt":"2024-02-18T11:25:55","guid":{"rendered":"https:\/\/interzero.pl\/?p=12895"},"modified":"2024-02-18T12:39:53","modified_gmt":"2024-02-18T11:39:53","slug":"nowy-raport-miedzy-plusem-a-minusem","status":"publish","type":"post","link":"https:\/\/interzero.pl\/en\/blog\/nowy-raport-miedzy-plusem-a-minusem\/","title":{"rendered":"New report \"Between plus and minus\""},"content":{"rendered":"<div class=\"wpb-content-wrapper\"><div data-parent=\"true\" class=\"vc_row row-container\" id=\"row-unique-0\"><div class=\"row limit-width row-parent\"><div class=\"wpb_row row-inner\"><div class=\"wpb_column pos-top pos-center align_left column_parent col-lg-6 single-internal-gutter\"><div class=\"uncol style-light\"  ><div class=\"uncoltable\"><div class=\"uncell no-block-padding\" ><div class=\"uncont\" ><div class=\"uncode-single-media  text-left\"><div class=\"single-wrapper\" style=\"max-width: 100%;\"><a class=\"single-media-link\" href=\"https:\/\/ekobezkantow.pl\/raporty\/miedzy-plusem-a-minusem\/\" target=\"_blank\" title=\"https:\/\/ekobezkantow.pl\/raporty\/miedzy-plusem-a-minusem\/\"><div class=\"tmb tmb-light  tmb-media-first tmb-media-last tmb-content-overlay tmb-no-bg\"><div class=\"t-inside\"><div class=\"t-entry-visual\"><div class=\"t-entry-visual-tc\"><div class=\"uncode-single-media-wrapper\"><img decoding=\"async\" class=\"wp-image-12902\" src=\"https:\/\/interzero.pl\/wp-content\/uploads\/sites\/12\/2024\/02\/Miedzy-plusem-a-minusem_na-pewno-do-zmieszanych.png\" width=\"950\" height=\"672\" alt=\"Mi&#281;dzy plusem a minusem_na pewno do zmieszanych\" srcset=\"https:\/\/interzero.pl\/wp-content\/uploads\/sites\/12\/2024\/02\/Miedzy-plusem-a-minusem_na-pewno-do-zmieszanych.png 950w, https:\/\/interzero.pl\/wp-content\/uploads\/sites\/12\/2024\/02\/Miedzy-plusem-a-minusem_na-pewno-do-zmieszanych-300x212.png 300w, https:\/\/interzero.pl\/wp-content\/uploads\/sites\/12\/2024\/02\/Miedzy-plusem-a-minusem_na-pewno-do-zmieszanych-768x543.png 768w, https:\/\/interzero.pl\/wp-content\/uploads\/sites\/12\/2024\/02\/Miedzy-plusem-a-minusem_na-pewno-do-zmieszanych-350x248.png 350w\" sizes=\"(max-width: 950px) 100vw, 950px\" \/><\/div>\n\t\t\t\t\t<\/div>\n\t\t\t\t<\/div><\/div><\/div><\/a><\/div><\/div><div class=\"uncode-single-media  text-left\"><div class=\"single-wrapper\" style=\"max-width: 100%;\"><a class=\"single-media-link\" href=\"https:\/\/ekobezkantow.pl\/raporty\/miedzy-plusem-a-minusem\/\" target=\"_blank\" title=\"https:\/\/ekobezkantow.pl\/raporty\/miedzy-plusem-a-minusem\/\"><div class=\"tmb tmb-light  tmb-media-first tmb-media-last tmb-content-overlay tmb-no-bg\"><div class=\"t-inside\"><div class=\"t-entry-visual\"><div class=\"t-entry-visual-tc\"><div class=\"uncode-single-media-wrapper\"><img decoding=\"async\" class=\"wp-image-12913\" src=\"https:\/\/interzero.pl\/wp-content\/uploads\/sites\/12\/2024\/02\/Miedzy-plusem-a-minusem_zasilani-bateriami.png\" width=\"950\" height=\"672\" alt=\"Nowy raport &bdquo;Mi&#281;dzy plusem a minusem&rdquo;\" srcset=\"https:\/\/interzero.pl\/wp-content\/uploads\/sites\/12\/2024\/02\/Miedzy-plusem-a-minusem_zasilani-bateriami.png 950w, https:\/\/interzero.pl\/wp-content\/uploads\/sites\/12\/2024\/02\/Miedzy-plusem-a-minusem_zasilani-bateriami-300x212.png 300w, https:\/\/interzero.pl\/wp-content\/uploads\/sites\/12\/2024\/02\/Miedzy-plusem-a-minusem_zasilani-bateriami-768x543.png 768w, https:\/\/interzero.pl\/wp-content\/uploads\/sites\/12\/2024\/02\/Miedzy-plusem-a-minusem_zasilani-bateriami-350x248.png 350w\" sizes=\"(max-width: 950px) 100vw, 950px\" \/><\/div>\n\t\t\t\t\t<\/div>\n\t\t\t\t<\/div><\/div><\/div><\/a><\/div><\/div><div class=\"uncode-single-media  text-left\"><div class=\"single-wrapper\" style=\"max-width: 100%;\"><a class=\"single-media-link\" href=\"https:\/\/ekobezkantow.pl\/raporty\/miedzy-plusem-a-minusem\/\" target=\"_blank\" title=\"https:\/\/ekobezkantow.pl\/raporty\/miedzy-plusem-a-minusem\/\"><div class=\"tmb tmb-light  tmb-media-first tmb-media-last tmb-content-overlay tmb-no-bg\"><div class=\"t-inside\"><div class=\"t-entry-visual\"><div class=\"t-entry-visual-tc\"><div class=\"uncode-single-media-wrapper\"><img decoding=\"async\" class=\"wp-image-12917\" src=\"https:\/\/interzero.pl\/wp-content\/uploads\/sites\/12\/2024\/02\/Miedzy-plusem-a-minusem_plusy-i-minusy-zuzytych-baterii.png\" width=\"950\" height=\"672\" alt=\"Nowy raport &bdquo;Mi&#281;dzy plusem a minusem&rdquo;\" srcset=\"https:\/\/interzero.pl\/wp-content\/uploads\/sites\/12\/2024\/02\/Miedzy-plusem-a-minusem_plusy-i-minusy-zuzytych-baterii.png 950w, https:\/\/interzero.pl\/wp-content\/uploads\/sites\/12\/2024\/02\/Miedzy-plusem-a-minusem_plusy-i-minusy-zuzytych-baterii-300x212.png 300w, https:\/\/interzero.pl\/wp-content\/uploads\/sites\/12\/2024\/02\/Miedzy-plusem-a-minusem_plusy-i-minusy-zuzytych-baterii-768x543.png 768w, https:\/\/interzero.pl\/wp-content\/uploads\/sites\/12\/2024\/02\/Miedzy-plusem-a-minusem_plusy-i-minusy-zuzytych-baterii-350x248.png 350w\" sizes=\"(max-width: 950px) 100vw, 950px\" \/><\/div>\n\t\t\t\t\t<\/div>\n\t\t\t\t<\/div><\/div><\/div><\/a><\/div><\/div><div class=\"uncode-single-media  text-left\"><div class=\"single-wrapper\" style=\"max-width: 100%;\"><a class=\"single-media-link\" href=\"https:\/\/ekobezkantow.pl\/raporty\/miedzy-plusem-a-minusem\/\" target=\"_blank\" title=\"https:\/\/ekobezkantow.pl\/raporty\/miedzy-plusem-a-minusem\/\"><div class=\"tmb tmb-light  tmb-media-first tmb-media-last tmb-content-overlay tmb-no-bg\"><div class=\"t-inside\"><div class=\"t-entry-visual\"><div class=\"t-entry-visual-tc\"><div class=\"uncode-single-media-wrapper\"><img decoding=\"async\" class=\"wp-image-12915\" src=\"https:\/\/interzero.pl\/wp-content\/uploads\/sites\/12\/2024\/02\/Miedzy-plusem-a-minusem_selektywna-wiedza.png\" width=\"950\" height=\"672\" alt=\"Nowy raport &bdquo;Mi&#281;dzy plusem a minusem&rdquo;\" srcset=\"https:\/\/interzero.pl\/wp-content\/uploads\/sites\/12\/2024\/02\/Miedzy-plusem-a-minusem_selektywna-wiedza.png 950w, https:\/\/interzero.pl\/wp-content\/uploads\/sites\/12\/2024\/02\/Miedzy-plusem-a-minusem_selektywna-wiedza-300x212.png 300w, https:\/\/interzero.pl\/wp-content\/uploads\/sites\/12\/2024\/02\/Miedzy-plusem-a-minusem_selektywna-wiedza-768x543.png 768w, https:\/\/interzero.pl\/wp-content\/uploads\/sites\/12\/2024\/02\/Miedzy-plusem-a-minusem_selektywna-wiedza-350x248.png 350w\" sizes=\"(max-width: 950px) 100vw, 950px\" \/><\/div>\n\t\t\t\t\t<\/div>\n\t\t\t\t<\/div><\/div><\/div><\/a><\/div><\/div><\/div><\/div><\/div><\/div><\/div><div class=\"wpb_column pos-top pos-center align_left column_parent col-lg-6 single-internal-gutter\"><div class=\"uncol style-light\"  ><div class=\"uncoltable\"><div class=\"uncell no-block-padding\" ><div class=\"uncont\" ><div class=\"uncode_text_column\" ><\/p>\n<h2><b><span data-contrast=\"none\">New Interzero report \"Between plus and minus\"<\/span><\/b><\/h2>\n<p><span data-contrast=\"none\">On the occasion of Battery Day, we are publishing a research report as part of the Eco Without Cuts campaign <strong>\"Between plus and minus - what do Poles know about batteries and how do they deal with their segregation?\"<\/strong>. The results are surprising. Despite being aware of the obligation to separate waste collection, many of us still fail to comply. <\/span><span data-contrast=\"none\">Poles perceive batteries as harmful both during production and during storage. They also considered recycling to be dangerous to the environment. Despite many fears about batteries, we do not give much thought to the power source in our devices.<\/span><span data-ccp-props=\"{&quot;134233117&quot;:false,&quot;134233118&quot;:false,&quot;201341983&quot;:0,&quot;335557856&quot;:16777215,&quot;335559738&quot;:180,&quot;335559739&quot;:0,&quot;335559740&quot;:240}\">\u00a0<\/span><\/p>\n<p><span data-contrast=\"none\">Never before in history have we produced and consumed so many batteries. According to forecasts by McKinsey &amp; Company, their market will grow at 25% per year and, in the case of lithium-ion cells, could reach 30% of annual growth by 2030. This demand is being driven by the development of portable digital technologies, energy banks or electromobility, among other things. With this rapid progress of the battery industry, the question arises about the future of managing this new waste.\u00a0<\/span><span data-ccp-props=\"{&quot;134233117&quot;:true,&quot;134233118&quot;:true,&quot;201341983&quot;:0,&quot;335557856&quot;:16777215,&quot;335559738&quot;:180,&quot;335559739&quot;:0,&quot;335559740&quot;:240}\">\u00a0<\/span><\/p>\n<p><span data-contrast=\"none\">In our latest study entitled \"<a href=\"https:\/\/ekobezkantow.pl\/raporty\/miedzy-plusem-a-minusem\/\">Between plus and minus\"<\/a> We asked about Poles' habits regarding separate collection of waste, including hazardous waste. We also wanted to know their motivations and beliefs regarding battery recycling. The fact that a significant proportion of the respondents know how to handle used batteries correctly in their declarations is a positive sign. However, serious doubts arise when it comes to more specific questions. The lack of knowledge regarding the benefits of recycling batteries and concerns about the harmfulness of this process are particularly noteworthy. The fragility of supply chains and the limited deposits of raw materials in the European Union mean that we should treat used batteries and accumulators as a strategic resource. In fact, the lithium, nickel, manganese and graphite present in the cells are of critical importance. Obtaining these elements, regardless of the source, is expensive and risky, and substituting them in technologies at this stage of development seems simply impossible. The importance of recycling in this context is therefore both a measure to protect the environment and to ensure the security of Europe's raw materials.<\/span><span data-ccp-props=\"{&quot;134233117&quot;:true,&quot;134233118&quot;:true,&quot;201341983&quot;:0,&quot;335557856&quot;:16777215,&quot;335559738&quot;:180,&quot;335559739&quot;:0,&quot;335559740&quot;:240}\">\u00a0<\/span><\/p>\n<p><span data-contrast=\"none\">What is also surprising in the \"Between plus and minus\" report is the group of young adults who were found to be less inclined towards ecological behaviour than older adults. Respondents under the age of 35 are not only less likely to separate waste, but are also more likely to doubt the sense of recycling. It is the responses of this group that should particularly stimulate reflection on the effectiveness of educational and legislative measures to date.<\/span><span data-ccp-props=\"{&quot;134233117&quot;:true,&quot;134233118&quot;:true,&quot;201341983&quot;:0,&quot;335557856&quot;:16777215,&quot;335559738&quot;:180,&quot;335559739&quot;:0,&quot;335559740&quot;:240}\">\u00a0<\/span><\/p>\n<p><span data-ccp-props=\"{}\"> You can find out more from the press release <a href=\"https:\/\/interzero.pl\/wp-content\/uploads\/sites\/12\/2024\/02\/Miedzy-plusem-a-minusem_Raport-z-badan_IP_20240216.pdf\">HERE.<\/a><\/span><\/p>\n<\/div><div class=\"uncode-single-media  text-left\"><div class=\"single-wrapper\" style=\"max-width: 100%;\"><div class=\"tmb tmb-light  tmb-media-first tmb-media-last tmb-content-overlay tmb-no-bg\"><div class=\"t-inside\"><div class=\"t-entry-visual\"><div class=\"t-entry-visual-tc\"><div class=\"uncode-single-media-wrapper\"><img decoding=\"async\" class=\"wp-image-12904\" src=\"https:\/\/interzero.pl\/wp-content\/uploads\/sites\/12\/2024\/02\/Miedzy-plusem-a-minusem_podsumowanie_2.png\" width=\"950\" height=\"672\" alt=\"Podsumowanie raportu Interzero\" srcset=\"https:\/\/interzero.pl\/wp-content\/uploads\/sites\/12\/2024\/02\/Miedzy-plusem-a-minusem_podsumowanie_2.png 950w, https:\/\/interzero.pl\/wp-content\/uploads\/sites\/12\/2024\/02\/Miedzy-plusem-a-minusem_podsumowanie_2-300x212.png 300w, https:\/\/interzero.pl\/wp-content\/uploads\/sites\/12\/2024\/02\/Miedzy-plusem-a-minusem_podsumowanie_2-768x543.png 768w, https:\/\/interzero.pl\/wp-content\/uploads\/sites\/12\/2024\/02\/Miedzy-plusem-a-minusem_podsumowanie_2-350x248.png 350w\" sizes=\"(max-width: 950px) 100vw, 950px\" \/><\/div>\n\t\t\t\t\t<\/div>\n\t\t\t\t<\/div><\/div><\/div><\/div><\/div><\/div><\/div><\/div><\/div><\/div><script id=\"script-row-unique-0\" data-row=\"script-row-unique-0\" type=\"text\/javascript\" class=\"vc_controls\">UNCODE.initRow(document.getElementById(\"row-unique-0\"));<\/script><\/div><\/div><\/div><div data-parent=\"true\" class=\"vc_row row-container\" id=\"row-unique-1\"><div class=\"row limit-width row-parent\"><div class=\"wpb_row row-inner\"><div class=\"wpb_column pos-top pos-center align_left column_parent col-lg-12 single-internal-gutter\"><div class=\"uncol style-light\"  ><div class=\"uncoltable\"><div class=\"uncell no-block-padding\" ><div class=\"uncont\" ><\/div><\/div><\/div><\/div><\/div><script id=\"script-row-unique-1\" data-row=\"script-row-unique-1\" type=\"text\/javascript\" class=\"vc_controls\">UNCODE.initRow(document.getElementById(\"row-unique-1\"));<\/script><\/div><\/div><\/div>\n<\/div>","protected":false},"excerpt":{"rendered":"<p>On the occasion of Battery Day, Interzero, as part of its Eco Without Cuts campaign, is releasing the research report \"Between plus and minus - what do Poles know about batteries and how do they manage their segregation?\".<\/p>","protected":false},"author":6,"featured_media":12923,"comment_status":"closed","ping_status":"closed","sticky":false,"template":"","format":"standard","meta":{"_acf_changed":false,"inline_featured_image":false,"footnotes":""},"categories":[1,32],"tags":[],"class_list":["post-12895","post","type-post","status-publish","format-standard","has-post-thumbnail","hentry","category-bez-kategorii","category-aktualnosci"],"acf":[],"cp_meta_data":{"_wpml_media_featured":["1"],"_wpml_media_duplicate":["1"],"_edit_lock":["1708256321:6"],"_edit_last":["6"],"_uncode_specific_main_width":["a:2:{i:0;s:4:\"1200\";i:1;s:2:\"px\";}"],"_uncode_specific_menu_remove":["off"],"_uncode_specific_menu_opaque":["off"],"_uncode_specific_menu_no_shadow":["off"],"_uncode_blocks_list":["5704"],"_uncode_header_full_width":["on"],"_uncode_header_height":["a:2:{i:0;s:2:\"50\";i:1;s:1:\"%\";}"],"_uncode_header_title":["on"],"_uncode_header_title_custom":["off"],"_uncode_header_style":["dark"],"_uncode_header_content_width":["off"],"_uncode_header_custom_width":["100"],"_uncode_header_align":["left"],"_uncode_header_position":["header-center header-middle"],"_uncode_header_title_size":["h1"],"_uncode_header_title_italic":["off"],"_uncode_header_featured":["on"],"_uncode_header_background":["a:6:{s:16:\"background-color\";s:10:\"color-wayh\";s:17:\"background-repeat\";s:0:\"\";s:21:\"background-attachment\";s:0:\"\";s:19:\"background-position\";s:0:\"\";s:15:\"background-size\";s:0:\"\";s:16:\"background-image\";s:0:\"\";}"],"_uncode_header_parallax":["off"],"_uncode_header_overlay_color_alpha":["100"],"_uncode_header_scroll_opacity":["off"],"_uncode_header_scrolldown":["off"],"_uncode_specific_layout_width_custom":["a:2:{i:0;s:0:\"\";i:1;s:2:\"px\";}"],"_uncode_specific_media":["off"],"_uncode_specific_tags_align":["left"],"_uncode_sidebar_position":["sidebar_right"],"_uncode_sidebar_size":["4"],"_uncode_sidebar_sticky":["off"],"_uncode_sidebar_fill":["off"],"_uncode_specific_copy_hide":["off"],"_uncode_specific_footer_uparrow_hide":["off"],"_uncode_secondary_thumbnail_id":["0"],"_uncode_header_type":["header_uncodeblock"],"_uncode_menu_no_padding":["on"],"_uncode_menu_no_padding_mobile":["off"],"_wpb_vc_js_status":["true"],"cmplz_hide_cookiebanner":[""],"_wp_old_date":["2023-02-15"],"_uncode_fullpage_type":["curtain"],"_uncode_fullpage_opacity":["off"],"_uncode_scroll_dots":["off"],"_uncode_empty_dots":["off"],"_uncode_scroll_history":["off"],"_uncode_scroll_safe_padding":["on"],"_uncode_scroll_additional_padding":["0"],"_uncode_fullpage_mobile":["off"],"_uncode_scroll_snap":["off"],"_yoast_wpseo_content_score":["30"],"_yoast_wpseo_estimated-reading-time-minutes":["3"],"_yoast_wpseo_wordproof_timestamp":[""],"_yoast_wpseo_primary_category":[""],"_wpml_word_count":["{\"total\":566,\"to_translate\":{\"en\":182}}"],"_wpml_location_migration_done":["1"],"_wp_old_slug":["ekologiczne-opakowanie-twojego-produktu-made-for-recykling-i-pieluszki-bambiboo"],"_oembed_e412b5d5f3f9cbaf4aaff94b08065643":["{{unknown}}"],"_oembed_85cb3688a0c607d1cc50c3c364b2971f":["{{unknown}}"],"_oembed_1305493e57dec6513bbd2a3f1fb38792":["{{unknown}}"],"_yoast_wpseo_metadesc":["Z okazji Dnia Baterii, w ramach kampanii Eko bez kant\u00f3w, publikujemy raport z bada\u0144 \u201cMi\u0119dzy plusem a minusem - co Polacy wiedz\u0105 o bateriach i jak sobie radz\u0105 z ich segregacj\u0105?\u201d. Wyniki s\u0105 zaskakuj\u0105ce - warto to sprawdzi\u0107."],"_yoast_wpseo_focuskw":["Nowy raport \u201eMi\u0119dzy plusem a minusem\u201d"],"_yoast_wpseo_title":["Nowy raport Interzero \u201eMi\u0119dzy plusem a minusem\u201d"],"_yoast_wpseo_linkdex":["69"],"_oembed_7cda0e571b8f2d6dce543161cb847c65":["{{unknown}}"],"_oembed_cb0273886301be0514147a5433e05ebc":["<blockquote class=\"wp-embedded-content\" data-secret=\"Edm1mol0vz\"><a href=\"https:\/\/interzero.pl\/uslugi\/made4loop-system-depozytowy-opakowan-wielokrotnego-uzytku\/\">Made4Loop \u2013 system depozytowy opakowa\u0144 wielokrotnego u\u017cytku<\/a><\/blockquote><iframe class=\"wp-embedded-content\" sandbox=\"allow-scripts\" security=\"restricted\" style=\"position: absolute; clip: rect(1px, 1px, 1px, 1px);\" title=\"&#8222;Made4Loop \u2013 system depozytowy opakowa\u0144 wielokrotnego u\u017cytku&#8221; &#8212; Interzero Polska\" src=\"https:\/\/interzero.pl\/uslugi\/made4loop-system-depozytowy-opakowan-wielokrotnego-uzytku\/embed\/#?secret=eNDFRbKgrg#?secret=Edm1mol0vz\" data-secret=\"Edm1mol0vz\" width=\"361\" height=\"204\" frameborder=\"0\" marginwidth=\"0\" marginheight=\"0\" scrolling=\"no\"><\/iframe>"],"_oembed_time_cb0273886301be0514147a5433e05ebc":["1704445627"],"_yoast_wpseo_opengraph-title":["Nowy raport Interzero \u201eMi\u0119dzy plusem a minusem\u201d"],"_yoast_wpseo_opengraph-description":["Z okazji Dnia Baterii, w ramach kampanii Eko bez kant\u00f3w, publikujemy raport z bada\u0144 \u201cMi\u0119dzy plusem a minusem - co Polacy wiedz\u0105 o bateriach i jak sobie radz\u0105 z ich segregacj\u0105?\u201d. Wyniki s\u0105 zaskakuj\u0105ce - warto to sprawdzi\u0107."],"_yoast_wpseo_opengraph-image":["https:\/\/interzero.pl\/wp-content\/uploads\/sites\/12\/2024\/02\/Miedzy-plusem-a-minusem_na-pewno-do-zmieszanych.png"],"_yoast_wpseo_opengraph-image-id":["12902"],"_yoast_wpseo_twitter-title":["Nowy raport Interzero \u201eMi\u0119dzy plusem a minusem\u201d"],"_yoast_wpseo_twitter-description":["Z okazji Dnia Baterii, w ramach kampanii Eko bez kant\u00f3w, publikujemy raport z bada\u0144 \u201cMi\u0119dzy plusem a minusem - co Polacy wiedz\u0105 o bateriach i jak sobie radz\u0105 z ich segregacj\u0105?\u201d. Wyniki s\u0105 zaskakuj\u0105ce - warto to sprawdzi\u0107."],"_yoast_wpseo_twitter-image":["https:\/\/interzero.pl\/wp-content\/uploads\/sites\/12\/2024\/02\/Miedzy-plusem-a-minusem_na-pewno-do-zmieszanych.png"],"_yoast_wpseo_twitter-image-id":["12902"],"_thumbnail_id":["12923"],"ao_post_optimize":["a:6:{s:16:\"ao_post_optimize\";s:2:\"on\";s:19:\"ao_post_js_optimize\";s:2:\"on\";s:20:\"ao_post_css_optimize\";s:2:\"on\";s:12:\"ao_post_ccss\";s:2:\"on\";s:16:\"ao_post_lazyload\";s:2:\"on\";s:15:\"ao_post_preload\";s:0:\"\";}"],"_wpml_media_has_media":["1"]},"yoast_head":"<!-- This site is optimized with the Yoast SEO plugin v26.4 - https:\/\/yoast.com\/wordpress\/plugins\/seo\/ -->\n<title>Nowy raport Interzero \u201eMi\u0119dzy plusem a minusem\u201d<\/title>\n<meta name=\"description\" content=\"Z okazji Dnia Baterii, w ramach kampanii Eko bez kant\u00f3w, publikujemy raport z bada\u0144 \u201cMi\u0119dzy plusem a minusem - co Polacy wiedz\u0105 o bateriach i jak sobie radz\u0105 z ich segregacj\u0105?\u201d. Wyniki s\u0105 zaskakuj\u0105ce - warto to sprawdzi\u0107.\" \/>\n<meta name=\"robots\" content=\"index, follow, max-snippet:-1, max-image-preview:large, max-video-preview:-1\" \/>\n<link rel=\"canonical\" href=\"https:\/\/interzero.pl\/en\/blog\/nowy-raport-miedzy-plusem-a-minusem\/\" \/>\n<meta property=\"og:locale\" content=\"en_GB\" \/>\n<meta property=\"og:type\" content=\"article\" \/>\n<meta property=\"og:title\" content=\"Nowy raport Interzero \u201eMi\u0119dzy plusem a minusem\u201d\" \/>\n<meta property=\"og:description\" content=\"Z okazji Dnia Baterii, w ramach kampanii Eko bez kant\u00f3w, publikujemy raport z bada\u0144 \u201cMi\u0119dzy plusem a minusem - co Polacy wiedz\u0105 o bateriach i jak sobie radz\u0105 z ich segregacj\u0105?\u201d. Wyniki s\u0105 zaskakuj\u0105ce - warto to sprawdzi\u0107.\" \/>\n<meta property=\"og:url\" content=\"https:\/\/interzero.pl\/en\/blog\/nowy-raport-miedzy-plusem-a-minusem\/\" \/>\n<meta property=\"og:site_name\" content=\"Interzero Polska\" \/>\n<meta property=\"article:publisher\" content=\"https:\/\/www.facebook.com\/InterzeroPolska\" \/>\n<meta property=\"article:author\" content=\"Wiertnicza 165\" \/>\n<meta property=\"article:published_time\" content=\"2024-02-18T11:25:55+00:00\" \/>\n<meta property=\"article:modified_time\" content=\"2024-02-18T11:39:53+00:00\" \/>\n<meta property=\"og:image\" content=\"https:\/\/interzero.pl\/wp-content\/uploads\/sites\/12\/2024\/02\/Miedzy-plusem-a-minusem_na-pewno-do-zmieszanych.png\" \/>\n\t<meta property=\"og:image:width\" content=\"950\" \/>\n\t<meta property=\"og:image:height\" content=\"672\" \/>\n\t<meta property=\"og:image:type\" content=\"image\/png\" \/>\n<meta name=\"author\" content=\"Alicja Bre\u015b\" \/>\n<meta name=\"twitter:card\" content=\"summary_large_image\" \/>\n<meta name=\"twitter:title\" content=\"Nowy raport Interzero \u201eMi\u0119dzy plusem a minusem\u201d\" \/>\n<meta name=\"twitter:description\" content=\"Z okazji Dnia Baterii, w ramach kampanii Eko bez kant\u00f3w, publikujemy raport z bada\u0144 \u201cMi\u0119dzy plusem a minusem - co Polacy wiedz\u0105 o bateriach i jak sobie radz\u0105 z ich segregacj\u0105?\u201d. Wyniki s\u0105 zaskakuj\u0105ce - warto to sprawdzi\u0107.\" \/>\n<meta name=\"twitter:image\" content=\"https:\/\/interzero.pl\/wp-content\/uploads\/sites\/12\/2024\/02\/Miedzy-plusem-a-minusem_na-pewno-do-zmieszanych.png\" \/>\n<meta name=\"twitter:label1\" content=\"Written by\" \/>\n\t<meta name=\"twitter:data1\" content=\"Alicja Bre\u015b\" \/>\n\t<meta name=\"twitter:label2\" content=\"Estimated reading time\" \/>\n\t<meta name=\"twitter:data2\" content=\"3 minutes\" \/>\n<script type=\"application\/ld+json\" class=\"yoast-schema-graph\">{\"@context\":\"https:\/\/schema.org\",\"@graph\":[{\"@type\":\"Article\",\"@id\":\"https:\/\/interzero.pl\/blog\/nowy-raport-miedzy-plusem-a-minusem\/#article\",\"isPartOf\":{\"@id\":\"https:\/\/interzero.pl\/blog\/nowy-raport-miedzy-plusem-a-minusem\/\"},\"author\":{\"name\":\"Alicja Bre\u015b\",\"@id\":\"https:\/\/interzero.pl\/#\/schema\/person\/bee6346cf79614311a93e78b72b564ef\"},\"headline\":\"Nowy raport \u201eMi\u0119dzy plusem a minusem\u201d\",\"datePublished\":\"2024-02-18T11:25:55+00:00\",\"dateModified\":\"2024-02-18T11:39:53+00:00\",\"mainEntityOfPage\":{\"@id\":\"https:\/\/interzero.pl\/blog\/nowy-raport-miedzy-plusem-a-minusem\/\"},\"wordCount\":643,\"publisher\":{\"@id\":\"https:\/\/interzero.pl\/#organization\"},\"image\":{\"@id\":\"https:\/\/interzero.pl\/blog\/nowy-raport-miedzy-plusem-a-minusem\/#primaryimage\"},\"thumbnailUrl\":\"https:\/\/interzero.pl\/wp-content\/uploads\/sites\/12\/2024\/02\/Miedzy-plusem-a-minusem_Interzero.png\",\"articleSection\":[\"Bez kategorii\",\"Aktualno\u015bci\"],\"inLanguage\":\"en-GB\"},{\"@type\":\"WebPage\",\"@id\":\"https:\/\/interzero.pl\/blog\/nowy-raport-miedzy-plusem-a-minusem\/\",\"url\":\"https:\/\/interzero.pl\/blog\/nowy-raport-miedzy-plusem-a-minusem\/\",\"name\":\"Nowy raport Interzero \u201eMi\u0119dzy plusem a minusem\u201d\",\"isPartOf\":{\"@id\":\"https:\/\/interzero.pl\/#website\"},\"primaryImageOfPage\":{\"@id\":\"https:\/\/interzero.pl\/blog\/nowy-raport-miedzy-plusem-a-minusem\/#primaryimage\"},\"image\":{\"@id\":\"https:\/\/interzero.pl\/blog\/nowy-raport-miedzy-plusem-a-minusem\/#primaryimage\"},\"thumbnailUrl\":\"https:\/\/interzero.pl\/wp-content\/uploads\/sites\/12\/2024\/02\/Miedzy-plusem-a-minusem_Interzero.png\",\"datePublished\":\"2024-02-18T11:25:55+00:00\",\"dateModified\":\"2024-02-18T11:39:53+00:00\",\"description\":\"Z okazji Dnia Baterii, w ramach kampanii Eko bez kant\u00f3w, publikujemy raport z bada\u0144 \u201cMi\u0119dzy plusem a minusem - co Polacy wiedz\u0105 o bateriach i jak sobie radz\u0105 z ich segregacj\u0105?\u201d. Wyniki s\u0105 zaskakuj\u0105ce - warto to sprawdzi\u0107.\",\"breadcrumb\":{\"@id\":\"https:\/\/interzero.pl\/blog\/nowy-raport-miedzy-plusem-a-minusem\/#breadcrumb\"},\"inLanguage\":\"en-GB\",\"potentialAction\":[{\"@type\":\"ReadAction\",\"target\":[\"https:\/\/interzero.pl\/blog\/nowy-raport-miedzy-plusem-a-minusem\/\"]}]},{\"@type\":\"ImageObject\",\"inLanguage\":\"en-GB\",\"@id\":\"https:\/\/interzero.pl\/blog\/nowy-raport-miedzy-plusem-a-minusem\/#primaryimage\",\"url\":\"https:\/\/interzero.pl\/wp-content\/uploads\/sites\/12\/2024\/02\/Miedzy-plusem-a-minusem_Interzero.png\",\"contentUrl\":\"https:\/\/interzero.pl\/wp-content\/uploads\/sites\/12\/2024\/02\/Miedzy-plusem-a-minusem_Interzero.png\",\"width\":883,\"height\":612,\"caption\":\"Nowy raport \u201eMi\u0119dzy plusem a minusem\u201d\"},{\"@type\":\"BreadcrumbList\",\"@id\":\"https:\/\/interzero.pl\/blog\/nowy-raport-miedzy-plusem-a-minusem\/#breadcrumb\",\"itemListElement\":[{\"@type\":\"ListItem\",\"position\":1,\"name\":\"Home\",\"item\":\"https:\/\/interzero.pl\/\"},{\"@type\":\"ListItem\",\"position\":2,\"name\":\"Nowy raport \u201eMi\u0119dzy plusem a minusem\u201d\"}]},{\"@type\":\"WebSite\",\"@id\":\"https:\/\/interzero.pl\/#website\",\"url\":\"https:\/\/interzero.pl\/\",\"name\":\"Interzero Polska | Rozwi\u0105zania dla \u015bwiata bez odpad\u00f3w\",\"description\":\"Dostarczamy innowacyjne i kompleksowe rozwi\u0105zania  w zakresie ochrony \u015brodowiska.\",\"publisher\":{\"@id\":\"https:\/\/interzero.pl\/#organization\"},\"potentialAction\":[{\"@type\":\"SearchAction\",\"target\":{\"@type\":\"EntryPoint\",\"urlTemplate\":\"https:\/\/interzero.pl\/?s={search_term_string}\"},\"query-input\":{\"@type\":\"PropertyValueSpecification\",\"valueRequired\":true,\"valueName\":\"search_term_string\"}}],\"inLanguage\":\"en-GB\"},{\"@type\":\"Organization\",\"@id\":\"https:\/\/interzero.pl\/#organization\",\"name\":\"Interzero Polska\",\"url\":\"https:\/\/interzero.pl\/\",\"logo\":{\"@type\":\"ImageObject\",\"inLanguage\":\"en-GB\",\"@id\":\"https:\/\/interzero.pl\/#\/schema\/logo\/image\/\",\"url\":\"https:\/\/interzero.pl\/wp-content\/uploads\/sites\/12\/2024\/07\/Interzero.png\",\"contentUrl\":\"https:\/\/interzero.pl\/wp-content\/uploads\/sites\/12\/2024\/07\/Interzero.png\",\"width\":1920,\"height\":1080,\"caption\":\"Interzero Polska\"},\"image\":{\"@id\":\"https:\/\/interzero.pl\/#\/schema\/logo\/image\/\"},\"sameAs\":[\"https:\/\/www.facebook.com\/InterzeroPolska\",\"https:\/\/www.linkedin.com\/company\/interzero-zero-waste-solutions\/\"]},{\"@type\":\"Person\",\"@id\":\"https:\/\/interzero.pl\/#\/schema\/person\/bee6346cf79614311a93e78b72b564ef\",\"name\":\"Alicja Bre\u015b\",\"sameAs\":[\"Wiertnicza 165\"]}]}<\/script>\n<!-- \/ Yoast SEO plugin. -->","yoast_head_json":{"title":"New Interzero report \"Between plus and minus\"","description":"On the occasion of Battery Day, as part of the Eko bez kant\u00f3w campaign, we are publishing a research report entitled \"Between plus and minus - what do Poles know about batteries and how do they manage to segregate them?\". The results are surprising - well worth checking out.","robots":{"index":"index","follow":"follow","max-snippet":"max-snippet:-1","max-image-preview":"max-image-preview:large","max-video-preview":"max-video-preview:-1"},"canonical":"https:\/\/interzero.pl\/en\/blog\/nowy-raport-miedzy-plusem-a-minusem\/","og_locale":"en_GB","og_type":"article","og_title":"Nowy raport Interzero \u201eMi\u0119dzy plusem a minusem\u201d","og_description":"Z okazji Dnia Baterii, w ramach kampanii Eko bez kant\u00f3w, publikujemy raport z bada\u0144 \u201cMi\u0119dzy plusem a minusem - co Polacy wiedz\u0105 o bateriach i jak sobie radz\u0105 z ich segregacj\u0105?\u201d. Wyniki s\u0105 zaskakuj\u0105ce - warto to sprawdzi\u0107.","og_url":"https:\/\/interzero.pl\/en\/blog\/nowy-raport-miedzy-plusem-a-minusem\/","og_site_name":"Interzero Polska","article_publisher":"https:\/\/www.facebook.com\/InterzeroPolska","article_author":"Wiertnicza 165","article_published_time":"2024-02-18T11:25:55+00:00","article_modified_time":"2024-02-18T11:39:53+00:00","og_image":[{"width":950,"height":672,"url":"https:\/\/interzero.pl\/wp-content\/uploads\/sites\/12\/2024\/02\/Miedzy-plusem-a-minusem_na-pewno-do-zmieszanych.png","type":"image\/png"}],"author":"Alicja Bre\u015b","twitter_card":"summary_large_image","twitter_title":"Nowy raport Interzero \u201eMi\u0119dzy plusem a minusem\u201d","twitter_description":"Z okazji Dnia Baterii, w ramach kampanii Eko bez kant\u00f3w, publikujemy raport z bada\u0144 \u201cMi\u0119dzy plusem a minusem - co Polacy wiedz\u0105 o bateriach i jak sobie radz\u0105 z ich segregacj\u0105?\u201d. Wyniki s\u0105 zaskakuj\u0105ce - warto to sprawdzi\u0107.","twitter_image":"https:\/\/interzero.pl\/wp-content\/uploads\/sites\/12\/2024\/02\/Miedzy-plusem-a-minusem_na-pewno-do-zmieszanych.png","twitter_misc":{"Written by":"Alicja Bre\u015b","Estimated reading time":"3 minutes"},"schema":{"@context":"https:\/\/schema.org","@graph":[{"@type":"Article","@id":"https:\/\/interzero.pl\/blog\/nowy-raport-miedzy-plusem-a-minusem\/#article","isPartOf":{"@id":"https:\/\/interzero.pl\/blog\/nowy-raport-miedzy-plusem-a-minusem\/"},"author":{"name":"Alicja Bre\u015b","@id":"https:\/\/interzero.pl\/#\/schema\/person\/bee6346cf79614311a93e78b72b564ef"},"headline":"Nowy raport \u201eMi\u0119dzy plusem a minusem\u201d","datePublished":"2024-02-18T11:25:55+00:00","dateModified":"2024-02-18T11:39:53+00:00","mainEntityOfPage":{"@id":"https:\/\/interzero.pl\/blog\/nowy-raport-miedzy-plusem-a-minusem\/"},"wordCount":643,"publisher":{"@id":"https:\/\/interzero.pl\/#organization"},"image":{"@id":"https:\/\/interzero.pl\/blog\/nowy-raport-miedzy-plusem-a-minusem\/#primaryimage"},"thumbnailUrl":"https:\/\/interzero.pl\/wp-content\/uploads\/sites\/12\/2024\/02\/Miedzy-plusem-a-minusem_Interzero.png","articleSection":["Bez kategorii","Aktualno\u015bci"],"inLanguage":"en-GB"},{"@type":"WebPage","@id":"https:\/\/interzero.pl\/blog\/nowy-raport-miedzy-plusem-a-minusem\/","url":"https:\/\/interzero.pl\/blog\/nowy-raport-miedzy-plusem-a-minusem\/","name":"New Interzero report \"Between plus and minus\"","isPartOf":{"@id":"https:\/\/interzero.pl\/#website"},"primaryImageOfPage":{"@id":"https:\/\/interzero.pl\/blog\/nowy-raport-miedzy-plusem-a-minusem\/#primaryimage"},"image":{"@id":"https:\/\/interzero.pl\/blog\/nowy-raport-miedzy-plusem-a-minusem\/#primaryimage"},"thumbnailUrl":"https:\/\/interzero.pl\/wp-content\/uploads\/sites\/12\/2024\/02\/Miedzy-plusem-a-minusem_Interzero.png","datePublished":"2024-02-18T11:25:55+00:00","dateModified":"2024-02-18T11:39:53+00:00","description":"On the occasion of Battery Day, as part of the Eko bez kant\u00f3w campaign, we are publishing a research report entitled \"Between plus and minus - what do Poles know about batteries and how do they manage to segregate them?\". The results are surprising - well worth checking out.","breadcrumb":{"@id":"https:\/\/interzero.pl\/blog\/nowy-raport-miedzy-plusem-a-minusem\/#breadcrumb"},"inLanguage":"en-GB","potentialAction":[{"@type":"ReadAction","target":["https:\/\/interzero.pl\/blog\/nowy-raport-miedzy-plusem-a-minusem\/"]}]},{"@type":"ImageObject","inLanguage":"en-GB","@id":"https:\/\/interzero.pl\/blog\/nowy-raport-miedzy-plusem-a-minusem\/#primaryimage","url":"https:\/\/interzero.pl\/wp-content\/uploads\/sites\/12\/2024\/02\/Miedzy-plusem-a-minusem_Interzero.png","contentUrl":"https:\/\/interzero.pl\/wp-content\/uploads\/sites\/12\/2024\/02\/Miedzy-plusem-a-minusem_Interzero.png","width":883,"height":612,"caption":"Nowy raport \u201eMi\u0119dzy plusem a minusem\u201d"},{"@type":"BreadcrumbList","@id":"https:\/\/interzero.pl\/blog\/nowy-raport-miedzy-plusem-a-minusem\/#breadcrumb","itemListElement":[{"@type":"ListItem","position":1,"name":"Home","item":"https:\/\/interzero.pl\/"},{"@type":"ListItem","position":2,"name":"Nowy raport \u201eMi\u0119dzy plusem a minusem\u201d"}]},{"@type":"WebSite","@id":"https:\/\/interzero.pl\/#website","url":"https:\/\/interzero.pl\/","name":"Interzero Polska | Solutions for a world without waste","description":"We provide innovative and comprehensive environmental solutions.","publisher":{"@id":"https:\/\/interzero.pl\/#organization"},"potentialAction":[{"@type":"SearchAction","target":{"@type":"EntryPoint","urlTemplate":"https:\/\/interzero.pl\/?s={search_term_string}"},"query-input":{"@type":"PropertyValueSpecification","valueRequired":true,"valueName":"search_term_string"}}],"inLanguage":"en-GB"},{"@type":"Organization","@id":"https:\/\/interzero.pl\/#organization","name":"Interzero Poland","url":"https:\/\/interzero.pl\/","logo":{"@type":"ImageObject","inLanguage":"en-GB","@id":"https:\/\/interzero.pl\/#\/schema\/logo\/image\/","url":"https:\/\/interzero.pl\/wp-content\/uploads\/sites\/12\/2024\/07\/Interzero.png","contentUrl":"https:\/\/interzero.pl\/wp-content\/uploads\/sites\/12\/2024\/07\/Interzero.png","width":1920,"height":1080,"caption":"Interzero Polska"},"image":{"@id":"https:\/\/interzero.pl\/#\/schema\/logo\/image\/"},"sameAs":["https:\/\/www.facebook.com\/InterzeroPolska","https:\/\/www.linkedin.com\/company\/interzero-zero-waste-solutions\/"]},{"@type":"Person","@id":"https:\/\/interzero.pl\/#\/schema\/person\/bee6346cf79614311a93e78b72b564ef","name":"Alicja Bre\u015b","sameAs":["Wiertnicza 165"]}]}},"_links":{"self":[{"href":"https:\/\/interzero.pl\/en\/wp-json\/wp\/v2\/posts\/12895","targetHints":{"allow":["GET"]}}],"collection":[{"href":"https:\/\/interzero.pl\/en\/wp-json\/wp\/v2\/posts"}],"about":[{"href":"https:\/\/interzero.pl\/en\/wp-json\/wp\/v2\/types\/post"}],"author":[{"embeddable":true,"href":"https:\/\/interzero.pl\/en\/wp-json\/wp\/v2\/users\/6"}],"replies":[{"embeddable":true,"href":"https:\/\/interzero.pl\/en\/wp-json\/wp\/v2\/comments?post=12895"}],"version-history":[{"count":7,"href":"https:\/\/interzero.pl\/en\/wp-json\/wp\/v2\/posts\/12895\/revisions"}],"predecessor-version":[{"id":12922,"href":"https:\/\/interzero.pl\/en\/wp-json\/wp\/v2\/posts\/12895\/revisions\/12922"}],"wp:featuredmedia":[{"embeddable":true,"href":"https:\/\/interzero.pl\/en\/wp-json\/wp\/v2\/media\/12923"}],"wp:attachment":[{"href":"https:\/\/interzero.pl\/en\/wp-json\/wp\/v2\/media?parent=12895"}],"wp:term":[{"taxonomy":"category","embeddable":true,"href":"https:\/\/interzero.pl\/en\/wp-json\/wp\/v2\/categories?post=12895"},{"taxonomy":"post_tag","embeddable":true,"href":"https:\/\/interzero.pl\/en\/wp-json\/wp\/v2\/tags?post=12895"}],"curies":[{"name":"wp","href":"https:\/\/api.w.org\/{rel}","templated":true}]}}