{"id":11629,"date":"2023-12-11T11:03:47","date_gmt":"2023-12-11T10:03:47","guid":{"rendered":"https:\/\/interzero.pl\/?p=11629"},"modified":"2023-12-11T15:33:24","modified_gmt":"2023-12-11T14:33:24","slug":"podsumowanie-targow-zero-waste-2023","status":"publish","type":"post","link":"https:\/\/interzero.pl\/en\/blog\/podsumowanie-targow-zero-waste-2023\/","title":{"rendered":"Summary of the Zero Waste 2023 Fair"},"content":{"rendered":"<div class=\"wpb-content-wrapper\"><div data-parent=\"true\" class=\"vc_row row-container\" id=\"row-unique-0\"><div class=\"row limit-width row-parent\"><div class=\"wpb_row row-inner\"><div class=\"wpb_column pos-top pos-center align_left column_parent col-lg-6 single-internal-gutter\"><div class=\"uncol style-light\"  ><div class=\"uncoltable\"><div class=\"uncell no-block-padding\" ><div class=\"uncont\" ><div class=\"uncode-single-media  text-left\"><div class=\"single-wrapper\" style=\"max-width: 100%;\"><a class=\"single-media-link\" href=\"http:\/\/targi-zerowaste.pl\/\" target=\"_blank\"><div class=\"tmb tmb-light  tmb-media-first tmb-media-last tmb-content-overlay tmb-no-bg\"><div class=\"t-inside\"><div class=\"t-entry-visual\"><div class=\"t-entry-visual-tc\"><div class=\"uncode-single-media-wrapper\"><img decoding=\"async\" class=\"wp-image-11633\" src=\"https:\/\/interzero.pl\/wp-content\/uploads\/sites\/12\/2023\/12\/targi-zero-waste.png\" width=\"1600\" height=\"1080\" alt=\"zdjecia ludzie targi zero waste\" srcset=\"https:\/\/interzero.pl\/wp-content\/uploads\/sites\/12\/2023\/12\/targi-zero-waste.png 1600w, https:\/\/interzero.pl\/wp-content\/uploads\/sites\/12\/2023\/12\/targi-zero-waste-300x203.png 300w, https:\/\/interzero.pl\/wp-content\/uploads\/sites\/12\/2023\/12\/targi-zero-waste-1024x691.png 1024w, https:\/\/interzero.pl\/wp-content\/uploads\/sites\/12\/2023\/12\/targi-zero-waste-768x518.png 768w, https:\/\/interzero.pl\/wp-content\/uploads\/sites\/12\/2023\/12\/targi-zero-waste-1536x1037.png 1536w, https:\/\/interzero.pl\/wp-content\/uploads\/sites\/12\/2023\/12\/targi-zero-waste-350x236.png 350w\" sizes=\"(max-width: 1600px) 100vw, 1600px\" \/><\/div>\n\t\t\t\t\t<\/div>\n\t\t\t\t<\/div><\/div><\/div><\/a><\/div><\/div><\/div><\/div><\/div><\/div><\/div><div class=\"wpb_column pos-top pos-center align_left column_parent col-lg-6 single-internal-gutter\"><div class=\"uncol style-light\"  ><div class=\"uncoltable\"><div class=\"uncell no-block-padding\" ><div class=\"uncont\" ><div class=\"uncode_text_column\" ><\/p>\n<h3><strong>Summary of the Zero Waste 2023 Fair<\/strong><\/h3>\n<p><a href=\"http:\/\/targi-zerowaste.pl\/\">Zero Waste Fair<\/a> is an annual event that attracts enthusiasts of ecology and sustainable living. It is a unique event where we can meet truly committed creatives, participate in workshops that facilitate the transition to an ecological path and take part in the collection of objects that we no longer need but can find a new life in the hands of others.<\/p>\n<p>This year we met on 2 December. It's time to take stock of our participation in the fair!<\/p>\n<p><a href=\"https:\/\/interzero.pl\/en\/blog\/targi-zero-waste-2023-interzero\/\">At the Interzero stand you could:<\/a><\/p>\n<ul>\n<li>Replace electro-waste with plants,<\/li>\n<li>Take part in a flow workshop to rescue stranded socks,<\/li>\n<li>Exchange items at the Unwanted Gifts Shelf,<\/li>\n<li>Create jewellery from electro-waste,<\/li>\n<li>Visit the bookshop section of the stand and learn about many items related to climate or environmental issues.<\/li>\n<\/ul>\n<p>Thank you for visiting our stand in such large numbers!<\/p>\n<p><strong>Thanks to your commitment, we managed to collect as much as 1,341 kg of electro-waste, which we exchanged for plants.<\/strong><\/p>\n<p>In addition to this, we were able to create a number of sock Christmas gnomes, interesting and one-of-a-kind jewellery made from electro-gear, and the misplaced gifts rack proved to be the perfect solution for the unwanted gadgets we so often receive from other people!<\/p>\n<p><strong>We encourage you to view the photo report of the event. We hope to see you next year!<\/strong><\/p>\n<p>Photo: Mariusz Szachowski<\/p>\n<\/div><\/div><\/div><\/div><\/div><\/div><script id=\"script-row-unique-0\" data-row=\"script-row-unique-0\" type=\"text\/javascript\" class=\"vc_controls\">UNCODE.initRow(document.getElementById(\"row-unique-0\"));<\/script><\/div><\/div><\/div><div data-parent=\"true\" class=\"vc_row row-container\" id=\"row-unique-1\"><div class=\"row limit-width row-parent\"><div class=\"wpb_row row-inner\"><div class=\"wpb_column pos-top pos-center align_left column_parent col-lg-12 single-internal-gutter\"><div class=\"uncol style-light\"  ><div class=\"uncoltable\"><div class=\"uncell no-block-padding\" ><div class=\"uncont\" ><div id=\"gallery-476635\" class=\"un-media-gallery isotope-system isotope-general-light grid-general-light\">\n\t\t\t\t\t\n\t\n\t<div class=\"isotope-wrapper grid-wrapper single-gutter\" >\n\t\t\t\t\t\t\t\t\t<div class=\"isotope-container isotope-layout style-masonry\" data-type=\"masonry\" data-layout=\"masonry\" data-lg=\"1000\" data-md=\"600\" data-sm=\"480\">\n<div class=\"tmb tmb-iso-w4 tmb-iso-h4 tmb-light tmb-overlay-text-anim tmb-overlay-anim tmb-overlay-middle tmb-overlay-text-left tmb-image-anim tmb-bordered tmb-id-11640  tmb-media-first tmb-media-last tmb-content-overlay tmb-no-bg tmb-lightbox\" ><div class=\"t-inside no-anim\" ><div class=\"t-entry-visual\"><div class=\"t-entry-visual-tc\"><div class=\"t-entry-visual-cont\"><div class=\"dummy\" style=\"padding-top: 66.6%;\"><\/div><a href=\"https:\/\/interzero.pl\/wp-content\/uploads\/sites\/12\/2023\/12\/IZW_0005-1-scaled.webp\"  class=\"pushed\" data-active=\"1\" data-lbox=\"ilightbox_gallery-476635\" data-options=\"width:2560,height:1706,thumbnail: 'https:\/\/interzero.pl\/wp-content\/uploads\/sites\/12\/2023\/12\/IZW_0005-1-300x200.webp'\" data-lb-index=\"0\"><div class=\"t-entry-visual-overlay\"><div class=\"t-entry-visual-overlay-in style-dark-bg\" style=\"opacity: 0.5;\"><\/div><\/div><img decoding=\"async\" class=\"wp-image-11640\" src=\"https:\/\/interzero.pl\/wp-content\/uploads\/sites\/12\/2023\/12\/IZW_0005-1-scaled.webp\" width=\"2560\" height=\"1706\" alt=\"\" srcset=\"https:\/\/interzero.pl\/wp-content\/uploads\/sites\/12\/2023\/12\/IZW_0005-1-scaled.webp 2560w, https:\/\/interzero.pl\/wp-content\/uploads\/sites\/12\/2023\/12\/IZW_0005-1-300x200.webp 300w, https:\/\/interzero.pl\/wp-content\/uploads\/sites\/12\/2023\/12\/IZW_0005-1-1024x683.webp 1024w, https:\/\/interzero.pl\/wp-content\/uploads\/sites\/12\/2023\/12\/IZW_0005-1-768x512.webp 768w, https:\/\/interzero.pl\/wp-content\/uploads\/sites\/12\/2023\/12\/IZW_0005-1-1536x1024.webp 1536w, https:\/\/interzero.pl\/wp-content\/uploads\/sites\/12\/2023\/12\/IZW_0005-1-2048x1365.webp 2048w, https:\/\/interzero.pl\/wp-content\/uploads\/sites\/12\/2023\/12\/IZW_0005-1-350x233.webp 350w\" sizes=\"(max-width: 2560px) 100vw, 2560px\" \/><\/a><\/div>\n\t\t\t\t\t<\/div>\n\t\t\t\t<\/div><\/div><\/div><div class=\"tmb tmb-iso-w4 tmb-iso-h4 tmb-light tmb-overlay-text-anim tmb-overlay-anim tmb-overlay-middle tmb-overlay-text-left tmb-image-anim tmb-bordered tmb-id-11642  tmb-media-first tmb-media-last tmb-content-overlay tmb-no-bg tmb-lightbox\" ><div class=\"t-inside no-anim\" ><div class=\"t-entry-visual\"><div class=\"t-entry-visual-tc\"><div class=\"t-entry-visual-cont\"><div class=\"dummy\" style=\"padding-top: 66.6%;\"><\/div><a href=\"https:\/\/interzero.pl\/wp-content\/uploads\/sites\/12\/2023\/12\/IZW_0033-scaled.webp\"  class=\"pushed\" data-active=\"1\" data-lbox=\"ilightbox_gallery-476635\" data-options=\"width:2560,height:1706,thumbnail: 'https:\/\/interzero.pl\/wp-content\/uploads\/sites\/12\/2023\/12\/IZW_0033-300x200.webp'\" data-lb-index=\"1\"><div class=\"t-entry-visual-overlay\"><div class=\"t-entry-visual-overlay-in style-dark-bg\" style=\"opacity: 0.5;\"><\/div><\/div><img decoding=\"async\" class=\"wp-image-11642\" src=\"https:\/\/interzero.pl\/wp-content\/uploads\/sites\/12\/2023\/12\/IZW_0033-scaled.webp\" width=\"2560\" height=\"1706\" alt=\"targi zero waste interzero\" srcset=\"https:\/\/interzero.pl\/wp-content\/uploads\/sites\/12\/2023\/12\/IZW_0033-scaled.webp 2560w, https:\/\/interzero.pl\/wp-content\/uploads\/sites\/12\/2023\/12\/IZW_0033-300x200.webp 300w, https:\/\/interzero.pl\/wp-content\/uploads\/sites\/12\/2023\/12\/IZW_0033-1024x683.webp 1024w, https:\/\/interzero.pl\/wp-content\/uploads\/sites\/12\/2023\/12\/IZW_0033-768x512.webp 768w, https:\/\/interzero.pl\/wp-content\/uploads\/sites\/12\/2023\/12\/IZW_0033-1536x1024.webp 1536w, https:\/\/interzero.pl\/wp-content\/uploads\/sites\/12\/2023\/12\/IZW_0033-2048x1365.webp 2048w, https:\/\/interzero.pl\/wp-content\/uploads\/sites\/12\/2023\/12\/IZW_0033-350x233.webp 350w\" sizes=\"(max-width: 2560px) 100vw, 2560px\" \/><\/a><\/div>\n\t\t\t\t\t<\/div>\n\t\t\t\t<\/div><\/div><\/div><div class=\"tmb tmb-iso-w4 tmb-iso-h4 tmb-light tmb-overlay-text-anim tmb-overlay-anim tmb-overlay-middle tmb-overlay-text-left tmb-image-anim tmb-bordered tmb-id-11644  tmb-media-first tmb-media-last tmb-content-overlay tmb-no-bg tmb-lightbox\" ><div class=\"t-inside no-anim\" ><div class=\"t-entry-visual\"><div class=\"t-entry-visual-tc\"><div class=\"t-entry-visual-cont\"><div class=\"dummy\" style=\"padding-top: 66.6%;\"><\/div><a href=\"https:\/\/interzero.pl\/wp-content\/uploads\/sites\/12\/2023\/12\/IZW_0069-scaled.webp\"  class=\"pushed\" data-active=\"1\" data-lbox=\"ilightbox_gallery-476635\" data-options=\"width:2560,height:1706,thumbnail: 'https:\/\/interzero.pl\/wp-content\/uploads\/sites\/12\/2023\/12\/IZW_0069-300x200.webp'\" data-lb-index=\"2\"><div class=\"t-entry-visual-overlay\"><div class=\"t-entry-visual-overlay-in style-dark-bg\" style=\"opacity: 0.5;\"><\/div><\/div><img decoding=\"async\" class=\"wp-image-11644\" src=\"https:\/\/interzero.pl\/wp-content\/uploads\/sites\/12\/2023\/12\/IZW_0069-scaled.webp\" width=\"2560\" height=\"1706\" alt=\"targi zero waste interzero\" srcset=\"https:\/\/interzero.pl\/wp-content\/uploads\/sites\/12\/2023\/12\/IZW_0069-scaled.webp 2560w, https:\/\/interzero.pl\/wp-content\/uploads\/sites\/12\/2023\/12\/IZW_0069-300x200.webp 300w, https:\/\/interzero.pl\/wp-content\/uploads\/sites\/12\/2023\/12\/IZW_0069-1024x683.webp 1024w, https:\/\/interzero.pl\/wp-content\/uploads\/sites\/12\/2023\/12\/IZW_0069-768x512.webp 768w, https:\/\/interzero.pl\/wp-content\/uploads\/sites\/12\/2023\/12\/IZW_0069-1536x1024.webp 1536w, https:\/\/interzero.pl\/wp-content\/uploads\/sites\/12\/2023\/12\/IZW_0069-2048x1365.webp 2048w, https:\/\/interzero.pl\/wp-content\/uploads\/sites\/12\/2023\/12\/IZW_0069-350x233.webp 350w\" sizes=\"(max-width: 2560px) 100vw, 2560px\" \/><\/a><\/div>\n\t\t\t\t\t<\/div>\n\t\t\t\t<\/div><\/div><\/div><div class=\"tmb tmb-iso-w4 tmb-iso-h4 tmb-light tmb-overlay-text-anim tmb-overlay-anim tmb-overlay-middle tmb-overlay-text-left tmb-image-anim tmb-bordered tmb-id-11646  tmb-media-first tmb-media-last tmb-content-overlay tmb-no-bg tmb-lightbox\" ><div class=\"t-inside no-anim\" ><div class=\"t-entry-visual\"><div class=\"t-entry-visual-tc\"><div class=\"t-entry-visual-cont\"><div class=\"dummy\" style=\"padding-top: 66.6%;\"><\/div><a href=\"https:\/\/interzero.pl\/wp-content\/uploads\/sites\/12\/2023\/12\/IZW_0128-scaled.webp\"  class=\"pushed\" data-active=\"1\" data-lbox=\"ilightbox_gallery-476635\" data-options=\"width:2560,height:1706,thumbnail: 'https:\/\/interzero.pl\/wp-content\/uploads\/sites\/12\/2023\/12\/IZW_0128-300x200.webp'\" data-lb-index=\"3\"><div class=\"t-entry-visual-overlay\"><div class=\"t-entry-visual-overlay-in style-dark-bg\" style=\"opacity: 0.5;\"><\/div><\/div><img decoding=\"async\" class=\"wp-image-11646\" src=\"https:\/\/interzero.pl\/wp-content\/uploads\/sites\/12\/2023\/12\/IZW_0128-scaled.webp\" width=\"2560\" height=\"1706\" alt=\"targi zero waste interzero\" srcset=\"https:\/\/interzero.pl\/wp-content\/uploads\/sites\/12\/2023\/12\/IZW_0128-scaled.webp 2560w, https:\/\/interzero.pl\/wp-content\/uploads\/sites\/12\/2023\/12\/IZW_0128-300x200.webp 300w, https:\/\/interzero.pl\/wp-content\/uploads\/sites\/12\/2023\/12\/IZW_0128-1024x683.webp 1024w, https:\/\/interzero.pl\/wp-content\/uploads\/sites\/12\/2023\/12\/IZW_0128-768x512.webp 768w, https:\/\/interzero.pl\/wp-content\/uploads\/sites\/12\/2023\/12\/IZW_0128-1536x1024.webp 1536w, https:\/\/interzero.pl\/wp-content\/uploads\/sites\/12\/2023\/12\/IZW_0128-2048x1365.webp 2048w, https:\/\/interzero.pl\/wp-content\/uploads\/sites\/12\/2023\/12\/IZW_0128-350x233.webp 350w\" sizes=\"(max-width: 2560px) 100vw, 2560px\" \/><\/a><\/div>\n\t\t\t\t\t<\/div>\n\t\t\t\t<\/div><\/div><\/div><div class=\"tmb tmb-iso-w4 tmb-iso-h4 tmb-light tmb-overlay-text-anim tmb-overlay-anim tmb-overlay-middle tmb-overlay-text-left tmb-image-anim tmb-bordered tmb-id-11648  tmb-media-first tmb-media-last tmb-content-overlay tmb-no-bg tmb-lightbox\" ><div class=\"t-inside no-anim\" ><div class=\"t-entry-visual\"><div class=\"t-entry-visual-tc\"><div class=\"t-entry-visual-cont\"><div class=\"dummy\" style=\"padding-top: 66.6%;\"><\/div><a href=\"https:\/\/interzero.pl\/wp-content\/uploads\/sites\/12\/2023\/12\/IZW_0176-scaled.webp\"  class=\"pushed\" data-active=\"1\" data-lbox=\"ilightbox_gallery-476635\" data-options=\"width:2560,height:1706,thumbnail: 'https:\/\/interzero.pl\/wp-content\/uploads\/sites\/12\/2023\/12\/IZW_0176-300x200.webp'\" data-lb-index=\"4\"><div class=\"t-entry-visual-overlay\"><div class=\"t-entry-visual-overlay-in style-dark-bg\" style=\"opacity: 0.5;\"><\/div><\/div><img decoding=\"async\" class=\"wp-image-11648\" src=\"https:\/\/interzero.pl\/wp-content\/uploads\/sites\/12\/2023\/12\/IZW_0176-scaled.webp\" width=\"2560\" height=\"1706\" alt=\"targi zero waste interzero\" srcset=\"https:\/\/interzero.pl\/wp-content\/uploads\/sites\/12\/2023\/12\/IZW_0176-scaled.webp 2560w, https:\/\/interzero.pl\/wp-content\/uploads\/sites\/12\/2023\/12\/IZW_0176-300x200.webp 300w, https:\/\/interzero.pl\/wp-content\/uploads\/sites\/12\/2023\/12\/IZW_0176-1024x683.webp 1024w, https:\/\/interzero.pl\/wp-content\/uploads\/sites\/12\/2023\/12\/IZW_0176-768x512.webp 768w, https:\/\/interzero.pl\/wp-content\/uploads\/sites\/12\/2023\/12\/IZW_0176-1536x1024.webp 1536w, https:\/\/interzero.pl\/wp-content\/uploads\/sites\/12\/2023\/12\/IZW_0176-2048x1365.webp 2048w, https:\/\/interzero.pl\/wp-content\/uploads\/sites\/12\/2023\/12\/IZW_0176-350x233.webp 350w\" sizes=\"(max-width: 2560px) 100vw, 2560px\" \/><\/a><\/div>\n\t\t\t\t\t<\/div>\n\t\t\t\t<\/div><\/div><\/div><div class=\"tmb tmb-iso-w4 tmb-iso-h4 tmb-light tmb-overlay-text-anim tmb-overlay-anim tmb-overlay-middle tmb-overlay-text-left tmb-image-anim tmb-bordered tmb-id-11650  tmb-media-first tmb-media-last tmb-content-overlay tmb-no-bg tmb-lightbox\" ><div class=\"t-inside no-anim\" ><div class=\"t-entry-visual\"><div class=\"t-entry-visual-tc\"><div class=\"t-entry-visual-cont\"><div class=\"dummy\" style=\"padding-top: 66.6%;\"><\/div><a href=\"https:\/\/interzero.pl\/wp-content\/uploads\/sites\/12\/2023\/12\/IZW_0209-scaled.webp\"  class=\"pushed\" data-active=\"1\" data-lbox=\"ilightbox_gallery-476635\" data-options=\"width:2560,height:1706,thumbnail: 'https:\/\/interzero.pl\/wp-content\/uploads\/sites\/12\/2023\/12\/IZW_0209-300x200.webp'\" data-lb-index=\"5\"><div class=\"t-entry-visual-overlay\"><div class=\"t-entry-visual-overlay-in style-dark-bg\" style=\"opacity: 0.5;\"><\/div><\/div><img decoding=\"async\" class=\"wp-image-11650\" src=\"https:\/\/interzero.pl\/wp-content\/uploads\/sites\/12\/2023\/12\/IZW_0209-scaled.webp\" width=\"2560\" height=\"1706\" alt=\"targi zero waste interzero\" srcset=\"https:\/\/interzero.pl\/wp-content\/uploads\/sites\/12\/2023\/12\/IZW_0209-scaled.webp 2560w, https:\/\/interzero.pl\/wp-content\/uploads\/sites\/12\/2023\/12\/IZW_0209-300x200.webp 300w, https:\/\/interzero.pl\/wp-content\/uploads\/sites\/12\/2023\/12\/IZW_0209-1024x683.webp 1024w, https:\/\/interzero.pl\/wp-content\/uploads\/sites\/12\/2023\/12\/IZW_0209-768x512.webp 768w, https:\/\/interzero.pl\/wp-content\/uploads\/sites\/12\/2023\/12\/IZW_0209-1536x1024.webp 1536w, https:\/\/interzero.pl\/wp-content\/uploads\/sites\/12\/2023\/12\/IZW_0209-2048x1365.webp 2048w, https:\/\/interzero.pl\/wp-content\/uploads\/sites\/12\/2023\/12\/IZW_0209-350x233.webp 350w\" sizes=\"(max-width: 2560px) 100vw, 2560px\" \/><\/a><\/div>\n\t\t\t\t\t<\/div>\n\t\t\t\t<\/div><\/div><\/div>\t\t\t<\/div>\n\t\t\t\t\t<\/div>\n\n\t\n\t\n\t\n<\/div>\n\n<\/div><\/div><\/div><\/div><\/div><script id=\"script-row-unique-1\" data-row=\"script-row-unique-1\" type=\"text\/javascript\" class=\"vc_controls\">UNCODE.initRow(document.getElementById(\"row-unique-1\"));<\/script><\/div><\/div><\/div>\n<\/div>","protected":false},"excerpt":{"rendered":"<p>The Zero Waste Fair is an annual event that attracts enthusiasts of ecology and sustainable living. It is a unique event where we can meet truly committed creators, participate in workshops to facilitate the transition to an ecological path and take part in collections of objects. Interzero was not to be missed there!<\/p>","protected":false},"author":6,"featured_media":11633,"comment_status":"closed","ping_status":"closed","sticky":false,"template":"","format":"standard","meta":{"_acf_changed":false,"inline_featured_image":false,"footnotes":""},"categories":[1,32],"tags":[],"class_list":["post-11629","post","type-post","status-publish","format-standard","has-post-thumbnail","hentry","category-bez-kategorii","category-aktualnosci"],"acf":[],"cp_meta_data":{"_wpml_media_featured":["1"],"_wpml_media_duplicate":["1"],"_edit_lock":["1702305214:6"],"_edit_last":["6"],"_uncode_specific_main_width":["a:2:{i:0;s:4:\"1200\";i:1;s:2:\"px\";}"],"_uncode_specific_menu_remove":["off"],"_uncode_specific_menu_opaque":["off"],"_uncode_specific_menu_no_shadow":["off"],"_uncode_blocks_list":["5704"],"_uncode_header_full_width":["on"],"_uncode_header_height":["a:2:{i:0;s:2:\"50\";i:1;s:1:\"%\";}"],"_uncode_header_title":["on"],"_uncode_header_title_custom":["off"],"_uncode_header_style":["dark"],"_uncode_header_content_width":["off"],"_uncode_header_custom_width":["100"],"_uncode_header_align":["left"],"_uncode_header_position":["header-center header-middle"],"_uncode_header_title_size":["h1"],"_uncode_header_title_italic":["off"],"_uncode_header_featured":["on"],"_uncode_header_background":["a:6:{s:16:\"background-color\";s:10:\"color-wayh\";s:17:\"background-repeat\";s:0:\"\";s:21:\"background-attachment\";s:0:\"\";s:19:\"background-position\";s:0:\"\";s:15:\"background-size\";s:0:\"\";s:16:\"background-image\";s:0:\"\";}"],"_uncode_header_parallax":["off"],"_uncode_header_overlay_color_alpha":["100"],"_uncode_header_scroll_opacity":["off"],"_uncode_header_scrolldown":["off"],"_uncode_specific_layout_width_custom":["a:2:{i:0;s:0:\"\";i:1;s:2:\"px\";}"],"_uncode_specific_media":["off"],"_uncode_specific_tags_align":["left"],"_uncode_sidebar_position":["sidebar_right"],"_uncode_sidebar_size":["4"],"_uncode_sidebar_sticky":["off"],"_uncode_sidebar_fill":["off"],"_uncode_specific_copy_hide":["off"],"_uncode_specific_footer_uparrow_hide":["off"],"_uncode_secondary_thumbnail_id":["0"],"_uncode_header_type":["header_uncodeblock"],"_uncode_menu_no_padding":["on"],"_uncode_menu_no_padding_mobile":["off"],"_wpb_vc_js_status":["true"],"cmplz_hide_cookiebanner":[""],"_wp_old_date":["2023-02-15"],"_uncode_fullpage_type":["curtain"],"_uncode_fullpage_opacity":["off"],"_uncode_scroll_dots":["off"],"_uncode_empty_dots":["off"],"_uncode_scroll_history":["off"],"_uncode_scroll_safe_padding":["on"],"_uncode_scroll_additional_padding":["0"],"_uncode_fullpage_mobile":["off"],"_uncode_scroll_snap":["off"],"_yoast_wpseo_content_score":["60"],"_yoast_wpseo_estimated-reading-time-minutes":["2"],"_yoast_wpseo_wordproof_timestamp":[""],"_yoast_wpseo_primary_category":[""],"_wpml_word_count":["{\"total\":267,\"to_translate\":{\"en\":77}}"],"_wpml_location_migration_done":["1"],"_wp_old_slug":["ekologiczne-opakowanie-twojego-produktu-made-for-recykling-i-pieluszki-bambiboo"],"_oembed_e412b5d5f3f9cbaf4aaff94b08065643":["{{unknown}}"],"_oembed_85cb3688a0c607d1cc50c3c364b2971f":["{{unknown}}"],"_oembed_1305493e57dec6513bbd2a3f1fb38792":["{{unknown}}"],"_yoast_wpseo_metadesc":["Targi Zero Waste to coroczne wydarzenie, kt\u00f3re przyci\u0105ga entuzjast\u00f3w ekologii i zr\u00f3wnowa\u017conego \u017cycia. Przeczytaj o aktywno\u015bci Interzero!"],"_yoast_wpseo_focuskw":["zero waste"],"_yoast_wpseo_title":["Podsumowanie Targ\u00f3w Zero Waste 2023%%sitename%%"],"_yoast_wpseo_linkdex":["74"],"_thumbnail_id":["11633"]},"yoast_head":"<!-- This site is optimized with the Yoast SEO plugin v26.4 - https:\/\/yoast.com\/wordpress\/plugins\/seo\/ -->\n<title>Podsumowanie Targ\u00f3w Zero Waste 2023Interzero Polska<\/title>\n<meta name=\"description\" content=\"Targi Zero Waste to coroczne wydarzenie, kt\u00f3re przyci\u0105ga entuzjast\u00f3w ekologii i zr\u00f3wnowa\u017conego \u017cycia. Przeczytaj o aktywno\u015bci Interzero!\" \/>\n<meta name=\"robots\" content=\"index, follow, max-snippet:-1, max-image-preview:large, max-video-preview:-1\" \/>\n<link rel=\"canonical\" href=\"https:\/\/interzero.pl\/en\/blog\/podsumowanie-targow-zero-waste-2023\/\" \/>\n<meta property=\"og:locale\" content=\"en_GB\" \/>\n<meta property=\"og:type\" content=\"article\" \/>\n<meta property=\"og:title\" content=\"Podsumowanie Targ\u00f3w Zero Waste 2023Interzero Polska\" \/>\n<meta property=\"og:description\" content=\"Targi Zero Waste to coroczne wydarzenie, kt\u00f3re przyci\u0105ga entuzjast\u00f3w ekologii i zr\u00f3wnowa\u017conego \u017cycia. Przeczytaj o aktywno\u015bci Interzero!\" \/>\n<meta property=\"og:url\" content=\"https:\/\/interzero.pl\/en\/blog\/podsumowanie-targow-zero-waste-2023\/\" \/>\n<meta property=\"og:site_name\" content=\"Interzero Polska\" \/>\n<meta property=\"article:publisher\" content=\"https:\/\/www.facebook.com\/InterzeroPolska\" \/>\n<meta property=\"article:author\" content=\"Wiertnicza 165\" \/>\n<meta property=\"article:published_time\" content=\"2023-12-11T10:03:47+00:00\" \/>\n<meta property=\"article:modified_time\" content=\"2023-12-11T14:33:24+00:00\" \/>\n<meta property=\"og:image\" content=\"https:\/\/interzero.pl\/wp-content\/uploads\/sites\/12\/2023\/12\/targi-zero-waste-1024x691.png\" \/>\n\t<meta property=\"og:image:width\" content=\"1024\" \/>\n\t<meta property=\"og:image:height\" content=\"691\" \/>\n\t<meta property=\"og:image:type\" content=\"image\/png\" \/>\n<meta name=\"author\" content=\"Alicja Bre\u015b\" \/>\n<meta name=\"twitter:card\" content=\"summary_large_image\" \/>\n<meta name=\"twitter:label1\" content=\"Written by\" \/>\n\t<meta name=\"twitter:data1\" content=\"Alicja Bre\u015b\" \/>\n\t<meta name=\"twitter:label2\" content=\"Estimated reading time\" \/>\n\t<meta name=\"twitter:data2\" content=\"2 minutes\" \/>\n<script type=\"application\/ld+json\" class=\"yoast-schema-graph\">{\"@context\":\"https:\/\/schema.org\",\"@graph\":[{\"@type\":\"Article\",\"@id\":\"https:\/\/interzero.pl\/blog\/podsumowanie-targow-zero-waste-2023\/#article\",\"isPartOf\":{\"@id\":\"https:\/\/interzero.pl\/blog\/podsumowanie-targow-zero-waste-2023\/\"},\"author\":{\"name\":\"Alicja Bre\u015b\",\"@id\":\"https:\/\/interzero.pl\/#\/schema\/person\/bee6346cf79614311a93e78b72b564ef\"},\"headline\":\"Podsumowanie Targ\u00f3w Zero Waste 2023\",\"datePublished\":\"2023-12-11T10:03:47+00:00\",\"dateModified\":\"2023-12-11T14:33:24+00:00\",\"mainEntityOfPage\":{\"@id\":\"https:\/\/interzero.pl\/blog\/podsumowanie-targow-zero-waste-2023\/\"},\"wordCount\":315,\"publisher\":{\"@id\":\"https:\/\/interzero.pl\/#organization\"},\"image\":{\"@id\":\"https:\/\/interzero.pl\/blog\/podsumowanie-targow-zero-waste-2023\/#primaryimage\"},\"thumbnailUrl\":\"https:\/\/interzero.pl\/wp-content\/uploads\/sites\/12\/2023\/12\/targi-zero-waste.png\",\"articleSection\":[\"Bez kategorii\",\"Aktualno\u015bci\"],\"inLanguage\":\"en-GB\"},{\"@type\":\"WebPage\",\"@id\":\"https:\/\/interzero.pl\/blog\/podsumowanie-targow-zero-waste-2023\/\",\"url\":\"https:\/\/interzero.pl\/blog\/podsumowanie-targow-zero-waste-2023\/\",\"name\":\"Podsumowanie Targ\u00f3w Zero Waste 2023Interzero Polska\",\"isPartOf\":{\"@id\":\"https:\/\/interzero.pl\/#website\"},\"primaryImageOfPage\":{\"@id\":\"https:\/\/interzero.pl\/blog\/podsumowanie-targow-zero-waste-2023\/#primaryimage\"},\"image\":{\"@id\":\"https:\/\/interzero.pl\/blog\/podsumowanie-targow-zero-waste-2023\/#primaryimage\"},\"thumbnailUrl\":\"https:\/\/interzero.pl\/wp-content\/uploads\/sites\/12\/2023\/12\/targi-zero-waste.png\",\"datePublished\":\"2023-12-11T10:03:47+00:00\",\"dateModified\":\"2023-12-11T14:33:24+00:00\",\"description\":\"Targi Zero Waste to coroczne wydarzenie, kt\u00f3re przyci\u0105ga entuzjast\u00f3w ekologii i zr\u00f3wnowa\u017conego \u017cycia. Przeczytaj o aktywno\u015bci Interzero!\",\"breadcrumb\":{\"@id\":\"https:\/\/interzero.pl\/blog\/podsumowanie-targow-zero-waste-2023\/#breadcrumb\"},\"inLanguage\":\"en-GB\",\"potentialAction\":[{\"@type\":\"ReadAction\",\"target\":[\"https:\/\/interzero.pl\/blog\/podsumowanie-targow-zero-waste-2023\/\"]}]},{\"@type\":\"ImageObject\",\"inLanguage\":\"en-GB\",\"@id\":\"https:\/\/interzero.pl\/blog\/podsumowanie-targow-zero-waste-2023\/#primaryimage\",\"url\":\"https:\/\/interzero.pl\/wp-content\/uploads\/sites\/12\/2023\/12\/targi-zero-waste.png\",\"contentUrl\":\"https:\/\/interzero.pl\/wp-content\/uploads\/sites\/12\/2023\/12\/targi-zero-waste.png\",\"width\":1600,\"height\":1080,\"caption\":\"interzero na targach zero waste\"},{\"@type\":\"BreadcrumbList\",\"@id\":\"https:\/\/interzero.pl\/blog\/podsumowanie-targow-zero-waste-2023\/#breadcrumb\",\"itemListElement\":[{\"@type\":\"ListItem\",\"position\":1,\"name\":\"Home\",\"item\":\"https:\/\/interzero.pl\/\"},{\"@type\":\"ListItem\",\"position\":2,\"name\":\"Podsumowanie Targ\u00f3w Zero Waste 2023\"}]},{\"@type\":\"WebSite\",\"@id\":\"https:\/\/interzero.pl\/#website\",\"url\":\"https:\/\/interzero.pl\/\",\"name\":\"Interzero Polska | Rozwi\u0105zania dla \u015bwiata bez odpad\u00f3w\",\"description\":\"Dostarczamy innowacyjne i kompleksowe rozwi\u0105zania  w zakresie ochrony \u015brodowiska.\",\"publisher\":{\"@id\":\"https:\/\/interzero.pl\/#organization\"},\"potentialAction\":[{\"@type\":\"SearchAction\",\"target\":{\"@type\":\"EntryPoint\",\"urlTemplate\":\"https:\/\/interzero.pl\/?s={search_term_string}\"},\"query-input\":{\"@type\":\"PropertyValueSpecification\",\"valueRequired\":true,\"valueName\":\"search_term_string\"}}],\"inLanguage\":\"en-GB\"},{\"@type\":\"Organization\",\"@id\":\"https:\/\/interzero.pl\/#organization\",\"name\":\"Interzero Polska\",\"url\":\"https:\/\/interzero.pl\/\",\"logo\":{\"@type\":\"ImageObject\",\"inLanguage\":\"en-GB\",\"@id\":\"https:\/\/interzero.pl\/#\/schema\/logo\/image\/\",\"url\":\"https:\/\/interzero.pl\/wp-content\/uploads\/sites\/12\/2024\/07\/Interzero.png\",\"contentUrl\":\"https:\/\/interzero.pl\/wp-content\/uploads\/sites\/12\/2024\/07\/Interzero.png\",\"width\":1920,\"height\":1080,\"caption\":\"Interzero Polska\"},\"image\":{\"@id\":\"https:\/\/interzero.pl\/#\/schema\/logo\/image\/\"},\"sameAs\":[\"https:\/\/www.facebook.com\/InterzeroPolska\",\"https:\/\/www.linkedin.com\/company\/interzero-zero-waste-solutions\/\"]},{\"@type\":\"Person\",\"@id\":\"https:\/\/interzero.pl\/#\/schema\/person\/bee6346cf79614311a93e78b72b564ef\",\"name\":\"Alicja Bre\u015b\",\"sameAs\":[\"Wiertnicza 165\"]}]}<\/script>\n<!-- \/ Yoast SEO plugin. -->","yoast_head_json":{"title":"Summary of the Zero Waste 2023 fairInterzero Poland","description":"The Zero Waste Fair is an annual event that attracts enthusiasts of ecology and sustainable living. Read about Interzero's activities!","robots":{"index":"index","follow":"follow","max-snippet":"max-snippet:-1","max-image-preview":"max-image-preview:large","max-video-preview":"max-video-preview:-1"},"canonical":"https:\/\/interzero.pl\/en\/blog\/podsumowanie-targow-zero-waste-2023\/","og_locale":"en_GB","og_type":"article","og_title":"Podsumowanie Targ\u00f3w Zero Waste 2023Interzero Polska","og_description":"Targi Zero Waste to coroczne wydarzenie, kt\u00f3re przyci\u0105ga entuzjast\u00f3w ekologii i zr\u00f3wnowa\u017conego \u017cycia. Przeczytaj o aktywno\u015bci Interzero!","og_url":"https:\/\/interzero.pl\/en\/blog\/podsumowanie-targow-zero-waste-2023\/","og_site_name":"Interzero Polska","article_publisher":"https:\/\/www.facebook.com\/InterzeroPolska","article_author":"Wiertnicza 165","article_published_time":"2023-12-11T10:03:47+00:00","article_modified_time":"2023-12-11T14:33:24+00:00","og_image":[{"width":1024,"height":691,"url":"https:\/\/interzero.pl\/wp-content\/uploads\/sites\/12\/2023\/12\/targi-zero-waste-1024x691.png","type":"image\/png"}],"author":"Alicja Bre\u015b","twitter_card":"summary_large_image","twitter_misc":{"Written by":"Alicja Bre\u015b","Estimated reading time":"2 minutes"},"schema":{"@context":"https:\/\/schema.org","@graph":[{"@type":"Article","@id":"https:\/\/interzero.pl\/blog\/podsumowanie-targow-zero-waste-2023\/#article","isPartOf":{"@id":"https:\/\/interzero.pl\/blog\/podsumowanie-targow-zero-waste-2023\/"},"author":{"name":"Alicja Bre\u015b","@id":"https:\/\/interzero.pl\/#\/schema\/person\/bee6346cf79614311a93e78b72b564ef"},"headline":"Podsumowanie Targ\u00f3w Zero Waste 2023","datePublished":"2023-12-11T10:03:47+00:00","dateModified":"2023-12-11T14:33:24+00:00","mainEntityOfPage":{"@id":"https:\/\/interzero.pl\/blog\/podsumowanie-targow-zero-waste-2023\/"},"wordCount":315,"publisher":{"@id":"https:\/\/interzero.pl\/#organization"},"image":{"@id":"https:\/\/interzero.pl\/blog\/podsumowanie-targow-zero-waste-2023\/#primaryimage"},"thumbnailUrl":"https:\/\/interzero.pl\/wp-content\/uploads\/sites\/12\/2023\/12\/targi-zero-waste.png","articleSection":["Bez kategorii","Aktualno\u015bci"],"inLanguage":"en-GB"},{"@type":"WebPage","@id":"https:\/\/interzero.pl\/blog\/podsumowanie-targow-zero-waste-2023\/","url":"https:\/\/interzero.pl\/blog\/podsumowanie-targow-zero-waste-2023\/","name":"Summary of the Zero Waste 2023 fairInterzero Poland","isPartOf":{"@id":"https:\/\/interzero.pl\/#website"},"primaryImageOfPage":{"@id":"https:\/\/interzero.pl\/blog\/podsumowanie-targow-zero-waste-2023\/#primaryimage"},"image":{"@id":"https:\/\/interzero.pl\/blog\/podsumowanie-targow-zero-waste-2023\/#primaryimage"},"thumbnailUrl":"https:\/\/interzero.pl\/wp-content\/uploads\/sites\/12\/2023\/12\/targi-zero-waste.png","datePublished":"2023-12-11T10:03:47+00:00","dateModified":"2023-12-11T14:33:24+00:00","description":"The Zero Waste Fair is an annual event that attracts enthusiasts of ecology and sustainable living. Read about Interzero's activities!","breadcrumb":{"@id":"https:\/\/interzero.pl\/blog\/podsumowanie-targow-zero-waste-2023\/#breadcrumb"},"inLanguage":"en-GB","potentialAction":[{"@type":"ReadAction","target":["https:\/\/interzero.pl\/blog\/podsumowanie-targow-zero-waste-2023\/"]}]},{"@type":"ImageObject","inLanguage":"en-GB","@id":"https:\/\/interzero.pl\/blog\/podsumowanie-targow-zero-waste-2023\/#primaryimage","url":"https:\/\/interzero.pl\/wp-content\/uploads\/sites\/12\/2023\/12\/targi-zero-waste.png","contentUrl":"https:\/\/interzero.pl\/wp-content\/uploads\/sites\/12\/2023\/12\/targi-zero-waste.png","width":1600,"height":1080,"caption":"interzero na targach zero waste"},{"@type":"BreadcrumbList","@id":"https:\/\/interzero.pl\/blog\/podsumowanie-targow-zero-waste-2023\/#breadcrumb","itemListElement":[{"@type":"ListItem","position":1,"name":"Home","item":"https:\/\/interzero.pl\/"},{"@type":"ListItem","position":2,"name":"Podsumowanie Targ\u00f3w Zero Waste 2023"}]},{"@type":"WebSite","@id":"https:\/\/interzero.pl\/#website","url":"https:\/\/interzero.pl\/","name":"Interzero Polska | Solutions for a world without waste","description":"We provide innovative and comprehensive environmental solutions.","publisher":{"@id":"https:\/\/interzero.pl\/#organization"},"potentialAction":[{"@type":"SearchAction","target":{"@type":"EntryPoint","urlTemplate":"https:\/\/interzero.pl\/?s={search_term_string}"},"query-input":{"@type":"PropertyValueSpecification","valueRequired":true,"valueName":"search_term_string"}}],"inLanguage":"en-GB"},{"@type":"Organization","@id":"https:\/\/interzero.pl\/#organization","name":"Interzero Poland","url":"https:\/\/interzero.pl\/","logo":{"@type":"ImageObject","inLanguage":"en-GB","@id":"https:\/\/interzero.pl\/#\/schema\/logo\/image\/","url":"https:\/\/interzero.pl\/wp-content\/uploads\/sites\/12\/2024\/07\/Interzero.png","contentUrl":"https:\/\/interzero.pl\/wp-content\/uploads\/sites\/12\/2024\/07\/Interzero.png","width":1920,"height":1080,"caption":"Interzero Polska"},"image":{"@id":"https:\/\/interzero.pl\/#\/schema\/logo\/image\/"},"sameAs":["https:\/\/www.facebook.com\/InterzeroPolska","https:\/\/www.linkedin.com\/company\/interzero-zero-waste-solutions\/"]},{"@type":"Person","@id":"https:\/\/interzero.pl\/#\/schema\/person\/bee6346cf79614311a93e78b72b564ef","name":"Alicja Bre\u015b","sameAs":["Wiertnicza 165"]}]}},"_links":{"self":[{"href":"https:\/\/interzero.pl\/en\/wp-json\/wp\/v2\/posts\/11629","targetHints":{"allow":["GET"]}}],"collection":[{"href":"https:\/\/interzero.pl\/en\/wp-json\/wp\/v2\/posts"}],"about":[{"href":"https:\/\/interzero.pl\/en\/wp-json\/wp\/v2\/types\/post"}],"author":[{"embeddable":true,"href":"https:\/\/interzero.pl\/en\/wp-json\/wp\/v2\/users\/6"}],"replies":[{"embeddable":true,"href":"https:\/\/interzero.pl\/en\/wp-json\/wp\/v2\/comments?post=11629"}],"version-history":[{"count":5,"href":"https:\/\/interzero.pl\/en\/wp-json\/wp\/v2\/posts\/11629\/revisions"}],"predecessor-version":[{"id":11658,"href":"https:\/\/interzero.pl\/en\/wp-json\/wp\/v2\/posts\/11629\/revisions\/11658"}],"wp:featuredmedia":[{"embeddable":true,"href":"https:\/\/interzero.pl\/en\/wp-json\/wp\/v2\/media\/11633"}],"wp:attachment":[{"href":"https:\/\/interzero.pl\/en\/wp-json\/wp\/v2\/media?parent=11629"}],"wp:term":[{"taxonomy":"category","embeddable":true,"href":"https:\/\/interzero.pl\/en\/wp-json\/wp\/v2\/categories?post=11629"},{"taxonomy":"post_tag","embeddable":true,"href":"https:\/\/interzero.pl\/en\/wp-json\/wp\/v2\/tags?post=11629"}],"curies":[{"name":"wp","href":"https:\/\/api.w.org\/{rel}","templated":true}]}}